{"id":4924,"date":"2021-02-06T05:54:18","date_gmt":"2021-02-06T05:54:18","guid":{"rendered":"https:\/\/curierulsatelor.ro\/wp\/?p=4924"},"modified":"2021-02-06T05:54:18","modified_gmt":"2021-02-06T05:54:18","slug":"silegeanu-de-ce-dureaza-10-ani-sa-faci-un-spital-de-tampiti-si-de-incompetenti-ce-sunt-cei-pusi-in-fruntea-tarii","status":"publish","type":"post","link":"https:\/\/curierulsatelor.ro\/wp\/2021\/02\/06\/silegeanu-de-ce-dureaza-10-ani-sa-faci-un-spital-de-tampiti-si-de-incompetenti-ce-sunt-cei-pusi-in-fruntea-tarii\/","title":{"rendered":"Silegeanu: De ce dureaz\u0103 10 ani sa faci un spital &#8230;De t\u00e2mpi\u021bi \u0219i de incompeten\u021bi ce sunt cei pu\u0219i \u00een fruntea \u021b\u0103rii!"},"content":{"rendered":"\n<p>Se pare c\u0103 nu avem nicio \u0219ans\u0103 oric\u00e2t de mic\u0103, de a vedea Romania c\u0103 se \u00eendreapt\u0103 spre drumul dezvolt\u0103rii a\u0219a cum multe state membre ale Uniunii Europene au \u00eenceput s\u0103 mearg\u0103 de foarte mult timp. Un drum al respectului fa\u021b\u0103 de cet\u0103\u021beni \u0219i fa\u021b\u0103 de siguran\u021b\u0103 acestora \u00een propria lor \u021bar\u0103.Romania a ajuns \u00een anul 2021, un an cu o criz\u0103 sanitar\u0103 \u00a0acut\u0103 profund afectat\u0103 de pandemie. \u00cen anul 2021 avem acuza\u021bii de achizi\u021bionare de m\u0103\u0219ti neconforme date spitalelor, m\u0103\u0219ti neconforme v\u00e2ndute rom\u00e2nilor pentru protejare \u00eempotriva virusului, dar aten\u021bie Nerecomandate a fi purtate,dar obligativitatea pe care a impus-o autorit\u0103\u021bile \u0219i nerespectarea purt\u0103rii acestora,duce la sanc\u021biuni grave.Am inceput anul cu un episod urat din serialul &#8222;Cum sa arzi in spital&#8221;\u0219i episodul &#8222;durerii \u00een fund &#8221; a \u00a0pre\u0219edintelui care a plecat la schi sau cum e sa prime\u0219ti 5000 Ron desp\u0103gubiri pentru c\u0103 \u021bi-a ars ruda \u00een spital din cauza frigului(dup\u0103 ce a pl\u0103tit o via\u021b\u0103 contribu\u021bii la stat) sau a numai \u0219tiu ce posibilit\u0103\u021bi inventate pentru a r\u0103spunde sau Nu, incompeten\u021bii din fruntea \u021b\u0103rii sub sloganul &#8222;c\u00e2nd \u00ee\u021bi ard rudele in spital, coali\u021bia de guvernare se \u00eent\u0103re\u0219te&#8221;!Ieri a c\u0103zut c\u0103 un tr\u0103snet &#8222;plimbarea spitalelor de la sect 1 la Prim\u0103ria General\u0103 Bucure\u0219ti&#8221;!Ceva de genul \u021bi le dau \u021bie c\u0103 mie nu \u00eemi trebuiesc c\u0103 au datorii sau nu \u00eemi pas\u0103.A\u0219a ceva nu cred c\u0103 \u00a0mai exist\u0103 pe planeta Pamant.Unul dintre cei mai importan\u021bi piloni ai unui stat este S\u0103n\u0103tatea \u0219i investi\u021biile \u00een modernizarea \u0219i implementarea unor m\u0103suri logistice care s\u0103 poat\u0103 fi puse imediat \u00een practic\u0103 \u00een cazul unei catastrofe.In sectorul 1Bucuresti se afla unele dintre cele mai mari spitale dar \u0219i foarte importante din Romania.G\u00e2ndi\u021bi-v\u0103 la situa\u021bia aceasta: \u00een \u00a0Bucure\u0219ti la ora actual\u0103 se afla cele mai multe cl\u0103diri din \u021bar\u0103 cu grad seismic foarte ridicat. Adic\u0103 la \u00a0un cutremur de 6 grade..se fac una cu p\u0103m\u00e2ntul. Ce ne facem noi cei din restul \u021b\u0103rii care am fost \u021binu\u021bi dup\u0103 copaci de to\u021bi parlamentarii \u0219i de to\u021bi guvernan\u021bii \u0219i care nu au alocat fonduri pentru dezvoltarea Moldovei .(guvernan\u021bi, deputa\u021bi,senatori pleca\u021bi din jude\u021b). F\u0103r\u0103 infrastructura, f\u0103r\u0103 spitale(cele \u00eenchise de guvernul Boc -Basescu), f\u0103r\u0103 spitale noi cu specialit\u0103\u021bi noi care s\u0103 nu mai poarte pacien\u021bii pe la Cluj, T\u00e2rgu Mure\u0219 ,Bucure\u0219ti, Ia\u0219i .Ganditi-va c\u0103 cele mai mari spitale pentru copii, ar\u0219i, chirurgie oro-maxio\/faciala sunt la 600km..km de str\u0103zi \u0219i drumuri care nu sunt de mare vitez\u0103&#8230;Iar toate fondurile care sau alocat doar \u00eentr-o singur\u0103 zona c\u0103 fiind prioritar\u0103, \u00een spe\u021b\u0103 Bucuresti capital\u0103&#8230;nu \u00ee\u0219i permite s\u0103 \u00eenc\u0103lzeasc\u0103 saloanele, iau foc,str\u0103zile sunt c\u0103 ni\u0219te parc\u0103ri,urbanismul este praf &#8230;.aglomera\u021bie \u0219i blocaje \u00een trafic, str\u0103zi \u00eenguste cu gropi cat casa c\u00e2nd se sparg conductele de ap\u0103 cald\u0103..cl\u0103diri care stau sa \u00ee\u021bi cada \u00een cap la un v\u00e2nt mai.puternic&#8230;.trebuie s\u0103 se duc\u0103 cet\u0103\u021benii c\u0103 s\u0103 li se acorde primul ajutor \u0219i o \u0219ans\u0103 la viata in caz de o catastrofa ..va fi stare de Apocalips\u0103 &#8230;De ce trebuie s\u0103 depindem noi c\u0103 \u0219i judet de al\u021bii? De ce nu avem voie sa ne facem spital cu sec\u021bie pentru ar\u0219i , de ce nu avem spital pentru copii, de ce trebuie mereu sa fie plimba\u021bi \u0219i s\u0103 din pu\u0219i la u\u0219ile altora s\u0103 a\u0219tept\u0103m de parc\u0103 am fi cet\u0103\u021beni din lumea a treia f\u0103r\u0103 drepturi&#8230;culmea la tine \u00een tara ,pl\u0103titor de taxe \u0219i impozite&#8230;(\u0219i refugia\u021bii au mai mult respect din partea autorit\u0103\u021bilor statului rom\u00e2n)De ce trebuie noi c\u0103 judet sa a\u0219tept\u0103m s\u0103 se scarpine nu \u0219tiu ce ministru sau parlamentar care \u00eent\u00e2i vrea sa \u00ee\u0219i a\u0219eze niste interese cu autorit\u0103\u021bile locale c\u0103 cet\u0103\u021benii s\u0103 aib\u0103 parte de tratament corect ,calitativ \u0219i respect din partea autorit\u0103\u021bilor care ai fost puse prin vot \u0219i nu prin tragere la sor\u021b.Ganditi-v\u0103 bine c\u00e2nd citi\u021bi aceste r\u00e2nduri c\u0103 va veni o situa\u021bie \u00een care politicienii \u0219i \u0219mecherii vor da bir cu fugi\u021bii \u0219i am\u0103r\u00e2\u021bii vor suporta toat\u0103 mizeria ,incompetenta \u0219i r\u0103utatea acestor Nenoroci\u021bi care fug de responsabilit\u0103\u021bi \u00a0\u0219i pup\u0103 cizma partidului, iar noi cet\u0103\u021benii o s\u0103 c\u0103ut\u0103m pe YouTube cum sa coasem o rana, cum s\u0103 dezinfectam, cum sa improvizam un garou &#8230;c\u0103 avem mari \u0219anse \u00a0s\u0103 pl\u0103tim c\u0103 la \u00eenceputul pandemiei c\u00e2nd au \u00eenchis drumurile,c\u00e2nd au cerut declara\u021bii scrise \u0219i doctorii, asistentele sau \u00eenchis \u00een case sau au cerut pensionarea \u00a0rapida c\u0103 sa nu se \u00eemboln\u0103veasc\u0103 sau c\u0103 sa nu fie tra\u0219i la raspundere).Responsabilii se ascund c\u0103 pot\u00e2rnichile \u0219i cet\u0103\u021benii \/omul sarac \u0219i vai de capul lui \u00a0este amendat c\u0103 nu poart\u0103 masca neconforma adusa de \u0219mecherii statului \u0219i v\u00e2ndut\u0103 la pre\u021bul exorbitante&#8230;De ce Rom\u00e2nia are datorii de sute de milioane clinicilor \u0219i spitalelor din Austria ,Germania ,Italia &#8230;pentru tratamente ..Tratamente f\u0103cute de doctori rom\u00e2ni, niste adev\u0103ra\u021bi titani ai medicinei rom\u00e2ne\u0219ti fug\u0103ri\u021bi de jegul, mizeria \u0219i incompetenta tuturor celor pu\u0219i de partide sa managerieze spitalele&#8230;De ce at\u00e2ta b\u0103taie de joc \u0219i \u00eenjosire a cet\u0103\u021beanului rom\u00e2n &#8230;.mai ales din regiunea \u00a0Moldovei &#8230;P\u00e2n\u0103 c\u00e2nd ave\u021bi de g\u00e2nd s\u0103 v\u0103 mai bate\u021bi joc de noi? Autorit\u0103\u021bile s\u0103 se g\u00e2ndeasc\u0103 foarte bine c\u00e2nd mai pun in fruntea spitalelor manageri fara preg\u0103tire \u0219i experien\u021ba. In spitale nu \u00a0e t\u00e2rg de haine &#8230;.c\u0103 sa \u0219tii s\u0103 faci achizi\u021bii corecte \u0219i de calitate \u00ee\u021bi trebuie experien\u021b\u0103 \u0219i preg\u0103tire profesional\u0103 \u00een domeniu \u0219i nu experien\u021ba la adus cafeaua \u0219efului de partid &#8230;.<\/p>\n","protected":false},"excerpt":{"rendered":"<p>Se pare c\u0103 nu avem nicio \u0219ans\u0103 oric\u00e2t de mic\u0103, de a vedea Romania c\u0103&#8230;<\/p>\n","protected":false},"author":1,"featured_media":4925,"comment_status":"open","ping_status":"open","sticky":false,"template":"","format":"standard","meta":{"footnotes":""},"categories":[8,12],"tags":[],"class_list":["post-4924","post","type-post","status-publish","format-standard","has-post-thumbnail","hentry","category-comunicate","category-opinii"],"yoast_head":"<!-- This site is optimized with the Yoast SEO plugin v27.4 - https:\/\/yoast.com\/product\/yoast-seo-wordpress\/ -->\n<title>Silegeanu: De ce dureaz\u0103 10 ani sa faci un spital ...De t\u00e2mpi\u021bi \u0219i de incompeten\u021bi ce sunt cei pu\u0219i \u00een fruntea \u021b\u0103rii! - Curierul Regional<\/title>\n<meta name=\"robots\" content=\"index, follow, max-snippet:-1, max-image-preview:large, max-video-preview:-1\" \/>\n<link rel=\"canonical\" href=\"https:\/\/curierulsatelor.ro\/wp\/2021\/02\/06\/silegeanu-de-ce-dureaza-10-ani-sa-faci-un-spital-de-tampiti-si-de-incompetenti-ce-sunt-cei-pusi-in-fruntea-tarii\/\" \/>\n<meta property=\"og:locale\" content=\"ro_RO\" \/>\n<meta property=\"og:type\" content=\"article\" \/>\n<meta property=\"og:title\" content=\"Silegeanu: De ce dureaz\u0103 10 ani sa faci un spital ...De t\u00e2mpi\u021bi \u0219i de incompeten\u021bi ce sunt cei pu\u0219i \u00een fruntea \u021b\u0103rii! - Curierul Regional\" \/>\n<meta property=\"og:description\" content=\"Se pare c\u0103 nu avem nicio \u0219ans\u0103 oric\u00e2t de mic\u0103, de a vedea Romania c\u0103...\" \/>\n<meta property=\"og:url\" content=\"https:\/\/curierulsatelor.ro\/wp\/2021\/02\/06\/silegeanu-de-ce-dureaza-10-ani-sa-faci-un-spital-de-tampiti-si-de-incompetenti-ce-sunt-cei-pusi-in-fruntea-tarii\/\" \/>\n<meta property=\"og:site_name\" content=\"Curierul Regional\" \/>\n<meta property=\"article:published_time\" content=\"2021-02-06T05:54:18+00:00\" \/>\n<meta property=\"og:image\" content=\"https:\/\/curierulsatelor.ro\/wp\/wp-content\/uploads\/2021\/02\/Image.jpeg\" \/>\n\t<meta property=\"og:image:width\" content=\"1026\" \/>\n\t<meta property=\"og:image:height\" content=\"700\" \/>\n\t<meta property=\"og:image:type\" content=\"image\/jpeg\" \/>\n<meta name=\"author\" content=\"Marian Morosan\" \/>\n<meta name=\"twitter:card\" content=\"summary_large_image\" \/>\n<meta name=\"twitter:label1\" content=\"Scris de\" \/>\n\t<meta name=\"twitter:data1\" content=\"Marian Morosan\" \/>\n\t<meta name=\"twitter:label2\" content=\"Timp estimat pentru citire\" \/>\n\t<meta name=\"twitter:data2\" content=\"5 minute\" \/>\n<script type=\"application\/ld+json\" class=\"yoast-schema-graph\">{\"@context\":\"https:\\\/\\\/schema.org\",\"@graph\":[{\"@type\":\"Article\",\"@id\":\"https:\\\/\\\/curierulsatelor.ro\\\/wp\\\/2021\\\/02\\\/06\\\/silegeanu-de-ce-dureaza-10-ani-sa-faci-un-spital-de-tampiti-si-de-incompetenti-ce-sunt-cei-pusi-in-fruntea-tarii\\\/#article\",\"isPartOf\":{\"@id\":\"https:\\\/\\\/curierulsatelor.ro\\\/wp\\\/2021\\\/02\\\/06\\\/silegeanu-de-ce-dureaza-10-ani-sa-faci-un-spital-de-tampiti-si-de-incompetenti-ce-sunt-cei-pusi-in-fruntea-tarii\\\/\"},\"author\":{\"name\":\"Marian Morosan\",\"@id\":\"https:\\\/\\\/curierulsatelor.ro\\\/wp\\\/#\\\/schema\\\/person\\\/6f6b28a030e15d619a82894773d6e7b9\"},\"headline\":\"Silegeanu: De ce dureaz\u0103 10 ani sa faci un spital &#8230;De t\u00e2mpi\u021bi \u0219i de incompeten\u021bi ce sunt cei pu\u0219i \u00een fruntea \u021b\u0103rii!\",\"datePublished\":\"2021-02-06T05:54:18+00:00\",\"mainEntityOfPage\":{\"@id\":\"https:\\\/\\\/curierulsatelor.ro\\\/wp\\\/2021\\\/02\\\/06\\\/silegeanu-de-ce-dureaza-10-ani-sa-faci-un-spital-de-tampiti-si-de-incompetenti-ce-sunt-cei-pusi-in-fruntea-tarii\\\/\"},\"wordCount\":1054,\"commentCount\":0,\"publisher\":{\"@id\":\"https:\\\/\\\/curierulsatelor.ro\\\/wp\\\/#organization\"},\"image\":{\"@id\":\"https:\\\/\\\/curierulsatelor.ro\\\/wp\\\/2021\\\/02\\\/06\\\/silegeanu-de-ce-dureaza-10-ani-sa-faci-un-spital-de-tampiti-si-de-incompetenti-ce-sunt-cei-pusi-in-fruntea-tarii\\\/#primaryimage\"},\"thumbnailUrl\":\"https:\\\/\\\/curierulsatelor.ro\\\/wp\\\/wp-content\\\/uploads\\\/2021\\\/02\\\/Image.jpeg\",\"articleSection\":[\"Comunicate\",\"Opinii\"],\"inLanguage\":\"ro-RO\",\"potentialAction\":[{\"@type\":\"CommentAction\",\"name\":\"Comment\",\"target\":[\"https:\\\/\\\/curierulsatelor.ro\\\/wp\\\/2021\\\/02\\\/06\\\/silegeanu-de-ce-dureaza-10-ani-sa-faci-un-spital-de-tampiti-si-de-incompetenti-ce-sunt-cei-pusi-in-fruntea-tarii\\\/#respond\"]}]},{\"@type\":\"WebPage\",\"@id\":\"https:\\\/\\\/curierulsatelor.ro\\\/wp\\\/2021\\\/02\\\/06\\\/silegeanu-de-ce-dureaza-10-ani-sa-faci-un-spital-de-tampiti-si-de-incompetenti-ce-sunt-cei-pusi-in-fruntea-tarii\\\/\",\"url\":\"https:\\\/\\\/curierulsatelor.ro\\\/wp\\\/2021\\\/02\\\/06\\\/silegeanu-de-ce-dureaza-10-ani-sa-faci-un-spital-de-tampiti-si-de-incompetenti-ce-sunt-cei-pusi-in-fruntea-tarii\\\/\",\"name\":\"Silegeanu: De ce dureaz\u0103 10 ani sa faci un spital ...De t\u00e2mpi\u021bi \u0219i de incompeten\u021bi ce sunt cei pu\u0219i \u00een fruntea \u021b\u0103rii! - Curierul Regional\",\"isPartOf\":{\"@id\":\"https:\\\/\\\/curierulsatelor.ro\\\/wp\\\/#website\"},\"primaryImageOfPage\":{\"@id\":\"https:\\\/\\\/curierulsatelor.ro\\\/wp\\\/2021\\\/02\\\/06\\\/silegeanu-de-ce-dureaza-10-ani-sa-faci-un-spital-de-tampiti-si-de-incompetenti-ce-sunt-cei-pusi-in-fruntea-tarii\\\/#primaryimage\"},\"image\":{\"@id\":\"https:\\\/\\\/curierulsatelor.ro\\\/wp\\\/2021\\\/02\\\/06\\\/silegeanu-de-ce-dureaza-10-ani-sa-faci-un-spital-de-tampiti-si-de-incompetenti-ce-sunt-cei-pusi-in-fruntea-tarii\\\/#primaryimage\"},\"thumbnailUrl\":\"https:\\\/\\\/curierulsatelor.ro\\\/wp\\\/wp-content\\\/uploads\\\/2021\\\/02\\\/Image.jpeg\",\"datePublished\":\"2021-02-06T05:54:18+00:00\",\"breadcrumb\":{\"@id\":\"https:\\\/\\\/curierulsatelor.ro\\\/wp\\\/2021\\\/02\\\/06\\\/silegeanu-de-ce-dureaza-10-ani-sa-faci-un-spital-de-tampiti-si-de-incompetenti-ce-sunt-cei-pusi-in-fruntea-tarii\\\/#breadcrumb\"},\"inLanguage\":\"ro-RO\",\"potentialAction\":[{\"@type\":\"ReadAction\",\"target\":[\"https:\\\/\\\/curierulsatelor.ro\\\/wp\\\/2021\\\/02\\\/06\\\/silegeanu-de-ce-dureaza-10-ani-sa-faci-un-spital-de-tampiti-si-de-incompetenti-ce-sunt-cei-pusi-in-fruntea-tarii\\\/\"]}]},{\"@type\":\"ImageObject\",\"inLanguage\":\"ro-RO\",\"@id\":\"https:\\\/\\\/curierulsatelor.ro\\\/wp\\\/2021\\\/02\\\/06\\\/silegeanu-de-ce-dureaza-10-ani-sa-faci-un-spital-de-tampiti-si-de-incompetenti-ce-sunt-cei-pusi-in-fruntea-tarii\\\/#primaryimage\",\"url\":\"https:\\\/\\\/curierulsatelor.ro\\\/wp\\\/wp-content\\\/uploads\\\/2021\\\/02\\\/Image.jpeg\",\"contentUrl\":\"https:\\\/\\\/curierulsatelor.ro\\\/wp\\\/wp-content\\\/uploads\\\/2021\\\/02\\\/Image.jpeg\",\"width\":1026,\"height\":700},{\"@type\":\"BreadcrumbList\",\"@id\":\"https:\\\/\\\/curierulsatelor.ro\\\/wp\\\/2021\\\/02\\\/06\\\/silegeanu-de-ce-dureaza-10-ani-sa-faci-un-spital-de-tampiti-si-de-incompetenti-ce-sunt-cei-pusi-in-fruntea-tarii\\\/#breadcrumb\",\"itemListElement\":[{\"@type\":\"ListItem\",\"position\":1,\"name\":\"Prima pagin\u0103\",\"item\":\"https:\\\/\\\/curierulsatelor.ro\\\/wp\\\/\"},{\"@type\":\"ListItem\",\"position\":2,\"name\":\"Silegeanu: De ce dureaz\u0103 10 ani sa faci un spital &#8230;De t\u00e2mpi\u021bi \u0219i de incompeten\u021bi ce sunt cei pu\u0219i \u00een fruntea \u021b\u0103rii!\"}]},{\"@type\":\"WebSite\",\"@id\":\"https:\\\/\\\/curierulsatelor.ro\\\/wp\\\/#website\",\"url\":\"https:\\\/\\\/curierulsatelor.ro\\\/wp\\\/\",\"name\":\"Curierul Regional\",\"description\":\"\",\"publisher\":{\"@id\":\"https:\\\/\\\/curierulsatelor.ro\\\/wp\\\/#organization\"},\"potentialAction\":[{\"@type\":\"SearchAction\",\"target\":{\"@type\":\"EntryPoint\",\"urlTemplate\":\"https:\\\/\\\/curierulsatelor.ro\\\/wp\\\/?s={search_term_string}\"},\"query-input\":{\"@type\":\"PropertyValueSpecification\",\"valueRequired\":true,\"valueName\":\"search_term_string\"}}],\"inLanguage\":\"ro-RO\"},{\"@type\":\"Organization\",\"@id\":\"https:\\\/\\\/curierulsatelor.ro\\\/wp\\\/#organization\",\"name\":\"Curierul Regional\",\"url\":\"https:\\\/\\\/curierulsatelor.ro\\\/wp\\\/\",\"logo\":{\"@type\":\"ImageObject\",\"inLanguage\":\"ro-RO\",\"@id\":\"https:\\\/\\\/curierulsatelor.ro\\\/wp\\\/#\\\/schema\\\/logo\\\/image\\\/\",\"url\":\"https:\\\/\\\/curierulsatelor.ro\\\/wp\\\/wp-content\\\/uploads\\\/2020\\\/01\\\/Curierul-Regional-si-Curierul-satelor-logo-header.png\",\"contentUrl\":\"https:\\\/\\\/curierulsatelor.ro\\\/wp\\\/wp-content\\\/uploads\\\/2020\\\/01\\\/Curierul-Regional-si-Curierul-satelor-logo-header.png\",\"width\":2943,\"height\":685,\"caption\":\"Curierul Regional\"},\"image\":{\"@id\":\"https:\\\/\\\/curierulsatelor.ro\\\/wp\\\/#\\\/schema\\\/logo\\\/image\\\/\"}},{\"@type\":\"Person\",\"@id\":\"https:\\\/\\\/curierulsatelor.ro\\\/wp\\\/#\\\/schema\\\/person\\\/6f6b28a030e15d619a82894773d6e7b9\",\"name\":\"Marian Morosan\",\"image\":{\"@type\":\"ImageObject\",\"inLanguage\":\"ro-RO\",\"@id\":\"https:\\\/\\\/secure.gravatar.com\\\/avatar\\\/2e833cc9ab99e6bca46266d4ad9030d308346ff7ff0b6b955c29b74cafaf064b?s=96&d=mm&r=g\",\"url\":\"https:\\\/\\\/secure.gravatar.com\\\/avatar\\\/2e833cc9ab99e6bca46266d4ad9030d308346ff7ff0b6b955c29b74cafaf064b?s=96&d=mm&r=g\",\"contentUrl\":\"https:\\\/\\\/secure.gravatar.com\\\/avatar\\\/2e833cc9ab99e6bca46266d4ad9030d308346ff7ff0b6b955c29b74cafaf064b?s=96&d=mm&r=g\",\"caption\":\"Marian Morosan\"},\"description\":\"Copiilor no\u015ftri li se preg\u0103te\u015fte, incon\u015ftient, o lume de joben ciuruit, din care niciodat\u0103 nu iese iepura\u015ful. Doar panglicile politicilor sociale roase de moliile cu \u015ftaif din ultimele decenii. Suntem oropsi\u0163i, suntem dispera\u0163i, manipula\u0163i p\u00e2n\u0103 acolo \u00eenc\u00e2t ne bucur\u0103m s\u0103 fim masa de manevr\u0103 a unora \u015fi s\u0103 sus\u0163inem c\u0103 a\u015fa e normal. Acum \u00eel \u00een\u0163eleg pe Cioran, dar \u00eel \u00een\u0163eleg mai bine \u015fi pe Preda. \u015ei m\u0103 g\u00e2ndesc iar, cu groaz\u0103, la copilul meu. Cel pu\u0163in eu nu \u00eemi doresc s\u0103 \u015ftiu c\u0103 micu\u0163ul meu va fi singur, cu sufletul descul\u0163, prin jungla mileniului III ! https:\\\/\\\/curierulsatelor.ro\\\/wp\\\/2019\\\/10\\\/16\\\/cu-sufletul-descult-prin-jungla-mileniului-iii-editorial\\\/\",\"sameAs\":[\"http:\\\/\\\/admin\"],\"url\":\"https:\\\/\\\/curierulsatelor.ro\\\/wp\\\/author\\\/admin\\\/\"}]}<\/script>\n<!-- \/ Yoast SEO plugin. -->","yoast_head_json":{"title":"Silegeanu: De ce dureaz\u0103 10 ani sa faci un spital ...De t\u00e2mpi\u021bi \u0219i de incompeten\u021bi ce sunt cei pu\u0219i \u00een fruntea \u021b\u0103rii! - Curierul Regional","robots":{"index":"index","follow":"follow","max-snippet":"max-snippet:-1","max-image-preview":"max-image-preview:large","max-video-preview":"max-video-preview:-1"},"canonical":"https:\/\/curierulsatelor.ro\/wp\/2021\/02\/06\/silegeanu-de-ce-dureaza-10-ani-sa-faci-un-spital-de-tampiti-si-de-incompetenti-ce-sunt-cei-pusi-in-fruntea-tarii\/","og_locale":"ro_RO","og_type":"article","og_title":"Silegeanu: De ce dureaz\u0103 10 ani sa faci un spital ...De t\u00e2mpi\u021bi \u0219i de incompeten\u021bi ce sunt cei pu\u0219i \u00een fruntea \u021b\u0103rii! - Curierul Regional","og_description":"Se pare c\u0103 nu avem nicio \u0219ans\u0103 oric\u00e2t de mic\u0103, de a vedea Romania c\u0103...","og_url":"https:\/\/curierulsatelor.ro\/wp\/2021\/02\/06\/silegeanu-de-ce-dureaza-10-ani-sa-faci-un-spital-de-tampiti-si-de-incompetenti-ce-sunt-cei-pusi-in-fruntea-tarii\/","og_site_name":"Curierul Regional","article_published_time":"2021-02-06T05:54:18+00:00","og_image":[{"width":1026,"height":700,"url":"https:\/\/curierulsatelor.ro\/wp\/wp-content\/uploads\/2021\/02\/Image.jpeg","type":"image\/jpeg"}],"author":"Marian Morosan","twitter_card":"summary_large_image","twitter_misc":{"Scris de":"Marian Morosan","Timp estimat pentru citire":"5 minute"},"schema":{"@context":"https:\/\/schema.org","@graph":[{"@type":"Article","@id":"https:\/\/curierulsatelor.ro\/wp\/2021\/02\/06\/silegeanu-de-ce-dureaza-10-ani-sa-faci-un-spital-de-tampiti-si-de-incompetenti-ce-sunt-cei-pusi-in-fruntea-tarii\/#article","isPartOf":{"@id":"https:\/\/curierulsatelor.ro\/wp\/2021\/02\/06\/silegeanu-de-ce-dureaza-10-ani-sa-faci-un-spital-de-tampiti-si-de-incompetenti-ce-sunt-cei-pusi-in-fruntea-tarii\/"},"author":{"name":"Marian Morosan","@id":"https:\/\/curierulsatelor.ro\/wp\/#\/schema\/person\/6f6b28a030e15d619a82894773d6e7b9"},"headline":"Silegeanu: De ce dureaz\u0103 10 ani sa faci un spital &#8230;De t\u00e2mpi\u021bi \u0219i de incompeten\u021bi ce sunt cei pu\u0219i \u00een fruntea \u021b\u0103rii!","datePublished":"2021-02-06T05:54:18+00:00","mainEntityOfPage":{"@id":"https:\/\/curierulsatelor.ro\/wp\/2021\/02\/06\/silegeanu-de-ce-dureaza-10-ani-sa-faci-un-spital-de-tampiti-si-de-incompetenti-ce-sunt-cei-pusi-in-fruntea-tarii\/"},"wordCount":1054,"commentCount":0,"publisher":{"@id":"https:\/\/curierulsatelor.ro\/wp\/#organization"},"image":{"@id":"https:\/\/curierulsatelor.ro\/wp\/2021\/02\/06\/silegeanu-de-ce-dureaza-10-ani-sa-faci-un-spital-de-tampiti-si-de-incompetenti-ce-sunt-cei-pusi-in-fruntea-tarii\/#primaryimage"},"thumbnailUrl":"https:\/\/curierulsatelor.ro\/wp\/wp-content\/uploads\/2021\/02\/Image.jpeg","articleSection":["Comunicate","Opinii"],"inLanguage":"ro-RO","potentialAction":[{"@type":"CommentAction","name":"Comment","target":["https:\/\/curierulsatelor.ro\/wp\/2021\/02\/06\/silegeanu-de-ce-dureaza-10-ani-sa-faci-un-spital-de-tampiti-si-de-incompetenti-ce-sunt-cei-pusi-in-fruntea-tarii\/#respond"]}]},{"@type":"WebPage","@id":"https:\/\/curierulsatelor.ro\/wp\/2021\/02\/06\/silegeanu-de-ce-dureaza-10-ani-sa-faci-un-spital-de-tampiti-si-de-incompetenti-ce-sunt-cei-pusi-in-fruntea-tarii\/","url":"https:\/\/curierulsatelor.ro\/wp\/2021\/02\/06\/silegeanu-de-ce-dureaza-10-ani-sa-faci-un-spital-de-tampiti-si-de-incompetenti-ce-sunt-cei-pusi-in-fruntea-tarii\/","name":"Silegeanu: De ce dureaz\u0103 10 ani sa faci un spital ...De t\u00e2mpi\u021bi \u0219i de incompeten\u021bi ce sunt cei pu\u0219i \u00een fruntea \u021b\u0103rii! - Curierul Regional","isPartOf":{"@id":"https:\/\/curierulsatelor.ro\/wp\/#website"},"primaryImageOfPage":{"@id":"https:\/\/curierulsatelor.ro\/wp\/2021\/02\/06\/silegeanu-de-ce-dureaza-10-ani-sa-faci-un-spital-de-tampiti-si-de-incompetenti-ce-sunt-cei-pusi-in-fruntea-tarii\/#primaryimage"},"image":{"@id":"https:\/\/curierulsatelor.ro\/wp\/2021\/02\/06\/silegeanu-de-ce-dureaza-10-ani-sa-faci-un-spital-de-tampiti-si-de-incompetenti-ce-sunt-cei-pusi-in-fruntea-tarii\/#primaryimage"},"thumbnailUrl":"https:\/\/curierulsatelor.ro\/wp\/wp-content\/uploads\/2021\/02\/Image.jpeg","datePublished":"2021-02-06T05:54:18+00:00","breadcrumb":{"@id":"https:\/\/curierulsatelor.ro\/wp\/2021\/02\/06\/silegeanu-de-ce-dureaza-10-ani-sa-faci-un-spital-de-tampiti-si-de-incompetenti-ce-sunt-cei-pusi-in-fruntea-tarii\/#breadcrumb"},"inLanguage":"ro-RO","potentialAction":[{"@type":"ReadAction","target":["https:\/\/curierulsatelor.ro\/wp\/2021\/02\/06\/silegeanu-de-ce-dureaza-10-ani-sa-faci-un-spital-de-tampiti-si-de-incompetenti-ce-sunt-cei-pusi-in-fruntea-tarii\/"]}]},{"@type":"ImageObject","inLanguage":"ro-RO","@id":"https:\/\/curierulsatelor.ro\/wp\/2021\/02\/06\/silegeanu-de-ce-dureaza-10-ani-sa-faci-un-spital-de-tampiti-si-de-incompetenti-ce-sunt-cei-pusi-in-fruntea-tarii\/#primaryimage","url":"https:\/\/curierulsatelor.ro\/wp\/wp-content\/uploads\/2021\/02\/Image.jpeg","contentUrl":"https:\/\/curierulsatelor.ro\/wp\/wp-content\/uploads\/2021\/02\/Image.jpeg","width":1026,"height":700},{"@type":"BreadcrumbList","@id":"https:\/\/curierulsatelor.ro\/wp\/2021\/02\/06\/silegeanu-de-ce-dureaza-10-ani-sa-faci-un-spital-de-tampiti-si-de-incompetenti-ce-sunt-cei-pusi-in-fruntea-tarii\/#breadcrumb","itemListElement":[{"@type":"ListItem","position":1,"name":"Prima pagin\u0103","item":"https:\/\/curierulsatelor.ro\/wp\/"},{"@type":"ListItem","position":2,"name":"Silegeanu: De ce dureaz\u0103 10 ani sa faci un spital &#8230;De t\u00e2mpi\u021bi \u0219i de incompeten\u021bi ce sunt cei pu\u0219i \u00een fruntea \u021b\u0103rii!"}]},{"@type":"WebSite","@id":"https:\/\/curierulsatelor.ro\/wp\/#website","url":"https:\/\/curierulsatelor.ro\/wp\/","name":"Curierul Regional","description":"","publisher":{"@id":"https:\/\/curierulsatelor.ro\/wp\/#organization"},"potentialAction":[{"@type":"SearchAction","target":{"@type":"EntryPoint","urlTemplate":"https:\/\/curierulsatelor.ro\/wp\/?s={search_term_string}"},"query-input":{"@type":"PropertyValueSpecification","valueRequired":true,"valueName":"search_term_string"}}],"inLanguage":"ro-RO"},{"@type":"Organization","@id":"https:\/\/curierulsatelor.ro\/wp\/#organization","name":"Curierul Regional","url":"https:\/\/curierulsatelor.ro\/wp\/","logo":{"@type":"ImageObject","inLanguage":"ro-RO","@id":"https:\/\/curierulsatelor.ro\/wp\/#\/schema\/logo\/image\/","url":"https:\/\/curierulsatelor.ro\/wp\/wp-content\/uploads\/2020\/01\/Curierul-Regional-si-Curierul-satelor-logo-header.png","contentUrl":"https:\/\/curierulsatelor.ro\/wp\/wp-content\/uploads\/2020\/01\/Curierul-Regional-si-Curierul-satelor-logo-header.png","width":2943,"height":685,"caption":"Curierul Regional"},"image":{"@id":"https:\/\/curierulsatelor.ro\/wp\/#\/schema\/logo\/image\/"}},{"@type":"Person","@id":"https:\/\/curierulsatelor.ro\/wp\/#\/schema\/person\/6f6b28a030e15d619a82894773d6e7b9","name":"Marian Morosan","image":{"@type":"ImageObject","inLanguage":"ro-RO","@id":"https:\/\/secure.gravatar.com\/avatar\/2e833cc9ab99e6bca46266d4ad9030d308346ff7ff0b6b955c29b74cafaf064b?s=96&d=mm&r=g","url":"https:\/\/secure.gravatar.com\/avatar\/2e833cc9ab99e6bca46266d4ad9030d308346ff7ff0b6b955c29b74cafaf064b?s=96&d=mm&r=g","contentUrl":"https:\/\/secure.gravatar.com\/avatar\/2e833cc9ab99e6bca46266d4ad9030d308346ff7ff0b6b955c29b74cafaf064b?s=96&d=mm&r=g","caption":"Marian Morosan"},"description":"Copiilor no\u015ftri li se preg\u0103te\u015fte, incon\u015ftient, o lume de joben ciuruit, din care niciodat\u0103 nu iese iepura\u015ful. Doar panglicile politicilor sociale roase de moliile cu \u015ftaif din ultimele decenii. Suntem oropsi\u0163i, suntem dispera\u0163i, manipula\u0163i p\u00e2n\u0103 acolo \u00eenc\u00e2t ne bucur\u0103m s\u0103 fim masa de manevr\u0103 a unora \u015fi s\u0103 sus\u0163inem c\u0103 a\u015fa e normal. Acum \u00eel \u00een\u0163eleg pe Cioran, dar \u00eel \u00een\u0163eleg mai bine \u015fi pe Preda. \u015ei m\u0103 g\u00e2ndesc iar, cu groaz\u0103, la copilul meu. Cel pu\u0163in eu nu \u00eemi doresc s\u0103 \u015ftiu c\u0103 micu\u0163ul meu va fi singur, cu sufletul descul\u0163, prin jungla mileniului III ! https:\/\/curierulsatelor.ro\/wp\/2019\/10\/16\/cu-sufletul-descult-prin-jungla-mileniului-iii-editorial\/","sameAs":["http:\/\/admin"],"url":"https:\/\/curierulsatelor.ro\/wp\/author\/admin\/"}]}},"_links":{"self":[{"href":"https:\/\/curierulsatelor.ro\/wp\/wp-json\/wp\/v2\/posts\/4924","targetHints":{"allow":["GET"]}}],"collection":[{"href":"https:\/\/curierulsatelor.ro\/wp\/wp-json\/wp\/v2\/posts"}],"about":[{"href":"https:\/\/curierulsatelor.ro\/wp\/wp-json\/wp\/v2\/types\/post"}],"author":[{"embeddable":true,"href":"https:\/\/curierulsatelor.ro\/wp\/wp-json\/wp\/v2\/users\/1"}],"replies":[{"embeddable":true,"href":"https:\/\/curierulsatelor.ro\/wp\/wp-json\/wp\/v2\/comments?post=4924"}],"version-history":[{"count":1,"href":"https:\/\/curierulsatelor.ro\/wp\/wp-json\/wp\/v2\/posts\/4924\/revisions"}],"predecessor-version":[{"id":4926,"href":"https:\/\/curierulsatelor.ro\/wp\/wp-json\/wp\/v2\/posts\/4924\/revisions\/4926"}],"wp:featuredmedia":[{"embeddable":true,"href":"https:\/\/curierulsatelor.ro\/wp\/wp-json\/wp\/v2\/media\/4925"}],"wp:attachment":[{"href":"https:\/\/curierulsatelor.ro\/wp\/wp-json\/wp\/v2\/media?parent=4924"}],"wp:term":[{"taxonomy":"category","embeddable":true,"href":"https:\/\/curierulsatelor.ro\/wp\/wp-json\/wp\/v2\/categories?post=4924"},{"taxonomy":"post_tag","embeddable":true,"href":"https:\/\/curierulsatelor.ro\/wp\/wp-json\/wp\/v2\/tags?post=4924"}],"curies":[{"name":"wp","href":"https:\/\/api.w.org\/{rel}","templated":true}]}}