{"id":5060,"date":"2021-02-28T15:40:19","date_gmt":"2021-02-28T15:40:19","guid":{"rendered":"https:\/\/curierulsatelor.ro\/wp\/?p=5060"},"modified":"2021-02-28T15:40:19","modified_gmt":"2021-02-28T15:40:19","slug":"silegeanu-consecvent-da-de-pamant-cu-politicienii-de-gradinita-si-orgoliile-politice","status":"publish","type":"post","link":"https:\/\/curierulsatelor.ro\/wp\/2021\/02\/28\/silegeanu-consecvent-da-de-pamant-cu-politicienii-de-gradinita-si-orgoliile-politice\/","title":{"rendered":"Silegeanu consecvent: d\u0103 de p\u0103m\u00e2nt cu politicienii de gr\u0103dini\u021b\u0103 \u0219i orgoliile politice"},"content":{"rendered":"\n<p>\u0218i-a dorit s\u0103 dovedeasc\u0103, m\u0103car un mandat, c\u0103 vrea \u0219i poate dezvolta Boto\u0219aniul, c\u0103 are capacitate inovatoare \u00een dezvoltarea unei comunit\u0103\u021bi, a vrut s\u0103 fie primarul complet pe care boto\u0219\u0103nenii nu l-au avut. Voturile primite nu de mult au fost multe (f\u0103c\u00e2nd de r\u00e2s politicieni \u0219i partide \u00eentregi la acest capitol). Dar nu au fost suficiente. Con\u0219tient c\u0103 a devenit un str\u0103jer important al cet\u0103\u021bii Boto\u0219ani, C\u0103t\u0103lin Silegeanu &#8211; politicianul altfel al jude\u021bului &#8211; \u0219i-a f\u0103cut o menire, o misiune din a fi vocea t\u00e2nguit\u0103, nerostit\u0103 sau \u00een\u0103bu\u0219it\u0103 a boto\u0219\u0103nenilor. Printr-un alt comunicat by Silegeanu, i-a trimis la col\u021bul de ru\u0219ine pe politicienii boto\u0219\u0103neni coco\u021ba\u021bi \u00een lojile de demnitate public\u0103 \u0219i c\u0103zu\u021bi subit \u00een letargie. C\u0103t\u0103lin Silegeanu nu doar le bate obrazul, dar \u00eencearc\u0103 s\u0103 \u00eei readuc\u0103 la realitate. C\u00e2t se poate. Spre folosul lor \u0219i al comunit\u0103\u021bii. Red\u0103m  mai jos analiza \u0219i \u00eendemnurile lui C\u0103t\u0103lin Silegeanu.<\/p>\n\n\n\n<p>Pretindem c\u0103 suntem adul\u021bi, cu studii importante \u0219i cu ani grei de experien\u021b\u0103 \u00een spate, dar de foarte multe ori,\u00a0 cei mai mul\u021bi dintre oamenii politici ai jude\u021bului Boto\u0219ani ajung s\u0103 se comporte ca ni\u0219te copii de gr\u0103dini\u021b\u0103. Nu vreau s\u0103 jignesc pe nimeni, dar am avut acest sentiment de foarte multe ori, c\u00e2nd am v\u0103zut anumite\u00a0 proiecte stagnate sau chiar pierdute din cauza orgoliilor politice,\u00a0 \u00een loc s\u0103 ajute la dezvoltarea jude\u021bului nostru, care realmente este\u00a0 situat la Polul s\u0103r\u0103ciei.<\/p>\n\n\n\n<div class=\"wp-block-image\"><figure class=\"alignright size-large is-resized\"><img fetchpriority=\"high\" decoding=\"async\" src=\"https:\/\/curierulsatelor.ro\/wp\/wp-content\/uploads\/2021\/02\/Catalin-Silegeanu-1024x806.jpg\" alt=\"\" class=\"wp-image-5061\" width=\"389\" height=\"305\" srcset=\"https:\/\/curierulsatelor.ro\/wp\/wp-content\/uploads\/2021\/02\/Catalin-Silegeanu-1024x806.jpg 1024w, https:\/\/curierulsatelor.ro\/wp\/wp-content\/uploads\/2021\/02\/Catalin-Silegeanu-300x236.jpg 300w, https:\/\/curierulsatelor.ro\/wp\/wp-content\/uploads\/2021\/02\/Catalin-Silegeanu-768x604.jpg 768w, https:\/\/curierulsatelor.ro\/wp\/wp-content\/uploads\/2021\/02\/Catalin-Silegeanu.jpg 1200w\" sizes=\"(max-width: 389px) 100vw, 389px\" \/><\/figure><\/div>\n\n\n\n<p>Stima\u021bi politicieni ai jude\u021bului Boto\u0219ani, parlamentari, primari, pre\u0219edinte de Consiliu Jude\u021bean \u0219i ale\u0219i locali, p\u00e2n\u0103 la urma sunte\u021bi to\u021bi oameni, mai presus de culoarea politic\u0103, iar din declara\u021biile \u0219i promisiunile din campania electoral\u0103 \u00een\u021belegem c\u0103 v\u0103 dori\u021bi dezvoltarea \u0219i bun\u0103starea acestui jude\u021b, deci ar fi timpul s\u0103 trece\u021bi la treab\u0103! Ne-a\u021bi transmis mesaje frumoase, precum c\u0103 vom avea un \u201ctrai mai bun\u201d sau c\u0103 ve\u021bi \u201cdezvolta Romania\u201d, exact asta ne dorim \u0219i noi,\u00a0 dar din p\u0103cate nu se anun\u021b\u0103 a se concretiza nimic din ceea ce ne-a\u021bi promis.<\/p>\n\n\n\n<p>Dar, ca orice boto\u0219\u0103nean care a ales s\u0103 locuiasc\u0103 \u00een ora\u0219ul \u0219i jude\u021bul \u00een care s-a n\u0103scut, sper c\u0103&nbsp; lucrurile se vor \u00eembun\u0103t\u0103\u021bi \u00een ceea ce prive\u0219te calitatea vie\u021bii \u0219i nivelul de trai \u00een Boto\u0219ani. De aceea, v\u0103 \u00eendemn pe fiecare dintre to\u021bi cei cu factori de&nbsp; decizie \u00een administra\u021bia public\u0103 local\u0103 \u0219i jude\u021bean\u0103, s\u0103 realiza\u021bi c\u0103 func\u021biile pe care le de\u021bine\u021bi \u00een prezent nu sunt pe vecie, sunt trec\u0103toare ca orice pe lumea aceasta. Trebuie s\u0103 da\u021bi dovad\u0103 de umanitate \u0219i unitate \u0219i s\u0103 l\u0103sa\u021bi deoparte comunicatele de pres\u0103 \u00een care doar v\u0103 critica\u021bi unii pe al\u021bii sau chiar v\u0103 ridica\u021bi singuri \u00een sl\u0103vi \u0219i v\u0103 rog s\u0103 pune\u021bi&nbsp; um\u0103rul la dezvoltarea \u0219i bun\u0103starea boto\u0219\u0103nenilor.<\/p>\n\n\n\n<p>V\u0103 sugerez, chiar s\u0103 semna\u021bi un pact de colaborare \u0219i s\u0103 realiza\u021bi \u00ceMPREUN\u0102&nbsp; ceea ce a\u0219teapt\u0103 cet\u0103\u021benii de at\u00e2\u021bia ani pentru Boto\u0219ani.&nbsp; Jude\u021bul nostru are nevoie de noi&nbsp; investi\u021bii, de drumuri demne de taxele pe care le pl\u0103tim, de&nbsp; crearea de noi locuri de munc\u0103, de institu\u021bii&nbsp; conduse de oameni&nbsp; profesioni\u0219ti, \u00een detrimentul numirilor pe criterii politice. Iar ceea ce trebuie s\u0103 lipseasc\u0103 cu des\u0103v\u00e2r\u0219ire \u00een jude\u021bul Boto\u0219ani este acel WC din&nbsp; curtea unit\u0103\u021bilor de \u00eenv\u0103\u021b\u0103m\u00e2nt din mediul rural, mai ales acum \u00een condi\u021biile \u00een care se pune accent pe igiena \u00een \u0219coli \u00een contextul creat de pandemia cu Covid-19.<\/p>\n\n\n\n<p>Cet\u0103\u021benii sunt s\u0103tui de critici, de a da vina unii pe ceilal\u021bi, ba un partid, ba cel\u0103lalt. \u00cent\u00e2lni\u021bi-v\u0103 la \u201cmasa rotunda\u201d \u0219i folosi\u021bi-v\u0103 ideile \u00een beneficiul cet\u0103\u021benilor, pentru c\u0103 de asta sunte\u021bi pl\u0103ti\u021bi din banii publici. M\u0103 ofer chiar eu s\u0103 fiu mediator \u0219i s\u0103 organizez \u00eent\u00e2lnirea pentru binele \u0219i \u00een favoarea jude\u021bului Boto\u0219ani, care este at\u00e2t de subdezvoltat.<\/p>\n\n\n\n<p>Dragi politicieni, \u00een aceste vremuri ar trebui l\u0103sate orgoliile, atacurile \u0219i s\u0103 contribui\u021bi fiecare cum pute\u021bi pentru a rezolva problemele acestui jude\u021b, care nu sunt pu\u021bine, din p\u0103cate.<\/p>\n\n\n\n<p>M\u0103 uit cum alte ora\u0219e, jude\u021be au asfalt, parcuri industriale, cur\u0103\u021benie, pe c\u00e2nd la noi este un haos de nedescris.<\/p>\n\n\n\n<p>Dac\u0103 pan\u0103 acum nu a\u021bi f\u0103cut nimic din ceea ce a\u021bi promis, v\u0103 \u00eendemn la unitate, colaborare \u0219i #Impreuna pentru Botosani haideti s\u0103 facem lucruri pe care le a\u0219teapt\u0103 cet\u0103\u021benii acestui jude\u021b&nbsp; din partea politicienilor.<\/p>\n\n\n\n<p>Iar peste 4 ani c\u00e2nd ve\u021bi cere din nou voturile s\u0103 veni\u021bi cu fapte concrete, nu cu vorbe sau s\u0103 cautati \u201cvinova\u021bi\u201d pentru nereu\u0219ita voastr\u0103 \u00een fa\u021ba boto\u0219\u0103nenilor.<\/p>\n\n\n\n<p><em>(Comunicat C\u0103t\u0103lin Silegeanu)<\/em><\/p>\n","protected":false},"excerpt":{"rendered":"<p>\u0218i-a dorit s\u0103 dovedeasc\u0103, m\u0103car un mandat, c\u0103 vrea \u0219i poate dezvolta Boto\u0219aniul, c\u0103 are&#8230;<\/p>\n","protected":false},"author":1,"featured_media":5062,"comment_status":"open","ping_status":"open","sticky":false,"template":"","format":"standard","meta":{"footnotes":""},"categories":[8,12,6],"tags":[],"class_list":["post-5060","post","type-post","status-publish","format-standard","has-post-thumbnail","hentry","category-comunicate","category-opinii","category-politica"],"yoast_head":"<!-- This site is optimized with the Yoast SEO plugin v27.4 - https:\/\/yoast.com\/product\/yoast-seo-wordpress\/ -->\n<title>Silegeanu consecvent: d\u0103 de p\u0103m\u00e2nt cu politicienii de gr\u0103dini\u021b\u0103 \u0219i orgoliile politice - Curierul Regional<\/title>\n<meta name=\"robots\" content=\"index, follow, max-snippet:-1, max-image-preview:large, max-video-preview:-1\" \/>\n<link rel=\"canonical\" href=\"https:\/\/curierulsatelor.ro\/wp\/2021\/02\/28\/silegeanu-consecvent-da-de-pamant-cu-politicienii-de-gradinita-si-orgoliile-politice\/\" \/>\n<meta property=\"og:locale\" content=\"ro_RO\" \/>\n<meta property=\"og:type\" content=\"article\" \/>\n<meta property=\"og:title\" content=\"Silegeanu consecvent: d\u0103 de p\u0103m\u00e2nt cu politicienii de gr\u0103dini\u021b\u0103 \u0219i orgoliile politice - Curierul Regional\" \/>\n<meta property=\"og:description\" content=\"\u0218i-a dorit s\u0103 dovedeasc\u0103, m\u0103car un mandat, c\u0103 vrea \u0219i poate dezvolta Boto\u0219aniul, c\u0103 are...\" \/>\n<meta property=\"og:url\" content=\"https:\/\/curierulsatelor.ro\/wp\/2021\/02\/28\/silegeanu-consecvent-da-de-pamant-cu-politicienii-de-gradinita-si-orgoliile-politice\/\" \/>\n<meta property=\"og:site_name\" content=\"Curierul Regional\" \/>\n<meta property=\"article:published_time\" content=\"2021-02-28T15:40:19+00:00\" \/>\n<meta property=\"og:image\" content=\"https:\/\/curierulsatelor.ro\/wp\/wp-content\/uploads\/2021\/02\/Catalin-Silegeanu-Botosani.jpg\" \/>\n\t<meta property=\"og:image:width\" content=\"2549\" \/>\n\t<meta property=\"og:image:height\" content=\"1745\" \/>\n\t<meta property=\"og:image:type\" content=\"image\/jpeg\" \/>\n<meta name=\"author\" content=\"Marian Morosan\" \/>\n<meta name=\"twitter:card\" content=\"summary_large_image\" \/>\n<meta name=\"twitter:label1\" content=\"Scris de\" \/>\n\t<meta name=\"twitter:data1\" content=\"Marian Morosan\" \/>\n\t<meta name=\"twitter:label2\" content=\"Timp estimat pentru citire\" \/>\n\t<meta name=\"twitter:data2\" content=\"4 minute\" \/>\n<script type=\"application\/ld+json\" class=\"yoast-schema-graph\">{\"@context\":\"https:\\\/\\\/schema.org\",\"@graph\":[{\"@type\":\"Article\",\"@id\":\"https:\\\/\\\/curierulsatelor.ro\\\/wp\\\/2021\\\/02\\\/28\\\/silegeanu-consecvent-da-de-pamant-cu-politicienii-de-gradinita-si-orgoliile-politice\\\/#article\",\"isPartOf\":{\"@id\":\"https:\\\/\\\/curierulsatelor.ro\\\/wp\\\/2021\\\/02\\\/28\\\/silegeanu-consecvent-da-de-pamant-cu-politicienii-de-gradinita-si-orgoliile-politice\\\/\"},\"author\":{\"name\":\"Marian Morosan\",\"@id\":\"https:\\\/\\\/curierulsatelor.ro\\\/wp\\\/#\\\/schema\\\/person\\\/6f6b28a030e15d619a82894773d6e7b9\"},\"headline\":\"Silegeanu consecvent: d\u0103 de p\u0103m\u00e2nt cu politicienii de gr\u0103dini\u021b\u0103 \u0219i orgoliile politice\",\"datePublished\":\"2021-02-28T15:40:19+00:00\",\"mainEntityOfPage\":{\"@id\":\"https:\\\/\\\/curierulsatelor.ro\\\/wp\\\/2021\\\/02\\\/28\\\/silegeanu-consecvent-da-de-pamant-cu-politicienii-de-gradinita-si-orgoliile-politice\\\/\"},\"wordCount\":878,\"commentCount\":0,\"publisher\":{\"@id\":\"https:\\\/\\\/curierulsatelor.ro\\\/wp\\\/#organization\"},\"image\":{\"@id\":\"https:\\\/\\\/curierulsatelor.ro\\\/wp\\\/2021\\\/02\\\/28\\\/silegeanu-consecvent-da-de-pamant-cu-politicienii-de-gradinita-si-orgoliile-politice\\\/#primaryimage\"},\"thumbnailUrl\":\"https:\\\/\\\/curierulsatelor.ro\\\/wp\\\/wp-content\\\/uploads\\\/2021\\\/02\\\/Catalin-Silegeanu-Botosani.jpg\",\"articleSection\":[\"Comunicate\",\"Opinii\",\"Politica\"],\"inLanguage\":\"ro-RO\",\"potentialAction\":[{\"@type\":\"CommentAction\",\"name\":\"Comment\",\"target\":[\"https:\\\/\\\/curierulsatelor.ro\\\/wp\\\/2021\\\/02\\\/28\\\/silegeanu-consecvent-da-de-pamant-cu-politicienii-de-gradinita-si-orgoliile-politice\\\/#respond\"]}]},{\"@type\":\"WebPage\",\"@id\":\"https:\\\/\\\/curierulsatelor.ro\\\/wp\\\/2021\\\/02\\\/28\\\/silegeanu-consecvent-da-de-pamant-cu-politicienii-de-gradinita-si-orgoliile-politice\\\/\",\"url\":\"https:\\\/\\\/curierulsatelor.ro\\\/wp\\\/2021\\\/02\\\/28\\\/silegeanu-consecvent-da-de-pamant-cu-politicienii-de-gradinita-si-orgoliile-politice\\\/\",\"name\":\"Silegeanu consecvent: d\u0103 de p\u0103m\u00e2nt cu politicienii de gr\u0103dini\u021b\u0103 \u0219i orgoliile politice - Curierul Regional\",\"isPartOf\":{\"@id\":\"https:\\\/\\\/curierulsatelor.ro\\\/wp\\\/#website\"},\"primaryImageOfPage\":{\"@id\":\"https:\\\/\\\/curierulsatelor.ro\\\/wp\\\/2021\\\/02\\\/28\\\/silegeanu-consecvent-da-de-pamant-cu-politicienii-de-gradinita-si-orgoliile-politice\\\/#primaryimage\"},\"image\":{\"@id\":\"https:\\\/\\\/curierulsatelor.ro\\\/wp\\\/2021\\\/02\\\/28\\\/silegeanu-consecvent-da-de-pamant-cu-politicienii-de-gradinita-si-orgoliile-politice\\\/#primaryimage\"},\"thumbnailUrl\":\"https:\\\/\\\/curierulsatelor.ro\\\/wp\\\/wp-content\\\/uploads\\\/2021\\\/02\\\/Catalin-Silegeanu-Botosani.jpg\",\"datePublished\":\"2021-02-28T15:40:19+00:00\",\"breadcrumb\":{\"@id\":\"https:\\\/\\\/curierulsatelor.ro\\\/wp\\\/2021\\\/02\\\/28\\\/silegeanu-consecvent-da-de-pamant-cu-politicienii-de-gradinita-si-orgoliile-politice\\\/#breadcrumb\"},\"inLanguage\":\"ro-RO\",\"potentialAction\":[{\"@type\":\"ReadAction\",\"target\":[\"https:\\\/\\\/curierulsatelor.ro\\\/wp\\\/2021\\\/02\\\/28\\\/silegeanu-consecvent-da-de-pamant-cu-politicienii-de-gradinita-si-orgoliile-politice\\\/\"]}]},{\"@type\":\"ImageObject\",\"inLanguage\":\"ro-RO\",\"@id\":\"https:\\\/\\\/curierulsatelor.ro\\\/wp\\\/2021\\\/02\\\/28\\\/silegeanu-consecvent-da-de-pamant-cu-politicienii-de-gradinita-si-orgoliile-politice\\\/#primaryimage\",\"url\":\"https:\\\/\\\/curierulsatelor.ro\\\/wp\\\/wp-content\\\/uploads\\\/2021\\\/02\\\/Catalin-Silegeanu-Botosani.jpg\",\"contentUrl\":\"https:\\\/\\\/curierulsatelor.ro\\\/wp\\\/wp-content\\\/uploads\\\/2021\\\/02\\\/Catalin-Silegeanu-Botosani.jpg\",\"width\":2549,\"height\":1745},{\"@type\":\"BreadcrumbList\",\"@id\":\"https:\\\/\\\/curierulsatelor.ro\\\/wp\\\/2021\\\/02\\\/28\\\/silegeanu-consecvent-da-de-pamant-cu-politicienii-de-gradinita-si-orgoliile-politice\\\/#breadcrumb\",\"itemListElement\":[{\"@type\":\"ListItem\",\"position\":1,\"name\":\"Prima pagin\u0103\",\"item\":\"https:\\\/\\\/curierulsatelor.ro\\\/wp\\\/\"},{\"@type\":\"ListItem\",\"position\":2,\"name\":\"Silegeanu consecvent: d\u0103 de p\u0103m\u00e2nt cu politicienii de gr\u0103dini\u021b\u0103 \u0219i orgoliile politice\"}]},{\"@type\":\"WebSite\",\"@id\":\"https:\\\/\\\/curierulsatelor.ro\\\/wp\\\/#website\",\"url\":\"https:\\\/\\\/curierulsatelor.ro\\\/wp\\\/\",\"name\":\"Curierul Regional\",\"description\":\"\",\"publisher\":{\"@id\":\"https:\\\/\\\/curierulsatelor.ro\\\/wp\\\/#organization\"},\"potentialAction\":[{\"@type\":\"SearchAction\",\"target\":{\"@type\":\"EntryPoint\",\"urlTemplate\":\"https:\\\/\\\/curierulsatelor.ro\\\/wp\\\/?s={search_term_string}\"},\"query-input\":{\"@type\":\"PropertyValueSpecification\",\"valueRequired\":true,\"valueName\":\"search_term_string\"}}],\"inLanguage\":\"ro-RO\"},{\"@type\":\"Organization\",\"@id\":\"https:\\\/\\\/curierulsatelor.ro\\\/wp\\\/#organization\",\"name\":\"Curierul Regional\",\"url\":\"https:\\\/\\\/curierulsatelor.ro\\\/wp\\\/\",\"logo\":{\"@type\":\"ImageObject\",\"inLanguage\":\"ro-RO\",\"@id\":\"https:\\\/\\\/curierulsatelor.ro\\\/wp\\\/#\\\/schema\\\/logo\\\/image\\\/\",\"url\":\"https:\\\/\\\/curierulsatelor.ro\\\/wp\\\/wp-content\\\/uploads\\\/2020\\\/01\\\/Curierul-Regional-si-Curierul-satelor-logo-header.png\",\"contentUrl\":\"https:\\\/\\\/curierulsatelor.ro\\\/wp\\\/wp-content\\\/uploads\\\/2020\\\/01\\\/Curierul-Regional-si-Curierul-satelor-logo-header.png\",\"width\":2943,\"height\":685,\"caption\":\"Curierul Regional\"},\"image\":{\"@id\":\"https:\\\/\\\/curierulsatelor.ro\\\/wp\\\/#\\\/schema\\\/logo\\\/image\\\/\"}},{\"@type\":\"Person\",\"@id\":\"https:\\\/\\\/curierulsatelor.ro\\\/wp\\\/#\\\/schema\\\/person\\\/6f6b28a030e15d619a82894773d6e7b9\",\"name\":\"Marian Morosan\",\"image\":{\"@type\":\"ImageObject\",\"inLanguage\":\"ro-RO\",\"@id\":\"https:\\\/\\\/secure.gravatar.com\\\/avatar\\\/2e833cc9ab99e6bca46266d4ad9030d308346ff7ff0b6b955c29b74cafaf064b?s=96&d=mm&r=g\",\"url\":\"https:\\\/\\\/secure.gravatar.com\\\/avatar\\\/2e833cc9ab99e6bca46266d4ad9030d308346ff7ff0b6b955c29b74cafaf064b?s=96&d=mm&r=g\",\"contentUrl\":\"https:\\\/\\\/secure.gravatar.com\\\/avatar\\\/2e833cc9ab99e6bca46266d4ad9030d308346ff7ff0b6b955c29b74cafaf064b?s=96&d=mm&r=g\",\"caption\":\"Marian Morosan\"},\"description\":\"Copiilor no\u015ftri li se preg\u0103te\u015fte, incon\u015ftient, o lume de joben ciuruit, din care niciodat\u0103 nu iese iepura\u015ful. Doar panglicile politicilor sociale roase de moliile cu \u015ftaif din ultimele decenii. Suntem oropsi\u0163i, suntem dispera\u0163i, manipula\u0163i p\u00e2n\u0103 acolo \u00eenc\u00e2t ne bucur\u0103m s\u0103 fim masa de manevr\u0103 a unora \u015fi s\u0103 sus\u0163inem c\u0103 a\u015fa e normal. Acum \u00eel \u00een\u0163eleg pe Cioran, dar \u00eel \u00een\u0163eleg mai bine \u015fi pe Preda. \u015ei m\u0103 g\u00e2ndesc iar, cu groaz\u0103, la copilul meu. Cel pu\u0163in eu nu \u00eemi doresc s\u0103 \u015ftiu c\u0103 micu\u0163ul meu va fi singur, cu sufletul descul\u0163, prin jungla mileniului III ! https:\\\/\\\/curierulsatelor.ro\\\/wp\\\/2019\\\/10\\\/16\\\/cu-sufletul-descult-prin-jungla-mileniului-iii-editorial\\\/\",\"sameAs\":[\"http:\\\/\\\/admin\"],\"url\":\"https:\\\/\\\/curierulsatelor.ro\\\/wp\\\/author\\\/admin\\\/\"}]}<\/script>\n<!-- \/ Yoast SEO plugin. -->","yoast_head_json":{"title":"Silegeanu consecvent: d\u0103 de p\u0103m\u00e2nt cu politicienii de gr\u0103dini\u021b\u0103 \u0219i orgoliile politice - Curierul Regional","robots":{"index":"index","follow":"follow","max-snippet":"max-snippet:-1","max-image-preview":"max-image-preview:large","max-video-preview":"max-video-preview:-1"},"canonical":"https:\/\/curierulsatelor.ro\/wp\/2021\/02\/28\/silegeanu-consecvent-da-de-pamant-cu-politicienii-de-gradinita-si-orgoliile-politice\/","og_locale":"ro_RO","og_type":"article","og_title":"Silegeanu consecvent: d\u0103 de p\u0103m\u00e2nt cu politicienii de gr\u0103dini\u021b\u0103 \u0219i orgoliile politice - Curierul Regional","og_description":"\u0218i-a dorit s\u0103 dovedeasc\u0103, m\u0103car un mandat, c\u0103 vrea \u0219i poate dezvolta Boto\u0219aniul, c\u0103 are...","og_url":"https:\/\/curierulsatelor.ro\/wp\/2021\/02\/28\/silegeanu-consecvent-da-de-pamant-cu-politicienii-de-gradinita-si-orgoliile-politice\/","og_site_name":"Curierul Regional","article_published_time":"2021-02-28T15:40:19+00:00","og_image":[{"width":2549,"height":1745,"url":"https:\/\/curierulsatelor.ro\/wp\/wp-content\/uploads\/2021\/02\/Catalin-Silegeanu-Botosani.jpg","type":"image\/jpeg"}],"author":"Marian Morosan","twitter_card":"summary_large_image","twitter_misc":{"Scris de":"Marian Morosan","Timp estimat pentru citire":"4 minute"},"schema":{"@context":"https:\/\/schema.org","@graph":[{"@type":"Article","@id":"https:\/\/curierulsatelor.ro\/wp\/2021\/02\/28\/silegeanu-consecvent-da-de-pamant-cu-politicienii-de-gradinita-si-orgoliile-politice\/#article","isPartOf":{"@id":"https:\/\/curierulsatelor.ro\/wp\/2021\/02\/28\/silegeanu-consecvent-da-de-pamant-cu-politicienii-de-gradinita-si-orgoliile-politice\/"},"author":{"name":"Marian Morosan","@id":"https:\/\/curierulsatelor.ro\/wp\/#\/schema\/person\/6f6b28a030e15d619a82894773d6e7b9"},"headline":"Silegeanu consecvent: d\u0103 de p\u0103m\u00e2nt cu politicienii de gr\u0103dini\u021b\u0103 \u0219i orgoliile politice","datePublished":"2021-02-28T15:40:19+00:00","mainEntityOfPage":{"@id":"https:\/\/curierulsatelor.ro\/wp\/2021\/02\/28\/silegeanu-consecvent-da-de-pamant-cu-politicienii-de-gradinita-si-orgoliile-politice\/"},"wordCount":878,"commentCount":0,"publisher":{"@id":"https:\/\/curierulsatelor.ro\/wp\/#organization"},"image":{"@id":"https:\/\/curierulsatelor.ro\/wp\/2021\/02\/28\/silegeanu-consecvent-da-de-pamant-cu-politicienii-de-gradinita-si-orgoliile-politice\/#primaryimage"},"thumbnailUrl":"https:\/\/curierulsatelor.ro\/wp\/wp-content\/uploads\/2021\/02\/Catalin-Silegeanu-Botosani.jpg","articleSection":["Comunicate","Opinii","Politica"],"inLanguage":"ro-RO","potentialAction":[{"@type":"CommentAction","name":"Comment","target":["https:\/\/curierulsatelor.ro\/wp\/2021\/02\/28\/silegeanu-consecvent-da-de-pamant-cu-politicienii-de-gradinita-si-orgoliile-politice\/#respond"]}]},{"@type":"WebPage","@id":"https:\/\/curierulsatelor.ro\/wp\/2021\/02\/28\/silegeanu-consecvent-da-de-pamant-cu-politicienii-de-gradinita-si-orgoliile-politice\/","url":"https:\/\/curierulsatelor.ro\/wp\/2021\/02\/28\/silegeanu-consecvent-da-de-pamant-cu-politicienii-de-gradinita-si-orgoliile-politice\/","name":"Silegeanu consecvent: d\u0103 de p\u0103m\u00e2nt cu politicienii de gr\u0103dini\u021b\u0103 \u0219i orgoliile politice - Curierul Regional","isPartOf":{"@id":"https:\/\/curierulsatelor.ro\/wp\/#website"},"primaryImageOfPage":{"@id":"https:\/\/curierulsatelor.ro\/wp\/2021\/02\/28\/silegeanu-consecvent-da-de-pamant-cu-politicienii-de-gradinita-si-orgoliile-politice\/#primaryimage"},"image":{"@id":"https:\/\/curierulsatelor.ro\/wp\/2021\/02\/28\/silegeanu-consecvent-da-de-pamant-cu-politicienii-de-gradinita-si-orgoliile-politice\/#primaryimage"},"thumbnailUrl":"https:\/\/curierulsatelor.ro\/wp\/wp-content\/uploads\/2021\/02\/Catalin-Silegeanu-Botosani.jpg","datePublished":"2021-02-28T15:40:19+00:00","breadcrumb":{"@id":"https:\/\/curierulsatelor.ro\/wp\/2021\/02\/28\/silegeanu-consecvent-da-de-pamant-cu-politicienii-de-gradinita-si-orgoliile-politice\/#breadcrumb"},"inLanguage":"ro-RO","potentialAction":[{"@type":"ReadAction","target":["https:\/\/curierulsatelor.ro\/wp\/2021\/02\/28\/silegeanu-consecvent-da-de-pamant-cu-politicienii-de-gradinita-si-orgoliile-politice\/"]}]},{"@type":"ImageObject","inLanguage":"ro-RO","@id":"https:\/\/curierulsatelor.ro\/wp\/2021\/02\/28\/silegeanu-consecvent-da-de-pamant-cu-politicienii-de-gradinita-si-orgoliile-politice\/#primaryimage","url":"https:\/\/curierulsatelor.ro\/wp\/wp-content\/uploads\/2021\/02\/Catalin-Silegeanu-Botosani.jpg","contentUrl":"https:\/\/curierulsatelor.ro\/wp\/wp-content\/uploads\/2021\/02\/Catalin-Silegeanu-Botosani.jpg","width":2549,"height":1745},{"@type":"BreadcrumbList","@id":"https:\/\/curierulsatelor.ro\/wp\/2021\/02\/28\/silegeanu-consecvent-da-de-pamant-cu-politicienii-de-gradinita-si-orgoliile-politice\/#breadcrumb","itemListElement":[{"@type":"ListItem","position":1,"name":"Prima pagin\u0103","item":"https:\/\/curierulsatelor.ro\/wp\/"},{"@type":"ListItem","position":2,"name":"Silegeanu consecvent: d\u0103 de p\u0103m\u00e2nt cu politicienii de gr\u0103dini\u021b\u0103 \u0219i orgoliile politice"}]},{"@type":"WebSite","@id":"https:\/\/curierulsatelor.ro\/wp\/#website","url":"https:\/\/curierulsatelor.ro\/wp\/","name":"Curierul Regional","description":"","publisher":{"@id":"https:\/\/curierulsatelor.ro\/wp\/#organization"},"potentialAction":[{"@type":"SearchAction","target":{"@type":"EntryPoint","urlTemplate":"https:\/\/curierulsatelor.ro\/wp\/?s={search_term_string}"},"query-input":{"@type":"PropertyValueSpecification","valueRequired":true,"valueName":"search_term_string"}}],"inLanguage":"ro-RO"},{"@type":"Organization","@id":"https:\/\/curierulsatelor.ro\/wp\/#organization","name":"Curierul Regional","url":"https:\/\/curierulsatelor.ro\/wp\/","logo":{"@type":"ImageObject","inLanguage":"ro-RO","@id":"https:\/\/curierulsatelor.ro\/wp\/#\/schema\/logo\/image\/","url":"https:\/\/curierulsatelor.ro\/wp\/wp-content\/uploads\/2020\/01\/Curierul-Regional-si-Curierul-satelor-logo-header.png","contentUrl":"https:\/\/curierulsatelor.ro\/wp\/wp-content\/uploads\/2020\/01\/Curierul-Regional-si-Curierul-satelor-logo-header.png","width":2943,"height":685,"caption":"Curierul Regional"},"image":{"@id":"https:\/\/curierulsatelor.ro\/wp\/#\/schema\/logo\/image\/"}},{"@type":"Person","@id":"https:\/\/curierulsatelor.ro\/wp\/#\/schema\/person\/6f6b28a030e15d619a82894773d6e7b9","name":"Marian Morosan","image":{"@type":"ImageObject","inLanguage":"ro-RO","@id":"https:\/\/secure.gravatar.com\/avatar\/2e833cc9ab99e6bca46266d4ad9030d308346ff7ff0b6b955c29b74cafaf064b?s=96&d=mm&r=g","url":"https:\/\/secure.gravatar.com\/avatar\/2e833cc9ab99e6bca46266d4ad9030d308346ff7ff0b6b955c29b74cafaf064b?s=96&d=mm&r=g","contentUrl":"https:\/\/secure.gravatar.com\/avatar\/2e833cc9ab99e6bca46266d4ad9030d308346ff7ff0b6b955c29b74cafaf064b?s=96&d=mm&r=g","caption":"Marian Morosan"},"description":"Copiilor no\u015ftri li se preg\u0103te\u015fte, incon\u015ftient, o lume de joben ciuruit, din care niciodat\u0103 nu iese iepura\u015ful. Doar panglicile politicilor sociale roase de moliile cu \u015ftaif din ultimele decenii. Suntem oropsi\u0163i, suntem dispera\u0163i, manipula\u0163i p\u00e2n\u0103 acolo \u00eenc\u00e2t ne bucur\u0103m s\u0103 fim masa de manevr\u0103 a unora \u015fi s\u0103 sus\u0163inem c\u0103 a\u015fa e normal. Acum \u00eel \u00een\u0163eleg pe Cioran, dar \u00eel \u00een\u0163eleg mai bine \u015fi pe Preda. \u015ei m\u0103 g\u00e2ndesc iar, cu groaz\u0103, la copilul meu. Cel pu\u0163in eu nu \u00eemi doresc s\u0103 \u015ftiu c\u0103 micu\u0163ul meu va fi singur, cu sufletul descul\u0163, prin jungla mileniului III ! https:\/\/curierulsatelor.ro\/wp\/2019\/10\/16\/cu-sufletul-descult-prin-jungla-mileniului-iii-editorial\/","sameAs":["http:\/\/admin"],"url":"https:\/\/curierulsatelor.ro\/wp\/author\/admin\/"}]}},"_links":{"self":[{"href":"https:\/\/curierulsatelor.ro\/wp\/wp-json\/wp\/v2\/posts\/5060","targetHints":{"allow":["GET"]}}],"collection":[{"href":"https:\/\/curierulsatelor.ro\/wp\/wp-json\/wp\/v2\/posts"}],"about":[{"href":"https:\/\/curierulsatelor.ro\/wp\/wp-json\/wp\/v2\/types\/post"}],"author":[{"embeddable":true,"href":"https:\/\/curierulsatelor.ro\/wp\/wp-json\/wp\/v2\/users\/1"}],"replies":[{"embeddable":true,"href":"https:\/\/curierulsatelor.ro\/wp\/wp-json\/wp\/v2\/comments?post=5060"}],"version-history":[{"count":1,"href":"https:\/\/curierulsatelor.ro\/wp\/wp-json\/wp\/v2\/posts\/5060\/revisions"}],"predecessor-version":[{"id":5063,"href":"https:\/\/curierulsatelor.ro\/wp\/wp-json\/wp\/v2\/posts\/5060\/revisions\/5063"}],"wp:featuredmedia":[{"embeddable":true,"href":"https:\/\/curierulsatelor.ro\/wp\/wp-json\/wp\/v2\/media\/5062"}],"wp:attachment":[{"href":"https:\/\/curierulsatelor.ro\/wp\/wp-json\/wp\/v2\/media?parent=5060"}],"wp:term":[{"taxonomy":"category","embeddable":true,"href":"https:\/\/curierulsatelor.ro\/wp\/wp-json\/wp\/v2\/categories?post=5060"},{"taxonomy":"post_tag","embeddable":true,"href":"https:\/\/curierulsatelor.ro\/wp\/wp-json\/wp\/v2\/tags?post=5060"}],"curies":[{"name":"wp","href":"https:\/\/api.w.org\/{rel}","templated":true}]}}