{"id":5113,"date":"2021-03-10T07:09:13","date_gmt":"2021-03-10T07:09:13","guid":{"rendered":"https:\/\/curierulsatelor.ro\/wp\/?p=5113"},"modified":"2021-03-10T07:33:38","modified_gmt":"2021-03-10T07:33:38","slug":"politicin-vanat-pentru-pirostrii-vezi-ce-face-magnatul-deseurilor-in-visele-fetelor","status":"publish","type":"post","link":"https:\/\/curierulsatelor.ro\/wp\/2021\/03\/10\/politicin-vanat-pentru-pirostrii-vezi-ce-face-magnatul-deseurilor-in-visele-fetelor\/","title":{"rendered":"Politician v\u00e2nat pentru pirostrii. Vezi ce face magnatul de\u015feurilor \u00een visele fetelor"},"content":{"rendered":"\n<p>Este vicepre\u0219edinte al Patronatului Na\u021bional Rom\u00e2n, este managerul unui business \u0219i al unui brand care a trecut grani\u021bele \u021b\u0103rii &#8211; Hidroplasto (transform\u0103 de\u0219eurile \u00een ce nu au reu\u0219it al\u021bii), este t\u00e2n\u0103rul care a f\u0103cut furori, a dat emo\u021bii \u0219i a adunat voturi c\u00e2t to\u021bi membrii altor partide la un loc, \u00een campani electoral\u0103, este una din cele mai atipice vedete din jude\u021bul Boto\u0219ani &#8211; C\u0103t\u0103lin Silegeanu. <\/p>\n\n\n\n<p>De c\u00e2teva zile acesta mai are o misiune . Foarte grea. Va trebui s\u0103 fac\u0103 fa\u021b\u0103 afluxului de simpatie al fetelor care doresc s\u0103 devin\u0103 mireasa \u201dmagnatului de\u0219eurilor\u201d. \u00cen visele multora, C\u0103t\u0103lin a devenit cel mai r\u00e2vnit burlac. Dup\u0103 ce de\u021bin\u0103torul titlului neoficial, Tiberiu Nichiteanu, a confirmat c\u0103 se \u00eensoar\u0103. Din acel moment e clar c\u0103 t\u00e2n\u0103rul antreprenor C\u0103t\u0103lin Silegeanu joac\u0103 \u00een fiecare noapte, prea adesea \u0219i ziua, \u00een visele fetelor, rolul Zbur\u0103torlui din scrierea lui Ion Heliade R\u0103dulescu sau din mitologia popular\u0103 rom\u00e2neasc\u0103. Toate vor s\u0103-\u0219i pun\u0103 pirostriile cu C\u0103t\u0103lin. Adic\u0103 s\u0103 se m\u0103rite. Pentru a evita interven\u021biile \u201dp\u0103rerologilor\u201d, red\u0103m mai jos trimiterea c\u0103tre defini\u021bia termenului \u0219i expresiei \u201da-\u0219i pune pirostriile\u201d. Nu de alta, dar am obosit \u0219i noi num\u0103r\u00e2nd pro\u0219tii din lumea asta, vorba unui apreciat \u0219i regretat profesor de matematic\u0103. <\/p>\n\n\n\n<figure class=\"wp-block-embed\"><div class=\"wp-block-embed__wrapper\">\nhttps:\/\/dexonline.ro\/definitie\/pirostrie\n<\/div><\/figure>\n","protected":false},"excerpt":{"rendered":"<p>Este vicepre\u0219edinte al Patronatului Na\u021bional Rom\u00e2n, este managerul unui business \u0219i al unui brand care&#8230;<\/p>\n","protected":false},"author":1,"featured_media":5114,"comment_status":"open","ping_status":"open","sticky":false,"template":"","format":"standard","meta":{"footnotes":""},"categories":[6,11],"tags":[],"class_list":["post-5113","post","type-post","status-publish","format-standard","has-post-thumbnail","hentry","category-politica","category-stiri"],"yoast_head":"<!-- This site is optimized with the Yoast SEO plugin v27.4 - https:\/\/yoast.com\/product\/yoast-seo-wordpress\/ -->\n<title>Politician v\u00e2nat pentru pirostrii. Vezi ce face magnatul de\u015feurilor \u00een visele fetelor - Curierul Regional<\/title>\n<meta name=\"robots\" content=\"index, follow, max-snippet:-1, max-image-preview:large, max-video-preview:-1\" \/>\n<link rel=\"canonical\" href=\"https:\/\/curierulsatelor.ro\/wp\/2021\/03\/10\/politicin-vanat-pentru-pirostrii-vezi-ce-face-magnatul-deseurilor-in-visele-fetelor\/\" \/>\n<meta property=\"og:locale\" content=\"ro_RO\" \/>\n<meta property=\"og:type\" content=\"article\" \/>\n<meta property=\"og:title\" content=\"Politician v\u00e2nat pentru pirostrii. Vezi ce face magnatul de\u015feurilor \u00een visele fetelor - Curierul Regional\" \/>\n<meta property=\"og:description\" content=\"Este vicepre\u0219edinte al Patronatului Na\u021bional Rom\u00e2n, este managerul unui business \u0219i al unui brand care...\" \/>\n<meta property=\"og:url\" content=\"https:\/\/curierulsatelor.ro\/wp\/2021\/03\/10\/politicin-vanat-pentru-pirostrii-vezi-ce-face-magnatul-deseurilor-in-visele-fetelor\/\" \/>\n<meta property=\"og:site_name\" content=\"Curierul Regional\" \/>\n<meta property=\"article:published_time\" content=\"2021-03-10T07:09:13+00:00\" \/>\n<meta property=\"article:modified_time\" content=\"2021-03-10T07:33:38+00:00\" \/>\n<meta property=\"og:image\" content=\"https:\/\/curierulsatelor.ro\/wp\/wp-content\/uploads\/2021\/03\/Catalin-Silegeanu-burlac-vanat-fete-Hidroplasto-scaled.jpg\" \/>\n\t<meta property=\"og:image:width\" content=\"2560\" \/>\n\t<meta property=\"og:image:height\" content=\"1708\" \/>\n\t<meta property=\"og:image:type\" content=\"image\/jpeg\" \/>\n<meta name=\"author\" content=\"Marian Morosan\" \/>\n<meta name=\"twitter:card\" content=\"summary_large_image\" \/>\n<meta name=\"twitter:label1\" content=\"Scris de\" \/>\n\t<meta name=\"twitter:data1\" content=\"Marian Morosan\" \/>\n\t<meta name=\"twitter:label2\" content=\"Timp estimat pentru citire\" \/>\n\t<meta name=\"twitter:data2\" content=\"1 minut\" \/>\n<script type=\"application\/ld+json\" class=\"yoast-schema-graph\">{\"@context\":\"https:\\\/\\\/schema.org\",\"@graph\":[{\"@type\":\"Article\",\"@id\":\"https:\\\/\\\/curierulsatelor.ro\\\/wp\\\/2021\\\/03\\\/10\\\/politicin-vanat-pentru-pirostrii-vezi-ce-face-magnatul-deseurilor-in-visele-fetelor\\\/#article\",\"isPartOf\":{\"@id\":\"https:\\\/\\\/curierulsatelor.ro\\\/wp\\\/2021\\\/03\\\/10\\\/politicin-vanat-pentru-pirostrii-vezi-ce-face-magnatul-deseurilor-in-visele-fetelor\\\/\"},\"author\":{\"name\":\"Marian Morosan\",\"@id\":\"https:\\\/\\\/curierulsatelor.ro\\\/wp\\\/#\\\/schema\\\/person\\\/6f6b28a030e15d619a82894773d6e7b9\"},\"headline\":\"Politician v\u00e2nat pentru pirostrii. Vezi ce face magnatul de\u015feurilor \u00een visele fetelor\",\"datePublished\":\"2021-03-10T07:09:13+00:00\",\"dateModified\":\"2021-03-10T07:33:38+00:00\",\"mainEntityOfPage\":{\"@id\":\"https:\\\/\\\/curierulsatelor.ro\\\/wp\\\/2021\\\/03\\\/10\\\/politicin-vanat-pentru-pirostrii-vezi-ce-face-magnatul-deseurilor-in-visele-fetelor\\\/\"},\"wordCount\":262,\"commentCount\":0,\"publisher\":{\"@id\":\"https:\\\/\\\/curierulsatelor.ro\\\/wp\\\/#organization\"},\"image\":{\"@id\":\"https:\\\/\\\/curierulsatelor.ro\\\/wp\\\/2021\\\/03\\\/10\\\/politicin-vanat-pentru-pirostrii-vezi-ce-face-magnatul-deseurilor-in-visele-fetelor\\\/#primaryimage\"},\"thumbnailUrl\":\"https:\\\/\\\/curierulsatelor.ro\\\/wp\\\/wp-content\\\/uploads\\\/2021\\\/03\\\/Catalin-Silegeanu-burlac-vanat-fete-Hidroplasto-scaled.jpg\",\"articleSection\":[\"Politica\",\"Stiri\"],\"inLanguage\":\"ro-RO\",\"potentialAction\":[{\"@type\":\"CommentAction\",\"name\":\"Comment\",\"target\":[\"https:\\\/\\\/curierulsatelor.ro\\\/wp\\\/2021\\\/03\\\/10\\\/politicin-vanat-pentru-pirostrii-vezi-ce-face-magnatul-deseurilor-in-visele-fetelor\\\/#respond\"]}]},{\"@type\":\"WebPage\",\"@id\":\"https:\\\/\\\/curierulsatelor.ro\\\/wp\\\/2021\\\/03\\\/10\\\/politicin-vanat-pentru-pirostrii-vezi-ce-face-magnatul-deseurilor-in-visele-fetelor\\\/\",\"url\":\"https:\\\/\\\/curierulsatelor.ro\\\/wp\\\/2021\\\/03\\\/10\\\/politicin-vanat-pentru-pirostrii-vezi-ce-face-magnatul-deseurilor-in-visele-fetelor\\\/\",\"name\":\"Politician v\u00e2nat pentru pirostrii. Vezi ce face magnatul de\u015feurilor \u00een visele fetelor - Curierul Regional\",\"isPartOf\":{\"@id\":\"https:\\\/\\\/curierulsatelor.ro\\\/wp\\\/#website\"},\"primaryImageOfPage\":{\"@id\":\"https:\\\/\\\/curierulsatelor.ro\\\/wp\\\/2021\\\/03\\\/10\\\/politicin-vanat-pentru-pirostrii-vezi-ce-face-magnatul-deseurilor-in-visele-fetelor\\\/#primaryimage\"},\"image\":{\"@id\":\"https:\\\/\\\/curierulsatelor.ro\\\/wp\\\/2021\\\/03\\\/10\\\/politicin-vanat-pentru-pirostrii-vezi-ce-face-magnatul-deseurilor-in-visele-fetelor\\\/#primaryimage\"},\"thumbnailUrl\":\"https:\\\/\\\/curierulsatelor.ro\\\/wp\\\/wp-content\\\/uploads\\\/2021\\\/03\\\/Catalin-Silegeanu-burlac-vanat-fete-Hidroplasto-scaled.jpg\",\"datePublished\":\"2021-03-10T07:09:13+00:00\",\"dateModified\":\"2021-03-10T07:33:38+00:00\",\"breadcrumb\":{\"@id\":\"https:\\\/\\\/curierulsatelor.ro\\\/wp\\\/2021\\\/03\\\/10\\\/politicin-vanat-pentru-pirostrii-vezi-ce-face-magnatul-deseurilor-in-visele-fetelor\\\/#breadcrumb\"},\"inLanguage\":\"ro-RO\",\"potentialAction\":[{\"@type\":\"ReadAction\",\"target\":[\"https:\\\/\\\/curierulsatelor.ro\\\/wp\\\/2021\\\/03\\\/10\\\/politicin-vanat-pentru-pirostrii-vezi-ce-face-magnatul-deseurilor-in-visele-fetelor\\\/\"]}]},{\"@type\":\"ImageObject\",\"inLanguage\":\"ro-RO\",\"@id\":\"https:\\\/\\\/curierulsatelor.ro\\\/wp\\\/2021\\\/03\\\/10\\\/politicin-vanat-pentru-pirostrii-vezi-ce-face-magnatul-deseurilor-in-visele-fetelor\\\/#primaryimage\",\"url\":\"https:\\\/\\\/curierulsatelor.ro\\\/wp\\\/wp-content\\\/uploads\\\/2021\\\/03\\\/Catalin-Silegeanu-burlac-vanat-fete-Hidroplasto-scaled.jpg\",\"contentUrl\":\"https:\\\/\\\/curierulsatelor.ro\\\/wp\\\/wp-content\\\/uploads\\\/2021\\\/03\\\/Catalin-Silegeanu-burlac-vanat-fete-Hidroplasto-scaled.jpg\",\"width\":2560,\"height\":1708},{\"@type\":\"BreadcrumbList\",\"@id\":\"https:\\\/\\\/curierulsatelor.ro\\\/wp\\\/2021\\\/03\\\/10\\\/politicin-vanat-pentru-pirostrii-vezi-ce-face-magnatul-deseurilor-in-visele-fetelor\\\/#breadcrumb\",\"itemListElement\":[{\"@type\":\"ListItem\",\"position\":1,\"name\":\"Prima pagin\u0103\",\"item\":\"https:\\\/\\\/curierulsatelor.ro\\\/wp\\\/\"},{\"@type\":\"ListItem\",\"position\":2,\"name\":\"Politician v\u00e2nat pentru pirostrii. Vezi ce face magnatul de\u015feurilor \u00een visele fetelor\"}]},{\"@type\":\"WebSite\",\"@id\":\"https:\\\/\\\/curierulsatelor.ro\\\/wp\\\/#website\",\"url\":\"https:\\\/\\\/curierulsatelor.ro\\\/wp\\\/\",\"name\":\"Curierul Regional\",\"description\":\"\",\"publisher\":{\"@id\":\"https:\\\/\\\/curierulsatelor.ro\\\/wp\\\/#organization\"},\"potentialAction\":[{\"@type\":\"SearchAction\",\"target\":{\"@type\":\"EntryPoint\",\"urlTemplate\":\"https:\\\/\\\/curierulsatelor.ro\\\/wp\\\/?s={search_term_string}\"},\"query-input\":{\"@type\":\"PropertyValueSpecification\",\"valueRequired\":true,\"valueName\":\"search_term_string\"}}],\"inLanguage\":\"ro-RO\"},{\"@type\":\"Organization\",\"@id\":\"https:\\\/\\\/curierulsatelor.ro\\\/wp\\\/#organization\",\"name\":\"Curierul Regional\",\"url\":\"https:\\\/\\\/curierulsatelor.ro\\\/wp\\\/\",\"logo\":{\"@type\":\"ImageObject\",\"inLanguage\":\"ro-RO\",\"@id\":\"https:\\\/\\\/curierulsatelor.ro\\\/wp\\\/#\\\/schema\\\/logo\\\/image\\\/\",\"url\":\"https:\\\/\\\/curierulsatelor.ro\\\/wp\\\/wp-content\\\/uploads\\\/2020\\\/01\\\/Curierul-Regional-si-Curierul-satelor-logo-header.png\",\"contentUrl\":\"https:\\\/\\\/curierulsatelor.ro\\\/wp\\\/wp-content\\\/uploads\\\/2020\\\/01\\\/Curierul-Regional-si-Curierul-satelor-logo-header.png\",\"width\":2943,\"height\":685,\"caption\":\"Curierul Regional\"},\"image\":{\"@id\":\"https:\\\/\\\/curierulsatelor.ro\\\/wp\\\/#\\\/schema\\\/logo\\\/image\\\/\"}},{\"@type\":\"Person\",\"@id\":\"https:\\\/\\\/curierulsatelor.ro\\\/wp\\\/#\\\/schema\\\/person\\\/6f6b28a030e15d619a82894773d6e7b9\",\"name\":\"Marian Morosan\",\"image\":{\"@type\":\"ImageObject\",\"inLanguage\":\"ro-RO\",\"@id\":\"https:\\\/\\\/secure.gravatar.com\\\/avatar\\\/2e833cc9ab99e6bca46266d4ad9030d308346ff7ff0b6b955c29b74cafaf064b?s=96&d=mm&r=g\",\"url\":\"https:\\\/\\\/secure.gravatar.com\\\/avatar\\\/2e833cc9ab99e6bca46266d4ad9030d308346ff7ff0b6b955c29b74cafaf064b?s=96&d=mm&r=g\",\"contentUrl\":\"https:\\\/\\\/secure.gravatar.com\\\/avatar\\\/2e833cc9ab99e6bca46266d4ad9030d308346ff7ff0b6b955c29b74cafaf064b?s=96&d=mm&r=g\",\"caption\":\"Marian Morosan\"},\"description\":\"Copiilor no\u015ftri li se preg\u0103te\u015fte, incon\u015ftient, o lume de joben ciuruit, din care niciodat\u0103 nu iese iepura\u015ful. Doar panglicile politicilor sociale roase de moliile cu \u015ftaif din ultimele decenii. Suntem oropsi\u0163i, suntem dispera\u0163i, manipula\u0163i p\u00e2n\u0103 acolo \u00eenc\u00e2t ne bucur\u0103m s\u0103 fim masa de manevr\u0103 a unora \u015fi s\u0103 sus\u0163inem c\u0103 a\u015fa e normal. Acum \u00eel \u00een\u0163eleg pe Cioran, dar \u00eel \u00een\u0163eleg mai bine \u015fi pe Preda. \u015ei m\u0103 g\u00e2ndesc iar, cu groaz\u0103, la copilul meu. Cel pu\u0163in eu nu \u00eemi doresc s\u0103 \u015ftiu c\u0103 micu\u0163ul meu va fi singur, cu sufletul descul\u0163, prin jungla mileniului III ! https:\\\/\\\/curierulsatelor.ro\\\/wp\\\/2019\\\/10\\\/16\\\/cu-sufletul-descult-prin-jungla-mileniului-iii-editorial\\\/\",\"sameAs\":[\"http:\\\/\\\/admin\"],\"url\":\"https:\\\/\\\/curierulsatelor.ro\\\/wp\\\/author\\\/admin\\\/\"}]}<\/script>\n<!-- \/ Yoast SEO plugin. -->","yoast_head_json":{"title":"Politician v\u00e2nat pentru pirostrii. Vezi ce face magnatul de\u015feurilor \u00een visele fetelor - Curierul Regional","robots":{"index":"index","follow":"follow","max-snippet":"max-snippet:-1","max-image-preview":"max-image-preview:large","max-video-preview":"max-video-preview:-1"},"canonical":"https:\/\/curierulsatelor.ro\/wp\/2021\/03\/10\/politicin-vanat-pentru-pirostrii-vezi-ce-face-magnatul-deseurilor-in-visele-fetelor\/","og_locale":"ro_RO","og_type":"article","og_title":"Politician v\u00e2nat pentru pirostrii. Vezi ce face magnatul de\u015feurilor \u00een visele fetelor - Curierul Regional","og_description":"Este vicepre\u0219edinte al Patronatului Na\u021bional Rom\u00e2n, este managerul unui business \u0219i al unui brand care...","og_url":"https:\/\/curierulsatelor.ro\/wp\/2021\/03\/10\/politicin-vanat-pentru-pirostrii-vezi-ce-face-magnatul-deseurilor-in-visele-fetelor\/","og_site_name":"Curierul Regional","article_published_time":"2021-03-10T07:09:13+00:00","article_modified_time":"2021-03-10T07:33:38+00:00","og_image":[{"width":2560,"height":1708,"url":"https:\/\/curierulsatelor.ro\/wp\/wp-content\/uploads\/2021\/03\/Catalin-Silegeanu-burlac-vanat-fete-Hidroplasto-scaled.jpg","type":"image\/jpeg"}],"author":"Marian Morosan","twitter_card":"summary_large_image","twitter_misc":{"Scris de":"Marian Morosan","Timp estimat pentru citire":"1 minut"},"schema":{"@context":"https:\/\/schema.org","@graph":[{"@type":"Article","@id":"https:\/\/curierulsatelor.ro\/wp\/2021\/03\/10\/politicin-vanat-pentru-pirostrii-vezi-ce-face-magnatul-deseurilor-in-visele-fetelor\/#article","isPartOf":{"@id":"https:\/\/curierulsatelor.ro\/wp\/2021\/03\/10\/politicin-vanat-pentru-pirostrii-vezi-ce-face-magnatul-deseurilor-in-visele-fetelor\/"},"author":{"name":"Marian Morosan","@id":"https:\/\/curierulsatelor.ro\/wp\/#\/schema\/person\/6f6b28a030e15d619a82894773d6e7b9"},"headline":"Politician v\u00e2nat pentru pirostrii. Vezi ce face magnatul de\u015feurilor \u00een visele fetelor","datePublished":"2021-03-10T07:09:13+00:00","dateModified":"2021-03-10T07:33:38+00:00","mainEntityOfPage":{"@id":"https:\/\/curierulsatelor.ro\/wp\/2021\/03\/10\/politicin-vanat-pentru-pirostrii-vezi-ce-face-magnatul-deseurilor-in-visele-fetelor\/"},"wordCount":262,"commentCount":0,"publisher":{"@id":"https:\/\/curierulsatelor.ro\/wp\/#organization"},"image":{"@id":"https:\/\/curierulsatelor.ro\/wp\/2021\/03\/10\/politicin-vanat-pentru-pirostrii-vezi-ce-face-magnatul-deseurilor-in-visele-fetelor\/#primaryimage"},"thumbnailUrl":"https:\/\/curierulsatelor.ro\/wp\/wp-content\/uploads\/2021\/03\/Catalin-Silegeanu-burlac-vanat-fete-Hidroplasto-scaled.jpg","articleSection":["Politica","Stiri"],"inLanguage":"ro-RO","potentialAction":[{"@type":"CommentAction","name":"Comment","target":["https:\/\/curierulsatelor.ro\/wp\/2021\/03\/10\/politicin-vanat-pentru-pirostrii-vezi-ce-face-magnatul-deseurilor-in-visele-fetelor\/#respond"]}]},{"@type":"WebPage","@id":"https:\/\/curierulsatelor.ro\/wp\/2021\/03\/10\/politicin-vanat-pentru-pirostrii-vezi-ce-face-magnatul-deseurilor-in-visele-fetelor\/","url":"https:\/\/curierulsatelor.ro\/wp\/2021\/03\/10\/politicin-vanat-pentru-pirostrii-vezi-ce-face-magnatul-deseurilor-in-visele-fetelor\/","name":"Politician v\u00e2nat pentru pirostrii. Vezi ce face magnatul de\u015feurilor \u00een visele fetelor - Curierul Regional","isPartOf":{"@id":"https:\/\/curierulsatelor.ro\/wp\/#website"},"primaryImageOfPage":{"@id":"https:\/\/curierulsatelor.ro\/wp\/2021\/03\/10\/politicin-vanat-pentru-pirostrii-vezi-ce-face-magnatul-deseurilor-in-visele-fetelor\/#primaryimage"},"image":{"@id":"https:\/\/curierulsatelor.ro\/wp\/2021\/03\/10\/politicin-vanat-pentru-pirostrii-vezi-ce-face-magnatul-deseurilor-in-visele-fetelor\/#primaryimage"},"thumbnailUrl":"https:\/\/curierulsatelor.ro\/wp\/wp-content\/uploads\/2021\/03\/Catalin-Silegeanu-burlac-vanat-fete-Hidroplasto-scaled.jpg","datePublished":"2021-03-10T07:09:13+00:00","dateModified":"2021-03-10T07:33:38+00:00","breadcrumb":{"@id":"https:\/\/curierulsatelor.ro\/wp\/2021\/03\/10\/politicin-vanat-pentru-pirostrii-vezi-ce-face-magnatul-deseurilor-in-visele-fetelor\/#breadcrumb"},"inLanguage":"ro-RO","potentialAction":[{"@type":"ReadAction","target":["https:\/\/curierulsatelor.ro\/wp\/2021\/03\/10\/politicin-vanat-pentru-pirostrii-vezi-ce-face-magnatul-deseurilor-in-visele-fetelor\/"]}]},{"@type":"ImageObject","inLanguage":"ro-RO","@id":"https:\/\/curierulsatelor.ro\/wp\/2021\/03\/10\/politicin-vanat-pentru-pirostrii-vezi-ce-face-magnatul-deseurilor-in-visele-fetelor\/#primaryimage","url":"https:\/\/curierulsatelor.ro\/wp\/wp-content\/uploads\/2021\/03\/Catalin-Silegeanu-burlac-vanat-fete-Hidroplasto-scaled.jpg","contentUrl":"https:\/\/curierulsatelor.ro\/wp\/wp-content\/uploads\/2021\/03\/Catalin-Silegeanu-burlac-vanat-fete-Hidroplasto-scaled.jpg","width":2560,"height":1708},{"@type":"BreadcrumbList","@id":"https:\/\/curierulsatelor.ro\/wp\/2021\/03\/10\/politicin-vanat-pentru-pirostrii-vezi-ce-face-magnatul-deseurilor-in-visele-fetelor\/#breadcrumb","itemListElement":[{"@type":"ListItem","position":1,"name":"Prima pagin\u0103","item":"https:\/\/curierulsatelor.ro\/wp\/"},{"@type":"ListItem","position":2,"name":"Politician v\u00e2nat pentru pirostrii. Vezi ce face magnatul de\u015feurilor \u00een visele fetelor"}]},{"@type":"WebSite","@id":"https:\/\/curierulsatelor.ro\/wp\/#website","url":"https:\/\/curierulsatelor.ro\/wp\/","name":"Curierul Regional","description":"","publisher":{"@id":"https:\/\/curierulsatelor.ro\/wp\/#organization"},"potentialAction":[{"@type":"SearchAction","target":{"@type":"EntryPoint","urlTemplate":"https:\/\/curierulsatelor.ro\/wp\/?s={search_term_string}"},"query-input":{"@type":"PropertyValueSpecification","valueRequired":true,"valueName":"search_term_string"}}],"inLanguage":"ro-RO"},{"@type":"Organization","@id":"https:\/\/curierulsatelor.ro\/wp\/#organization","name":"Curierul Regional","url":"https:\/\/curierulsatelor.ro\/wp\/","logo":{"@type":"ImageObject","inLanguage":"ro-RO","@id":"https:\/\/curierulsatelor.ro\/wp\/#\/schema\/logo\/image\/","url":"https:\/\/curierulsatelor.ro\/wp\/wp-content\/uploads\/2020\/01\/Curierul-Regional-si-Curierul-satelor-logo-header.png","contentUrl":"https:\/\/curierulsatelor.ro\/wp\/wp-content\/uploads\/2020\/01\/Curierul-Regional-si-Curierul-satelor-logo-header.png","width":2943,"height":685,"caption":"Curierul Regional"},"image":{"@id":"https:\/\/curierulsatelor.ro\/wp\/#\/schema\/logo\/image\/"}},{"@type":"Person","@id":"https:\/\/curierulsatelor.ro\/wp\/#\/schema\/person\/6f6b28a030e15d619a82894773d6e7b9","name":"Marian Morosan","image":{"@type":"ImageObject","inLanguage":"ro-RO","@id":"https:\/\/secure.gravatar.com\/avatar\/2e833cc9ab99e6bca46266d4ad9030d308346ff7ff0b6b955c29b74cafaf064b?s=96&d=mm&r=g","url":"https:\/\/secure.gravatar.com\/avatar\/2e833cc9ab99e6bca46266d4ad9030d308346ff7ff0b6b955c29b74cafaf064b?s=96&d=mm&r=g","contentUrl":"https:\/\/secure.gravatar.com\/avatar\/2e833cc9ab99e6bca46266d4ad9030d308346ff7ff0b6b955c29b74cafaf064b?s=96&d=mm&r=g","caption":"Marian Morosan"},"description":"Copiilor no\u015ftri li se preg\u0103te\u015fte, incon\u015ftient, o lume de joben ciuruit, din care niciodat\u0103 nu iese iepura\u015ful. Doar panglicile politicilor sociale roase de moliile cu \u015ftaif din ultimele decenii. Suntem oropsi\u0163i, suntem dispera\u0163i, manipula\u0163i p\u00e2n\u0103 acolo \u00eenc\u00e2t ne bucur\u0103m s\u0103 fim masa de manevr\u0103 a unora \u015fi s\u0103 sus\u0163inem c\u0103 a\u015fa e normal. Acum \u00eel \u00een\u0163eleg pe Cioran, dar \u00eel \u00een\u0163eleg mai bine \u015fi pe Preda. \u015ei m\u0103 g\u00e2ndesc iar, cu groaz\u0103, la copilul meu. Cel pu\u0163in eu nu \u00eemi doresc s\u0103 \u015ftiu c\u0103 micu\u0163ul meu va fi singur, cu sufletul descul\u0163, prin jungla mileniului III ! https:\/\/curierulsatelor.ro\/wp\/2019\/10\/16\/cu-sufletul-descult-prin-jungla-mileniului-iii-editorial\/","sameAs":["http:\/\/admin"],"url":"https:\/\/curierulsatelor.ro\/wp\/author\/admin\/"}]}},"_links":{"self":[{"href":"https:\/\/curierulsatelor.ro\/wp\/wp-json\/wp\/v2\/posts\/5113","targetHints":{"allow":["GET"]}}],"collection":[{"href":"https:\/\/curierulsatelor.ro\/wp\/wp-json\/wp\/v2\/posts"}],"about":[{"href":"https:\/\/curierulsatelor.ro\/wp\/wp-json\/wp\/v2\/types\/post"}],"author":[{"embeddable":true,"href":"https:\/\/curierulsatelor.ro\/wp\/wp-json\/wp\/v2\/users\/1"}],"replies":[{"embeddable":true,"href":"https:\/\/curierulsatelor.ro\/wp\/wp-json\/wp\/v2\/comments?post=5113"}],"version-history":[{"count":3,"href":"https:\/\/curierulsatelor.ro\/wp\/wp-json\/wp\/v2\/posts\/5113\/revisions"}],"predecessor-version":[{"id":5117,"href":"https:\/\/curierulsatelor.ro\/wp\/wp-json\/wp\/v2\/posts\/5113\/revisions\/5117"}],"wp:featuredmedia":[{"embeddable":true,"href":"https:\/\/curierulsatelor.ro\/wp\/wp-json\/wp\/v2\/media\/5114"}],"wp:attachment":[{"href":"https:\/\/curierulsatelor.ro\/wp\/wp-json\/wp\/v2\/media?parent=5113"}],"wp:term":[{"taxonomy":"category","embeddable":true,"href":"https:\/\/curierulsatelor.ro\/wp\/wp-json\/wp\/v2\/categories?post=5113"},{"taxonomy":"post_tag","embeddable":true,"href":"https:\/\/curierulsatelor.ro\/wp\/wp-json\/wp\/v2\/tags?post=5113"}],"curies":[{"name":"wp","href":"https:\/\/api.w.org\/{rel}","templated":true}]}}