{"id":5196,"date":"2021-03-24T05:29:36","date_gmt":"2021-03-24T05:29:36","guid":{"rendered":"https:\/\/curierulsatelor.ro\/wp\/?p=5196"},"modified":"2021-03-24T05:29:37","modified_gmt":"2021-03-24T05:29:37","slug":"sperantele-liberale-s-au-inecat-in-vitriol-pesedist-trilema-hatra-a-lui-iliuta","status":"publish","type":"post","link":"https:\/\/curierulsatelor.ro\/wp\/2021\/03\/24\/sperantele-liberale-s-au-inecat-in-vitriol-pesedist-trilema-hatra-a-lui-iliuta\/","title":{"rendered":"Speran\u021bele liberale s-au \u00eenecat \u00een vitriol pesedist. Trilema h\u00e2tr\u0103 a lui Iliu\u021b\u0103"},"content":{"rendered":"\n<p>Interven\u021bia consilierului jude\u021bean Viorel Iliu\u021b\u0103 la \u0219edin\u021ba de \u00eemp\u0103r\u021bire a s\u0103r\u0103ciei guvernamentale pentru drumurile jude\u021bene \u0219i comunale a fost una spiritual\u0103. Dar plin\u0103 de regtere pentru comunele condamnate la colb pe uli\u021be. Iliu\u021b\u0103 nu \u00een\u021belege de ce locuitorii din comunele cu primari liberali sunt condamnate de conducerea PSD a Consiliului Jude\u021bean, c\u00e2t\u0103 vreme \u0219efa CJ a fost aleas\u0103 \u0219i de cet\u0103\u021beni din comunele respetive. Iliu\u021b\u0103 a dat ca exemplu comunele Santa Mare \u0219i C\u0103l\u0103ra\u0219i care au primit sume diferite pentru drumuri \u0219i echilibrarea bugetelor, de\u0219i au nevoi similare. Argumenta\u021bia sa nu a avut dec\u00e2t un singur efect: a smuls \u0219efei CJ o confirmare, oarecum voalat\u0103, c\u0103 \u00eemp\u0103r\u021beala a fost politic\u0103 pentru c\u0103 a\u0219a au f\u0103cut \u0219i liberalii c\u00e2nd erau la putere. \u201dCa \u0219i colegul meu Gabriel Alexandru, am remarcat c\u0103 \u00een ciuda frumoaselor declara\u021bii pe care le-a\u021bi f\u0103cut la investire \u0219i pe care uneori le recitesc cu pl\u0103cere, constat cu regret c\u0103 una spune\u021bi \u0219i alta face\u021bi. Legat de repartiz\u0103ri din aceste cote, cote de TVA sau cote de 6%, m-a\u0219 fi a\u0219teptat sincer m\u0103car la o discu\u021bie \u00eentre liderii de grup a partidelor reprezentate \u00een Consiliul Jude\u021bean. Mai mult, la 7 minute dup\u0103 ce materialele fuseser\u0103 transmise pe E-mail, ieri, colegii dvs votau deja pentru. Aici am o dilem\u0103, sau poate chiar o trilem\u0103. Cuno\u0219teau mai devreme materialele? Reu\u0219esc s\u0103 citeasc\u0103 extraordinar de repede, mai repede dec\u00e2t noi, cei din opozi\u021bie? Ori av\u00e2nd \u00eencredere deplin\u0103 \u00een dumneavoastr\u0103 nu s-au preocupat s\u0103 le citeasc\u0103 \u0219i s\u0103 identifice flagranta inten\u021bie a dumneavoastr\u0103 de a avantaja v\u0103dit UAT-urile PSD, \u00een detrimentul celor conduse de primari din opozi\u021bie. Am mai v\u0103zut \u0219i am mai auzit de favorizarea primarilor partidului flat la putere, atunci c\u00e2nd s-au \u00eemp\u0103r\u021bit resursele. Dar niciodat\u0103 de una at\u00e2t de f\u0103\u021bi\u0219 neconstructiv\u0103 \u0219i discriminatorie\u201d, a pledat Viorel Iliu\u021b\u0103 pentru luarea deciziilor corecte la nivel de CJ. Vezi \u00een clipul de mai jos ce a mai spus consilierul jude\u021bean. <\/p>\n\n\n\n<figure class=\"wp-block-embed is-type-rich is-provider-embed-handler wp-block-embed-embed-handler wp-embed-aspect-16-9 wp-has-aspect-ratio\"><div class=\"wp-block-embed__wrapper\">\nhttps:\/\/youtube.com\/watch?v=50SNFHM1ECw\n<\/div><\/figure>\n","protected":false},"excerpt":{"rendered":"<p>Interven\u021bia consilierului jude\u021bean Viorel Iliu\u021b\u0103 la \u0219edin\u021ba de \u00eemp\u0103r\u021bire a s\u0103r\u0103ciei guvernamentale pentru drumurile jude\u021bene&#8230;<\/p>\n","protected":false},"author":1,"featured_media":5197,"comment_status":"open","ping_status":"open","sticky":false,"template":"","format":"standard","meta":{"footnotes":""},"categories":[5,15],"tags":[],"class_list":["post-5196","post","type-post","status-publish","format-standard","has-post-thumbnail","hentry","category-administratie","category-botosani"],"yoast_head":"<!-- This site is optimized with the Yoast SEO plugin v27.4 - https:\/\/yoast.com\/product\/yoast-seo-wordpress\/ -->\n<title>Speran\u021bele liberale s-au \u00eenecat \u00een vitriol pesedist. Trilema h\u00e2tr\u0103 a lui Iliu\u021b\u0103 - Curierul Regional<\/title>\n<meta name=\"robots\" content=\"index, follow, max-snippet:-1, max-image-preview:large, max-video-preview:-1\" \/>\n<link rel=\"canonical\" href=\"https:\/\/curierulsatelor.ro\/wp\/2021\/03\/24\/sperantele-liberale-s-au-inecat-in-vitriol-pesedist-trilema-hatra-a-lui-iliuta\/\" \/>\n<meta property=\"og:locale\" content=\"ro_RO\" \/>\n<meta property=\"og:type\" content=\"article\" \/>\n<meta property=\"og:title\" content=\"Speran\u021bele liberale s-au \u00eenecat \u00een vitriol pesedist. Trilema h\u00e2tr\u0103 a lui Iliu\u021b\u0103 - Curierul Regional\" \/>\n<meta property=\"og:description\" content=\"Interven\u021bia consilierului jude\u021bean Viorel Iliu\u021b\u0103 la \u0219edin\u021ba de \u00eemp\u0103r\u021bire a s\u0103r\u0103ciei guvernamentale pentru drumurile jude\u021bene...\" \/>\n<meta property=\"og:url\" content=\"https:\/\/curierulsatelor.ro\/wp\/2021\/03\/24\/sperantele-liberale-s-au-inecat-in-vitriol-pesedist-trilema-hatra-a-lui-iliuta\/\" \/>\n<meta property=\"og:site_name\" content=\"Curierul Regional\" \/>\n<meta property=\"article:published_time\" content=\"2021-03-24T05:29:36+00:00\" \/>\n<meta property=\"article:modified_time\" content=\"2021-03-24T05:29:37+00:00\" \/>\n<meta property=\"og:image\" content=\"https:\/\/curierulsatelor.ro\/wp\/wp-content\/uploads\/2021\/03\/Viorel-Iliuta-Consiliul-Judetean-Botosani.jpg\" \/>\n\t<meta property=\"og:image:width\" content=\"977\" \/>\n\t<meta property=\"og:image:height\" content=\"561\" \/>\n\t<meta property=\"og:image:type\" content=\"image\/jpeg\" \/>\n<meta name=\"author\" content=\"Marian Morosan\" \/>\n<meta name=\"twitter:card\" content=\"summary_large_image\" \/>\n<meta name=\"twitter:label1\" content=\"Scris de\" \/>\n\t<meta name=\"twitter:data1\" content=\"Marian Morosan\" \/>\n\t<meta name=\"twitter:label2\" content=\"Timp estimat pentru citire\" \/>\n\t<meta name=\"twitter:data2\" content=\"2 minute\" \/>\n<script type=\"application\/ld+json\" class=\"yoast-schema-graph\">{\"@context\":\"https:\\\/\\\/schema.org\",\"@graph\":[{\"@type\":\"Article\",\"@id\":\"https:\\\/\\\/curierulsatelor.ro\\\/wp\\\/2021\\\/03\\\/24\\\/sperantele-liberale-s-au-inecat-in-vitriol-pesedist-trilema-hatra-a-lui-iliuta\\\/#article\",\"isPartOf\":{\"@id\":\"https:\\\/\\\/curierulsatelor.ro\\\/wp\\\/2021\\\/03\\\/24\\\/sperantele-liberale-s-au-inecat-in-vitriol-pesedist-trilema-hatra-a-lui-iliuta\\\/\"},\"author\":{\"name\":\"Marian Morosan\",\"@id\":\"https:\\\/\\\/curierulsatelor.ro\\\/wp\\\/#\\\/schema\\\/person\\\/6f6b28a030e15d619a82894773d6e7b9\"},\"headline\":\"Speran\u021bele liberale s-au \u00eenecat \u00een vitriol pesedist. Trilema h\u00e2tr\u0103 a lui Iliu\u021b\u0103\",\"datePublished\":\"2021-03-24T05:29:36+00:00\",\"dateModified\":\"2021-03-24T05:29:37+00:00\",\"mainEntityOfPage\":{\"@id\":\"https:\\\/\\\/curierulsatelor.ro\\\/wp\\\/2021\\\/03\\\/24\\\/sperantele-liberale-s-au-inecat-in-vitriol-pesedist-trilema-hatra-a-lui-iliuta\\\/\"},\"wordCount\":387,\"commentCount\":0,\"publisher\":{\"@id\":\"https:\\\/\\\/curierulsatelor.ro\\\/wp\\\/#organization\"},\"image\":{\"@id\":\"https:\\\/\\\/curierulsatelor.ro\\\/wp\\\/2021\\\/03\\\/24\\\/sperantele-liberale-s-au-inecat-in-vitriol-pesedist-trilema-hatra-a-lui-iliuta\\\/#primaryimage\"},\"thumbnailUrl\":\"https:\\\/\\\/curierulsatelor.ro\\\/wp\\\/wp-content\\\/uploads\\\/2021\\\/03\\\/Viorel-Iliuta-Consiliul-Judetean-Botosani.jpg\",\"articleSection\":[\"Administratie\",\"Boto\u0219ani\"],\"inLanguage\":\"ro-RO\",\"potentialAction\":[{\"@type\":\"CommentAction\",\"name\":\"Comment\",\"target\":[\"https:\\\/\\\/curierulsatelor.ro\\\/wp\\\/2021\\\/03\\\/24\\\/sperantele-liberale-s-au-inecat-in-vitriol-pesedist-trilema-hatra-a-lui-iliuta\\\/#respond\"]}]},{\"@type\":\"WebPage\",\"@id\":\"https:\\\/\\\/curierulsatelor.ro\\\/wp\\\/2021\\\/03\\\/24\\\/sperantele-liberale-s-au-inecat-in-vitriol-pesedist-trilema-hatra-a-lui-iliuta\\\/\",\"url\":\"https:\\\/\\\/curierulsatelor.ro\\\/wp\\\/2021\\\/03\\\/24\\\/sperantele-liberale-s-au-inecat-in-vitriol-pesedist-trilema-hatra-a-lui-iliuta\\\/\",\"name\":\"Speran\u021bele liberale s-au \u00eenecat \u00een vitriol pesedist. Trilema h\u00e2tr\u0103 a lui Iliu\u021b\u0103 - Curierul Regional\",\"isPartOf\":{\"@id\":\"https:\\\/\\\/curierulsatelor.ro\\\/wp\\\/#website\"},\"primaryImageOfPage\":{\"@id\":\"https:\\\/\\\/curierulsatelor.ro\\\/wp\\\/2021\\\/03\\\/24\\\/sperantele-liberale-s-au-inecat-in-vitriol-pesedist-trilema-hatra-a-lui-iliuta\\\/#primaryimage\"},\"image\":{\"@id\":\"https:\\\/\\\/curierulsatelor.ro\\\/wp\\\/2021\\\/03\\\/24\\\/sperantele-liberale-s-au-inecat-in-vitriol-pesedist-trilema-hatra-a-lui-iliuta\\\/#primaryimage\"},\"thumbnailUrl\":\"https:\\\/\\\/curierulsatelor.ro\\\/wp\\\/wp-content\\\/uploads\\\/2021\\\/03\\\/Viorel-Iliuta-Consiliul-Judetean-Botosani.jpg\",\"datePublished\":\"2021-03-24T05:29:36+00:00\",\"dateModified\":\"2021-03-24T05:29:37+00:00\",\"breadcrumb\":{\"@id\":\"https:\\\/\\\/curierulsatelor.ro\\\/wp\\\/2021\\\/03\\\/24\\\/sperantele-liberale-s-au-inecat-in-vitriol-pesedist-trilema-hatra-a-lui-iliuta\\\/#breadcrumb\"},\"inLanguage\":\"ro-RO\",\"potentialAction\":[{\"@type\":\"ReadAction\",\"target\":[\"https:\\\/\\\/curierulsatelor.ro\\\/wp\\\/2021\\\/03\\\/24\\\/sperantele-liberale-s-au-inecat-in-vitriol-pesedist-trilema-hatra-a-lui-iliuta\\\/\"]}]},{\"@type\":\"ImageObject\",\"inLanguage\":\"ro-RO\",\"@id\":\"https:\\\/\\\/curierulsatelor.ro\\\/wp\\\/2021\\\/03\\\/24\\\/sperantele-liberale-s-au-inecat-in-vitriol-pesedist-trilema-hatra-a-lui-iliuta\\\/#primaryimage\",\"url\":\"https:\\\/\\\/curierulsatelor.ro\\\/wp\\\/wp-content\\\/uploads\\\/2021\\\/03\\\/Viorel-Iliuta-Consiliul-Judetean-Botosani.jpg\",\"contentUrl\":\"https:\\\/\\\/curierulsatelor.ro\\\/wp\\\/wp-content\\\/uploads\\\/2021\\\/03\\\/Viorel-Iliuta-Consiliul-Judetean-Botosani.jpg\",\"width\":977,\"height\":561},{\"@type\":\"BreadcrumbList\",\"@id\":\"https:\\\/\\\/curierulsatelor.ro\\\/wp\\\/2021\\\/03\\\/24\\\/sperantele-liberale-s-au-inecat-in-vitriol-pesedist-trilema-hatra-a-lui-iliuta\\\/#breadcrumb\",\"itemListElement\":[{\"@type\":\"ListItem\",\"position\":1,\"name\":\"Prima pagin\u0103\",\"item\":\"https:\\\/\\\/curierulsatelor.ro\\\/wp\\\/\"},{\"@type\":\"ListItem\",\"position\":2,\"name\":\"Speran\u021bele liberale s-au \u00eenecat \u00een vitriol pesedist. Trilema h\u00e2tr\u0103 a lui Iliu\u021b\u0103\"}]},{\"@type\":\"WebSite\",\"@id\":\"https:\\\/\\\/curierulsatelor.ro\\\/wp\\\/#website\",\"url\":\"https:\\\/\\\/curierulsatelor.ro\\\/wp\\\/\",\"name\":\"Curierul Regional\",\"description\":\"\",\"publisher\":{\"@id\":\"https:\\\/\\\/curierulsatelor.ro\\\/wp\\\/#organization\"},\"potentialAction\":[{\"@type\":\"SearchAction\",\"target\":{\"@type\":\"EntryPoint\",\"urlTemplate\":\"https:\\\/\\\/curierulsatelor.ro\\\/wp\\\/?s={search_term_string}\"},\"query-input\":{\"@type\":\"PropertyValueSpecification\",\"valueRequired\":true,\"valueName\":\"search_term_string\"}}],\"inLanguage\":\"ro-RO\"},{\"@type\":\"Organization\",\"@id\":\"https:\\\/\\\/curierulsatelor.ro\\\/wp\\\/#organization\",\"name\":\"Curierul Regional\",\"url\":\"https:\\\/\\\/curierulsatelor.ro\\\/wp\\\/\",\"logo\":{\"@type\":\"ImageObject\",\"inLanguage\":\"ro-RO\",\"@id\":\"https:\\\/\\\/curierulsatelor.ro\\\/wp\\\/#\\\/schema\\\/logo\\\/image\\\/\",\"url\":\"https:\\\/\\\/curierulsatelor.ro\\\/wp\\\/wp-content\\\/uploads\\\/2020\\\/01\\\/Curierul-Regional-si-Curierul-satelor-logo-header.png\",\"contentUrl\":\"https:\\\/\\\/curierulsatelor.ro\\\/wp\\\/wp-content\\\/uploads\\\/2020\\\/01\\\/Curierul-Regional-si-Curierul-satelor-logo-header.png\",\"width\":2943,\"height\":685,\"caption\":\"Curierul Regional\"},\"image\":{\"@id\":\"https:\\\/\\\/curierulsatelor.ro\\\/wp\\\/#\\\/schema\\\/logo\\\/image\\\/\"}},{\"@type\":\"Person\",\"@id\":\"https:\\\/\\\/curierulsatelor.ro\\\/wp\\\/#\\\/schema\\\/person\\\/6f6b28a030e15d619a82894773d6e7b9\",\"name\":\"Marian Morosan\",\"image\":{\"@type\":\"ImageObject\",\"inLanguage\":\"ro-RO\",\"@id\":\"https:\\\/\\\/secure.gravatar.com\\\/avatar\\\/2e833cc9ab99e6bca46266d4ad9030d308346ff7ff0b6b955c29b74cafaf064b?s=96&d=mm&r=g\",\"url\":\"https:\\\/\\\/secure.gravatar.com\\\/avatar\\\/2e833cc9ab99e6bca46266d4ad9030d308346ff7ff0b6b955c29b74cafaf064b?s=96&d=mm&r=g\",\"contentUrl\":\"https:\\\/\\\/secure.gravatar.com\\\/avatar\\\/2e833cc9ab99e6bca46266d4ad9030d308346ff7ff0b6b955c29b74cafaf064b?s=96&d=mm&r=g\",\"caption\":\"Marian Morosan\"},\"description\":\"Copiilor no\u015ftri li se preg\u0103te\u015fte, incon\u015ftient, o lume de joben ciuruit, din care niciodat\u0103 nu iese iepura\u015ful. Doar panglicile politicilor sociale roase de moliile cu \u015ftaif din ultimele decenii. Suntem oropsi\u0163i, suntem dispera\u0163i, manipula\u0163i p\u00e2n\u0103 acolo \u00eenc\u00e2t ne bucur\u0103m s\u0103 fim masa de manevr\u0103 a unora \u015fi s\u0103 sus\u0163inem c\u0103 a\u015fa e normal. Acum \u00eel \u00een\u0163eleg pe Cioran, dar \u00eel \u00een\u0163eleg mai bine \u015fi pe Preda. \u015ei m\u0103 g\u00e2ndesc iar, cu groaz\u0103, la copilul meu. Cel pu\u0163in eu nu \u00eemi doresc s\u0103 \u015ftiu c\u0103 micu\u0163ul meu va fi singur, cu sufletul descul\u0163, prin jungla mileniului III ! https:\\\/\\\/curierulsatelor.ro\\\/wp\\\/2019\\\/10\\\/16\\\/cu-sufletul-descult-prin-jungla-mileniului-iii-editorial\\\/\",\"sameAs\":[\"http:\\\/\\\/admin\"],\"url\":\"https:\\\/\\\/curierulsatelor.ro\\\/wp\\\/author\\\/admin\\\/\"}]}<\/script>\n<!-- \/ Yoast SEO plugin. -->","yoast_head_json":{"title":"Speran\u021bele liberale s-au \u00eenecat \u00een vitriol pesedist. Trilema h\u00e2tr\u0103 a lui Iliu\u021b\u0103 - Curierul Regional","robots":{"index":"index","follow":"follow","max-snippet":"max-snippet:-1","max-image-preview":"max-image-preview:large","max-video-preview":"max-video-preview:-1"},"canonical":"https:\/\/curierulsatelor.ro\/wp\/2021\/03\/24\/sperantele-liberale-s-au-inecat-in-vitriol-pesedist-trilema-hatra-a-lui-iliuta\/","og_locale":"ro_RO","og_type":"article","og_title":"Speran\u021bele liberale s-au \u00eenecat \u00een vitriol pesedist. Trilema h\u00e2tr\u0103 a lui Iliu\u021b\u0103 - Curierul Regional","og_description":"Interven\u021bia consilierului jude\u021bean Viorel Iliu\u021b\u0103 la \u0219edin\u021ba de \u00eemp\u0103r\u021bire a s\u0103r\u0103ciei guvernamentale pentru drumurile jude\u021bene...","og_url":"https:\/\/curierulsatelor.ro\/wp\/2021\/03\/24\/sperantele-liberale-s-au-inecat-in-vitriol-pesedist-trilema-hatra-a-lui-iliuta\/","og_site_name":"Curierul Regional","article_published_time":"2021-03-24T05:29:36+00:00","article_modified_time":"2021-03-24T05:29:37+00:00","og_image":[{"width":977,"height":561,"url":"https:\/\/curierulsatelor.ro\/wp\/wp-content\/uploads\/2021\/03\/Viorel-Iliuta-Consiliul-Judetean-Botosani.jpg","type":"image\/jpeg"}],"author":"Marian Morosan","twitter_card":"summary_large_image","twitter_misc":{"Scris de":"Marian Morosan","Timp estimat pentru citire":"2 minute"},"schema":{"@context":"https:\/\/schema.org","@graph":[{"@type":"Article","@id":"https:\/\/curierulsatelor.ro\/wp\/2021\/03\/24\/sperantele-liberale-s-au-inecat-in-vitriol-pesedist-trilema-hatra-a-lui-iliuta\/#article","isPartOf":{"@id":"https:\/\/curierulsatelor.ro\/wp\/2021\/03\/24\/sperantele-liberale-s-au-inecat-in-vitriol-pesedist-trilema-hatra-a-lui-iliuta\/"},"author":{"name":"Marian Morosan","@id":"https:\/\/curierulsatelor.ro\/wp\/#\/schema\/person\/6f6b28a030e15d619a82894773d6e7b9"},"headline":"Speran\u021bele liberale s-au \u00eenecat \u00een vitriol pesedist. Trilema h\u00e2tr\u0103 a lui Iliu\u021b\u0103","datePublished":"2021-03-24T05:29:36+00:00","dateModified":"2021-03-24T05:29:37+00:00","mainEntityOfPage":{"@id":"https:\/\/curierulsatelor.ro\/wp\/2021\/03\/24\/sperantele-liberale-s-au-inecat-in-vitriol-pesedist-trilema-hatra-a-lui-iliuta\/"},"wordCount":387,"commentCount":0,"publisher":{"@id":"https:\/\/curierulsatelor.ro\/wp\/#organization"},"image":{"@id":"https:\/\/curierulsatelor.ro\/wp\/2021\/03\/24\/sperantele-liberale-s-au-inecat-in-vitriol-pesedist-trilema-hatra-a-lui-iliuta\/#primaryimage"},"thumbnailUrl":"https:\/\/curierulsatelor.ro\/wp\/wp-content\/uploads\/2021\/03\/Viorel-Iliuta-Consiliul-Judetean-Botosani.jpg","articleSection":["Administratie","Boto\u0219ani"],"inLanguage":"ro-RO","potentialAction":[{"@type":"CommentAction","name":"Comment","target":["https:\/\/curierulsatelor.ro\/wp\/2021\/03\/24\/sperantele-liberale-s-au-inecat-in-vitriol-pesedist-trilema-hatra-a-lui-iliuta\/#respond"]}]},{"@type":"WebPage","@id":"https:\/\/curierulsatelor.ro\/wp\/2021\/03\/24\/sperantele-liberale-s-au-inecat-in-vitriol-pesedist-trilema-hatra-a-lui-iliuta\/","url":"https:\/\/curierulsatelor.ro\/wp\/2021\/03\/24\/sperantele-liberale-s-au-inecat-in-vitriol-pesedist-trilema-hatra-a-lui-iliuta\/","name":"Speran\u021bele liberale s-au \u00eenecat \u00een vitriol pesedist. Trilema h\u00e2tr\u0103 a lui Iliu\u021b\u0103 - Curierul Regional","isPartOf":{"@id":"https:\/\/curierulsatelor.ro\/wp\/#website"},"primaryImageOfPage":{"@id":"https:\/\/curierulsatelor.ro\/wp\/2021\/03\/24\/sperantele-liberale-s-au-inecat-in-vitriol-pesedist-trilema-hatra-a-lui-iliuta\/#primaryimage"},"image":{"@id":"https:\/\/curierulsatelor.ro\/wp\/2021\/03\/24\/sperantele-liberale-s-au-inecat-in-vitriol-pesedist-trilema-hatra-a-lui-iliuta\/#primaryimage"},"thumbnailUrl":"https:\/\/curierulsatelor.ro\/wp\/wp-content\/uploads\/2021\/03\/Viorel-Iliuta-Consiliul-Judetean-Botosani.jpg","datePublished":"2021-03-24T05:29:36+00:00","dateModified":"2021-03-24T05:29:37+00:00","breadcrumb":{"@id":"https:\/\/curierulsatelor.ro\/wp\/2021\/03\/24\/sperantele-liberale-s-au-inecat-in-vitriol-pesedist-trilema-hatra-a-lui-iliuta\/#breadcrumb"},"inLanguage":"ro-RO","potentialAction":[{"@type":"ReadAction","target":["https:\/\/curierulsatelor.ro\/wp\/2021\/03\/24\/sperantele-liberale-s-au-inecat-in-vitriol-pesedist-trilema-hatra-a-lui-iliuta\/"]}]},{"@type":"ImageObject","inLanguage":"ro-RO","@id":"https:\/\/curierulsatelor.ro\/wp\/2021\/03\/24\/sperantele-liberale-s-au-inecat-in-vitriol-pesedist-trilema-hatra-a-lui-iliuta\/#primaryimage","url":"https:\/\/curierulsatelor.ro\/wp\/wp-content\/uploads\/2021\/03\/Viorel-Iliuta-Consiliul-Judetean-Botosani.jpg","contentUrl":"https:\/\/curierulsatelor.ro\/wp\/wp-content\/uploads\/2021\/03\/Viorel-Iliuta-Consiliul-Judetean-Botosani.jpg","width":977,"height":561},{"@type":"BreadcrumbList","@id":"https:\/\/curierulsatelor.ro\/wp\/2021\/03\/24\/sperantele-liberale-s-au-inecat-in-vitriol-pesedist-trilema-hatra-a-lui-iliuta\/#breadcrumb","itemListElement":[{"@type":"ListItem","position":1,"name":"Prima pagin\u0103","item":"https:\/\/curierulsatelor.ro\/wp\/"},{"@type":"ListItem","position":2,"name":"Speran\u021bele liberale s-au \u00eenecat \u00een vitriol pesedist. Trilema h\u00e2tr\u0103 a lui Iliu\u021b\u0103"}]},{"@type":"WebSite","@id":"https:\/\/curierulsatelor.ro\/wp\/#website","url":"https:\/\/curierulsatelor.ro\/wp\/","name":"Curierul Regional","description":"","publisher":{"@id":"https:\/\/curierulsatelor.ro\/wp\/#organization"},"potentialAction":[{"@type":"SearchAction","target":{"@type":"EntryPoint","urlTemplate":"https:\/\/curierulsatelor.ro\/wp\/?s={search_term_string}"},"query-input":{"@type":"PropertyValueSpecification","valueRequired":true,"valueName":"search_term_string"}}],"inLanguage":"ro-RO"},{"@type":"Organization","@id":"https:\/\/curierulsatelor.ro\/wp\/#organization","name":"Curierul Regional","url":"https:\/\/curierulsatelor.ro\/wp\/","logo":{"@type":"ImageObject","inLanguage":"ro-RO","@id":"https:\/\/curierulsatelor.ro\/wp\/#\/schema\/logo\/image\/","url":"https:\/\/curierulsatelor.ro\/wp\/wp-content\/uploads\/2020\/01\/Curierul-Regional-si-Curierul-satelor-logo-header.png","contentUrl":"https:\/\/curierulsatelor.ro\/wp\/wp-content\/uploads\/2020\/01\/Curierul-Regional-si-Curierul-satelor-logo-header.png","width":2943,"height":685,"caption":"Curierul Regional"},"image":{"@id":"https:\/\/curierulsatelor.ro\/wp\/#\/schema\/logo\/image\/"}},{"@type":"Person","@id":"https:\/\/curierulsatelor.ro\/wp\/#\/schema\/person\/6f6b28a030e15d619a82894773d6e7b9","name":"Marian Morosan","image":{"@type":"ImageObject","inLanguage":"ro-RO","@id":"https:\/\/secure.gravatar.com\/avatar\/2e833cc9ab99e6bca46266d4ad9030d308346ff7ff0b6b955c29b74cafaf064b?s=96&d=mm&r=g","url":"https:\/\/secure.gravatar.com\/avatar\/2e833cc9ab99e6bca46266d4ad9030d308346ff7ff0b6b955c29b74cafaf064b?s=96&d=mm&r=g","contentUrl":"https:\/\/secure.gravatar.com\/avatar\/2e833cc9ab99e6bca46266d4ad9030d308346ff7ff0b6b955c29b74cafaf064b?s=96&d=mm&r=g","caption":"Marian Morosan"},"description":"Copiilor no\u015ftri li se preg\u0103te\u015fte, incon\u015ftient, o lume de joben ciuruit, din care niciodat\u0103 nu iese iepura\u015ful. Doar panglicile politicilor sociale roase de moliile cu \u015ftaif din ultimele decenii. Suntem oropsi\u0163i, suntem dispera\u0163i, manipula\u0163i p\u00e2n\u0103 acolo \u00eenc\u00e2t ne bucur\u0103m s\u0103 fim masa de manevr\u0103 a unora \u015fi s\u0103 sus\u0163inem c\u0103 a\u015fa e normal. Acum \u00eel \u00een\u0163eleg pe Cioran, dar \u00eel \u00een\u0163eleg mai bine \u015fi pe Preda. \u015ei m\u0103 g\u00e2ndesc iar, cu groaz\u0103, la copilul meu. Cel pu\u0163in eu nu \u00eemi doresc s\u0103 \u015ftiu c\u0103 micu\u0163ul meu va fi singur, cu sufletul descul\u0163, prin jungla mileniului III ! https:\/\/curierulsatelor.ro\/wp\/2019\/10\/16\/cu-sufletul-descult-prin-jungla-mileniului-iii-editorial\/","sameAs":["http:\/\/admin"],"url":"https:\/\/curierulsatelor.ro\/wp\/author\/admin\/"}]}},"_links":{"self":[{"href":"https:\/\/curierulsatelor.ro\/wp\/wp-json\/wp\/v2\/posts\/5196","targetHints":{"allow":["GET"]}}],"collection":[{"href":"https:\/\/curierulsatelor.ro\/wp\/wp-json\/wp\/v2\/posts"}],"about":[{"href":"https:\/\/curierulsatelor.ro\/wp\/wp-json\/wp\/v2\/types\/post"}],"author":[{"embeddable":true,"href":"https:\/\/curierulsatelor.ro\/wp\/wp-json\/wp\/v2\/users\/1"}],"replies":[{"embeddable":true,"href":"https:\/\/curierulsatelor.ro\/wp\/wp-json\/wp\/v2\/comments?post=5196"}],"version-history":[{"count":1,"href":"https:\/\/curierulsatelor.ro\/wp\/wp-json\/wp\/v2\/posts\/5196\/revisions"}],"predecessor-version":[{"id":5199,"href":"https:\/\/curierulsatelor.ro\/wp\/wp-json\/wp\/v2\/posts\/5196\/revisions\/5199"}],"wp:featuredmedia":[{"embeddable":true,"href":"https:\/\/curierulsatelor.ro\/wp\/wp-json\/wp\/v2\/media\/5197"}],"wp:attachment":[{"href":"https:\/\/curierulsatelor.ro\/wp\/wp-json\/wp\/v2\/media?parent=5196"}],"wp:term":[{"taxonomy":"category","embeddable":true,"href":"https:\/\/curierulsatelor.ro\/wp\/wp-json\/wp\/v2\/categories?post=5196"},{"taxonomy":"post_tag","embeddable":true,"href":"https:\/\/curierulsatelor.ro\/wp\/wp-json\/wp\/v2\/tags?post=5196"}],"curies":[{"name":"wp","href":"https:\/\/api.w.org\/{rel}","templated":true}]}}