{"id":545,"date":"2019-10-30T08:21:01","date_gmt":"2019-10-30T08:21:01","guid":{"rendered":"https:\/\/curierulsatelor.ro\/wp\/?p=545"},"modified":"2019-10-30T08:21:07","modified_gmt":"2019-10-30T08:21:07","slug":"candidatul-catarama-a-gasit-solutia-pentru-copiii-din-plasament-vezi-ce-spune-liderul-botosanean-dumitru-balan","status":"publish","type":"post","link":"https:\/\/curierulsatelor.ro\/wp\/2019\/10\/30\/candidatul-catarama-a-gasit-solutia-pentru-copiii-din-plasament-vezi-ce-spune-liderul-botosanean-dumitru-balan\/","title":{"rendered":"Candidatul Cataram\u0103 a g\u0103sit solu\u021bia pentru copiii din plasament. Vezi ce spune liderul boto\u0219\u0103nean Dumitru Balan"},"content":{"rendered":"\n<p> In Romania, natalitatea scade ingrijorator! Nu mai este un secret pentru nimeni. \u00cen acela\u0219i timp, mul\u021bi copii ajung \u00een centrele de plasament sau \u00een familii surogat. Din cauza s\u0103r\u0103ciei. Viorel Cataram\u0103, candidatul Dreptei Liberale pentru Pre\u0219edin\u021bia Rom\u00e2niei a g\u0103sit o solu\u021bie inteligent\u0103. \u201dNoi am gasit solutia cea mai buna pentru a sustine familiile cu multi copii! De ce statul da asistentilor maternali 1000 de lei pe luna pentru fiecare copil luat in plasament, si nu da parte din acesti bani propriilor mame ca sa isi creasca copiii?!  Aceasta este varianta domnului Viorel Cataram\u0103\u201d, ne-a spus Dumitru Balan, liderul organiza\u021biei jude\u021bene Boto\u0219ani a partidului. Acesta este convins c\u0103 exist\u0103 solu\u021bii la toate problemele sociale, economice sau institu\u021bionale ale \u021b\u0103rii. Trebuie doar s\u0103 existe voin\u021b\u0103. \u0218i capacitatea de a le explica tuturor factorilor politici c\u0103 este nevoie de unitate \u00een interesul oamenilor.<\/p>\n\n\n\n<figure class=\"wp-block-image\"><img fetchpriority=\"high\" decoding=\"async\" width=\"1024\" height=\"605\" src=\"https:\/\/curierulsatelor.ro\/wp\/wp-content\/uploads\/2019\/10\/curierul-satelor-Viorel-Catarama-alegeri-prezidentiale-2019-2-1024x605.jpg\" alt=\"\" class=\"wp-image-486\" srcset=\"https:\/\/curierulsatelor.ro\/wp\/wp-content\/uploads\/2019\/10\/curierul-satelor-Viorel-Catarama-alegeri-prezidentiale-2019-2-1024x605.jpg 1024w, https:\/\/curierulsatelor.ro\/wp\/wp-content\/uploads\/2019\/10\/curierul-satelor-Viorel-Catarama-alegeri-prezidentiale-2019-2-300x177.jpg 300w, https:\/\/curierulsatelor.ro\/wp\/wp-content\/uploads\/2019\/10\/curierul-satelor-Viorel-Catarama-alegeri-prezidentiale-2019-2-768x454.jpg 768w\" sizes=\"(max-width: 1024px) 100vw, 1024px\" \/><\/figure>\n","protected":false},"excerpt":{"rendered":"<p>In Romania, natalitatea scade ingrijorator! Nu mai este un secret pentru nimeni. \u00cen acela\u0219i timp,&#8230;<\/p>\n","protected":false},"author":1,"featured_media":546,"comment_status":"open","ping_status":"open","sticky":false,"template":"","format":"standard","meta":{"footnotes":""},"categories":[13,8],"tags":[],"class_list":["post-545","post","type-post","status-publish","format-standard","has-post-thumbnail","hentry","category-alegeri","category-comunicate"],"yoast_head":"<!-- This site is optimized with the Yoast SEO plugin v27.4 - https:\/\/yoast.com\/product\/yoast-seo-wordpress\/ -->\n<title>Candidatul Cataram\u0103 a g\u0103sit solu\u021bia pentru copiii din plasament. Vezi ce spune liderul boto\u0219\u0103nean Dumitru Balan - Curierul Regional<\/title>\n<meta name=\"robots\" content=\"index, follow, max-snippet:-1, max-image-preview:large, max-video-preview:-1\" \/>\n<link rel=\"canonical\" href=\"https:\/\/curierulsatelor.ro\/wp\/2019\/10\/30\/candidatul-catarama-a-gasit-solutia-pentru-copiii-din-plasament-vezi-ce-spune-liderul-botosanean-dumitru-balan\/\" \/>\n<meta property=\"og:locale\" content=\"ro_RO\" \/>\n<meta property=\"og:type\" content=\"article\" \/>\n<meta property=\"og:title\" content=\"Candidatul Cataram\u0103 a g\u0103sit solu\u021bia pentru copiii din plasament. Vezi ce spune liderul boto\u0219\u0103nean Dumitru Balan - Curierul Regional\" \/>\n<meta property=\"og:description\" content=\"In Romania, natalitatea scade ingrijorator! Nu mai este un secret pentru nimeni. \u00cen acela\u0219i timp,...\" \/>\n<meta property=\"og:url\" content=\"https:\/\/curierulsatelor.ro\/wp\/2019\/10\/30\/candidatul-catarama-a-gasit-solutia-pentru-copiii-din-plasament-vezi-ce-spune-liderul-botosanean-dumitru-balan\/\" \/>\n<meta property=\"og:site_name\" content=\"Curierul Regional\" \/>\n<meta property=\"article:published_time\" content=\"2019-10-30T08:21:01+00:00\" \/>\n<meta property=\"article:modified_time\" content=\"2019-10-30T08:21:07+00:00\" \/>\n<meta property=\"og:image\" content=\"https:\/\/curierulsatelor.ro\/wp\/wp-content\/uploads\/2019\/10\/Dumitru-Balan-Dreapta-Liberala-Botosani.png\" \/>\n\t<meta property=\"og:image:width\" content=\"937\" \/>\n\t<meta property=\"og:image:height\" content=\"682\" \/>\n\t<meta property=\"og:image:type\" content=\"image\/png\" \/>\n<meta name=\"author\" content=\"Marian Morosan\" \/>\n<meta name=\"twitter:card\" content=\"summary_large_image\" \/>\n<meta name=\"twitter:label1\" content=\"Scris de\" \/>\n\t<meta name=\"twitter:data1\" content=\"Marian Morosan\" \/>\n\t<meta name=\"twitter:label2\" content=\"Timp estimat pentru citire\" \/>\n\t<meta name=\"twitter:data2\" content=\"1 minut\" \/>\n<script type=\"application\/ld+json\" class=\"yoast-schema-graph\">{\"@context\":\"https:\\\/\\\/schema.org\",\"@graph\":[{\"@type\":\"Article\",\"@id\":\"https:\\\/\\\/curierulsatelor.ro\\\/wp\\\/2019\\\/10\\\/30\\\/candidatul-catarama-a-gasit-solutia-pentru-copiii-din-plasament-vezi-ce-spune-liderul-botosanean-dumitru-balan\\\/#article\",\"isPartOf\":{\"@id\":\"https:\\\/\\\/curierulsatelor.ro\\\/wp\\\/2019\\\/10\\\/30\\\/candidatul-catarama-a-gasit-solutia-pentru-copiii-din-plasament-vezi-ce-spune-liderul-botosanean-dumitru-balan\\\/\"},\"author\":{\"name\":\"Marian Morosan\",\"@id\":\"https:\\\/\\\/curierulsatelor.ro\\\/wp\\\/#\\\/schema\\\/person\\\/6f6b28a030e15d619a82894773d6e7b9\"},\"headline\":\"Candidatul Cataram\u0103 a g\u0103sit solu\u021bia pentru copiii din plasament. Vezi ce spune liderul boto\u0219\u0103nean Dumitru Balan\",\"datePublished\":\"2019-10-30T08:21:01+00:00\",\"dateModified\":\"2019-10-30T08:21:07+00:00\",\"mainEntityOfPage\":{\"@id\":\"https:\\\/\\\/curierulsatelor.ro\\\/wp\\\/2019\\\/10\\\/30\\\/candidatul-catarama-a-gasit-solutia-pentru-copiii-din-plasament-vezi-ce-spune-liderul-botosanean-dumitru-balan\\\/\"},\"wordCount\":172,\"commentCount\":0,\"publisher\":{\"@id\":\"https:\\\/\\\/curierulsatelor.ro\\\/wp\\\/#organization\"},\"image\":{\"@id\":\"https:\\\/\\\/curierulsatelor.ro\\\/wp\\\/2019\\\/10\\\/30\\\/candidatul-catarama-a-gasit-solutia-pentru-copiii-din-plasament-vezi-ce-spune-liderul-botosanean-dumitru-balan\\\/#primaryimage\"},\"thumbnailUrl\":\"https:\\\/\\\/curierulsatelor.ro\\\/wp\\\/wp-content\\\/uploads\\\/2019\\\/10\\\/Dumitru-Balan-Dreapta-Liberala-Botosani.png\",\"articleSection\":[\"Alegeri\",\"Comunicate\"],\"inLanguage\":\"ro-RO\",\"potentialAction\":[{\"@type\":\"CommentAction\",\"name\":\"Comment\",\"target\":[\"https:\\\/\\\/curierulsatelor.ro\\\/wp\\\/2019\\\/10\\\/30\\\/candidatul-catarama-a-gasit-solutia-pentru-copiii-din-plasament-vezi-ce-spune-liderul-botosanean-dumitru-balan\\\/#respond\"]}]},{\"@type\":\"WebPage\",\"@id\":\"https:\\\/\\\/curierulsatelor.ro\\\/wp\\\/2019\\\/10\\\/30\\\/candidatul-catarama-a-gasit-solutia-pentru-copiii-din-plasament-vezi-ce-spune-liderul-botosanean-dumitru-balan\\\/\",\"url\":\"https:\\\/\\\/curierulsatelor.ro\\\/wp\\\/2019\\\/10\\\/30\\\/candidatul-catarama-a-gasit-solutia-pentru-copiii-din-plasament-vezi-ce-spune-liderul-botosanean-dumitru-balan\\\/\",\"name\":\"Candidatul Cataram\u0103 a g\u0103sit solu\u021bia pentru copiii din plasament. Vezi ce spune liderul boto\u0219\u0103nean Dumitru Balan - Curierul Regional\",\"isPartOf\":{\"@id\":\"https:\\\/\\\/curierulsatelor.ro\\\/wp\\\/#website\"},\"primaryImageOfPage\":{\"@id\":\"https:\\\/\\\/curierulsatelor.ro\\\/wp\\\/2019\\\/10\\\/30\\\/candidatul-catarama-a-gasit-solutia-pentru-copiii-din-plasament-vezi-ce-spune-liderul-botosanean-dumitru-balan\\\/#primaryimage\"},\"image\":{\"@id\":\"https:\\\/\\\/curierulsatelor.ro\\\/wp\\\/2019\\\/10\\\/30\\\/candidatul-catarama-a-gasit-solutia-pentru-copiii-din-plasament-vezi-ce-spune-liderul-botosanean-dumitru-balan\\\/#primaryimage\"},\"thumbnailUrl\":\"https:\\\/\\\/curierulsatelor.ro\\\/wp\\\/wp-content\\\/uploads\\\/2019\\\/10\\\/Dumitru-Balan-Dreapta-Liberala-Botosani.png\",\"datePublished\":\"2019-10-30T08:21:01+00:00\",\"dateModified\":\"2019-10-30T08:21:07+00:00\",\"breadcrumb\":{\"@id\":\"https:\\\/\\\/curierulsatelor.ro\\\/wp\\\/2019\\\/10\\\/30\\\/candidatul-catarama-a-gasit-solutia-pentru-copiii-din-plasament-vezi-ce-spune-liderul-botosanean-dumitru-balan\\\/#breadcrumb\"},\"inLanguage\":\"ro-RO\",\"potentialAction\":[{\"@type\":\"ReadAction\",\"target\":[\"https:\\\/\\\/curierulsatelor.ro\\\/wp\\\/2019\\\/10\\\/30\\\/candidatul-catarama-a-gasit-solutia-pentru-copiii-din-plasament-vezi-ce-spune-liderul-botosanean-dumitru-balan\\\/\"]}]},{\"@type\":\"ImageObject\",\"inLanguage\":\"ro-RO\",\"@id\":\"https:\\\/\\\/curierulsatelor.ro\\\/wp\\\/2019\\\/10\\\/30\\\/candidatul-catarama-a-gasit-solutia-pentru-copiii-din-plasament-vezi-ce-spune-liderul-botosanean-dumitru-balan\\\/#primaryimage\",\"url\":\"https:\\\/\\\/curierulsatelor.ro\\\/wp\\\/wp-content\\\/uploads\\\/2019\\\/10\\\/Dumitru-Balan-Dreapta-Liberala-Botosani.png\",\"contentUrl\":\"https:\\\/\\\/curierulsatelor.ro\\\/wp\\\/wp-content\\\/uploads\\\/2019\\\/10\\\/Dumitru-Balan-Dreapta-Liberala-Botosani.png\",\"width\":937,\"height\":682},{\"@type\":\"BreadcrumbList\",\"@id\":\"https:\\\/\\\/curierulsatelor.ro\\\/wp\\\/2019\\\/10\\\/30\\\/candidatul-catarama-a-gasit-solutia-pentru-copiii-din-plasament-vezi-ce-spune-liderul-botosanean-dumitru-balan\\\/#breadcrumb\",\"itemListElement\":[{\"@type\":\"ListItem\",\"position\":1,\"name\":\"Prima pagin\u0103\",\"item\":\"https:\\\/\\\/curierulsatelor.ro\\\/wp\\\/\"},{\"@type\":\"ListItem\",\"position\":2,\"name\":\"Candidatul Cataram\u0103 a g\u0103sit solu\u021bia pentru copiii din plasament. Vezi ce spune liderul boto\u0219\u0103nean Dumitru Balan\"}]},{\"@type\":\"WebSite\",\"@id\":\"https:\\\/\\\/curierulsatelor.ro\\\/wp\\\/#website\",\"url\":\"https:\\\/\\\/curierulsatelor.ro\\\/wp\\\/\",\"name\":\"Curierul Regional\",\"description\":\"\",\"publisher\":{\"@id\":\"https:\\\/\\\/curierulsatelor.ro\\\/wp\\\/#organization\"},\"potentialAction\":[{\"@type\":\"SearchAction\",\"target\":{\"@type\":\"EntryPoint\",\"urlTemplate\":\"https:\\\/\\\/curierulsatelor.ro\\\/wp\\\/?s={search_term_string}\"},\"query-input\":{\"@type\":\"PropertyValueSpecification\",\"valueRequired\":true,\"valueName\":\"search_term_string\"}}],\"inLanguage\":\"ro-RO\"},{\"@type\":\"Organization\",\"@id\":\"https:\\\/\\\/curierulsatelor.ro\\\/wp\\\/#organization\",\"name\":\"Curierul Regional\",\"url\":\"https:\\\/\\\/curierulsatelor.ro\\\/wp\\\/\",\"logo\":{\"@type\":\"ImageObject\",\"inLanguage\":\"ro-RO\",\"@id\":\"https:\\\/\\\/curierulsatelor.ro\\\/wp\\\/#\\\/schema\\\/logo\\\/image\\\/\",\"url\":\"https:\\\/\\\/curierulsatelor.ro\\\/wp\\\/wp-content\\\/uploads\\\/2020\\\/01\\\/Curierul-Regional-si-Curierul-satelor-logo-header.png\",\"contentUrl\":\"https:\\\/\\\/curierulsatelor.ro\\\/wp\\\/wp-content\\\/uploads\\\/2020\\\/01\\\/Curierul-Regional-si-Curierul-satelor-logo-header.png\",\"width\":2943,\"height\":685,\"caption\":\"Curierul Regional\"},\"image\":{\"@id\":\"https:\\\/\\\/curierulsatelor.ro\\\/wp\\\/#\\\/schema\\\/logo\\\/image\\\/\"}},{\"@type\":\"Person\",\"@id\":\"https:\\\/\\\/curierulsatelor.ro\\\/wp\\\/#\\\/schema\\\/person\\\/6f6b28a030e15d619a82894773d6e7b9\",\"name\":\"Marian Morosan\",\"image\":{\"@type\":\"ImageObject\",\"inLanguage\":\"ro-RO\",\"@id\":\"https:\\\/\\\/secure.gravatar.com\\\/avatar\\\/2e833cc9ab99e6bca46266d4ad9030d308346ff7ff0b6b955c29b74cafaf064b?s=96&d=mm&r=g\",\"url\":\"https:\\\/\\\/secure.gravatar.com\\\/avatar\\\/2e833cc9ab99e6bca46266d4ad9030d308346ff7ff0b6b955c29b74cafaf064b?s=96&d=mm&r=g\",\"contentUrl\":\"https:\\\/\\\/secure.gravatar.com\\\/avatar\\\/2e833cc9ab99e6bca46266d4ad9030d308346ff7ff0b6b955c29b74cafaf064b?s=96&d=mm&r=g\",\"caption\":\"Marian Morosan\"},\"description\":\"Copiilor no\u015ftri li se preg\u0103te\u015fte, incon\u015ftient, o lume de joben ciuruit, din care niciodat\u0103 nu iese iepura\u015ful. Doar panglicile politicilor sociale roase de moliile cu \u015ftaif din ultimele decenii. Suntem oropsi\u0163i, suntem dispera\u0163i, manipula\u0163i p\u00e2n\u0103 acolo \u00eenc\u00e2t ne bucur\u0103m s\u0103 fim masa de manevr\u0103 a unora \u015fi s\u0103 sus\u0163inem c\u0103 a\u015fa e normal. Acum \u00eel \u00een\u0163eleg pe Cioran, dar \u00eel \u00een\u0163eleg mai bine \u015fi pe Preda. \u015ei m\u0103 g\u00e2ndesc iar, cu groaz\u0103, la copilul meu. Cel pu\u0163in eu nu \u00eemi doresc s\u0103 \u015ftiu c\u0103 micu\u0163ul meu va fi singur, cu sufletul descul\u0163, prin jungla mileniului III ! https:\\\/\\\/curierulsatelor.ro\\\/wp\\\/2019\\\/10\\\/16\\\/cu-sufletul-descult-prin-jungla-mileniului-iii-editorial\\\/\",\"sameAs\":[\"http:\\\/\\\/admin\"],\"url\":\"https:\\\/\\\/curierulsatelor.ro\\\/wp\\\/author\\\/admin\\\/\"}]}<\/script>\n<!-- \/ Yoast SEO plugin. -->","yoast_head_json":{"title":"Candidatul Cataram\u0103 a g\u0103sit solu\u021bia pentru copiii din plasament. Vezi ce spune liderul boto\u0219\u0103nean Dumitru Balan - Curierul Regional","robots":{"index":"index","follow":"follow","max-snippet":"max-snippet:-1","max-image-preview":"max-image-preview:large","max-video-preview":"max-video-preview:-1"},"canonical":"https:\/\/curierulsatelor.ro\/wp\/2019\/10\/30\/candidatul-catarama-a-gasit-solutia-pentru-copiii-din-plasament-vezi-ce-spune-liderul-botosanean-dumitru-balan\/","og_locale":"ro_RO","og_type":"article","og_title":"Candidatul Cataram\u0103 a g\u0103sit solu\u021bia pentru copiii din plasament. Vezi ce spune liderul boto\u0219\u0103nean Dumitru Balan - Curierul Regional","og_description":"In Romania, natalitatea scade ingrijorator! Nu mai este un secret pentru nimeni. \u00cen acela\u0219i timp,...","og_url":"https:\/\/curierulsatelor.ro\/wp\/2019\/10\/30\/candidatul-catarama-a-gasit-solutia-pentru-copiii-din-plasament-vezi-ce-spune-liderul-botosanean-dumitru-balan\/","og_site_name":"Curierul Regional","article_published_time":"2019-10-30T08:21:01+00:00","article_modified_time":"2019-10-30T08:21:07+00:00","og_image":[{"width":937,"height":682,"url":"https:\/\/curierulsatelor.ro\/wp\/wp-content\/uploads\/2019\/10\/Dumitru-Balan-Dreapta-Liberala-Botosani.png","type":"image\/png"}],"author":"Marian Morosan","twitter_card":"summary_large_image","twitter_misc":{"Scris de":"Marian Morosan","Timp estimat pentru citire":"1 minut"},"schema":{"@context":"https:\/\/schema.org","@graph":[{"@type":"Article","@id":"https:\/\/curierulsatelor.ro\/wp\/2019\/10\/30\/candidatul-catarama-a-gasit-solutia-pentru-copiii-din-plasament-vezi-ce-spune-liderul-botosanean-dumitru-balan\/#article","isPartOf":{"@id":"https:\/\/curierulsatelor.ro\/wp\/2019\/10\/30\/candidatul-catarama-a-gasit-solutia-pentru-copiii-din-plasament-vezi-ce-spune-liderul-botosanean-dumitru-balan\/"},"author":{"name":"Marian Morosan","@id":"https:\/\/curierulsatelor.ro\/wp\/#\/schema\/person\/6f6b28a030e15d619a82894773d6e7b9"},"headline":"Candidatul Cataram\u0103 a g\u0103sit solu\u021bia pentru copiii din plasament. Vezi ce spune liderul boto\u0219\u0103nean Dumitru Balan","datePublished":"2019-10-30T08:21:01+00:00","dateModified":"2019-10-30T08:21:07+00:00","mainEntityOfPage":{"@id":"https:\/\/curierulsatelor.ro\/wp\/2019\/10\/30\/candidatul-catarama-a-gasit-solutia-pentru-copiii-din-plasament-vezi-ce-spune-liderul-botosanean-dumitru-balan\/"},"wordCount":172,"commentCount":0,"publisher":{"@id":"https:\/\/curierulsatelor.ro\/wp\/#organization"},"image":{"@id":"https:\/\/curierulsatelor.ro\/wp\/2019\/10\/30\/candidatul-catarama-a-gasit-solutia-pentru-copiii-din-plasament-vezi-ce-spune-liderul-botosanean-dumitru-balan\/#primaryimage"},"thumbnailUrl":"https:\/\/curierulsatelor.ro\/wp\/wp-content\/uploads\/2019\/10\/Dumitru-Balan-Dreapta-Liberala-Botosani.png","articleSection":["Alegeri","Comunicate"],"inLanguage":"ro-RO","potentialAction":[{"@type":"CommentAction","name":"Comment","target":["https:\/\/curierulsatelor.ro\/wp\/2019\/10\/30\/candidatul-catarama-a-gasit-solutia-pentru-copiii-din-plasament-vezi-ce-spune-liderul-botosanean-dumitru-balan\/#respond"]}]},{"@type":"WebPage","@id":"https:\/\/curierulsatelor.ro\/wp\/2019\/10\/30\/candidatul-catarama-a-gasit-solutia-pentru-copiii-din-plasament-vezi-ce-spune-liderul-botosanean-dumitru-balan\/","url":"https:\/\/curierulsatelor.ro\/wp\/2019\/10\/30\/candidatul-catarama-a-gasit-solutia-pentru-copiii-din-plasament-vezi-ce-spune-liderul-botosanean-dumitru-balan\/","name":"Candidatul Cataram\u0103 a g\u0103sit solu\u021bia pentru copiii din plasament. Vezi ce spune liderul boto\u0219\u0103nean Dumitru Balan - Curierul Regional","isPartOf":{"@id":"https:\/\/curierulsatelor.ro\/wp\/#website"},"primaryImageOfPage":{"@id":"https:\/\/curierulsatelor.ro\/wp\/2019\/10\/30\/candidatul-catarama-a-gasit-solutia-pentru-copiii-din-plasament-vezi-ce-spune-liderul-botosanean-dumitru-balan\/#primaryimage"},"image":{"@id":"https:\/\/curierulsatelor.ro\/wp\/2019\/10\/30\/candidatul-catarama-a-gasit-solutia-pentru-copiii-din-plasament-vezi-ce-spune-liderul-botosanean-dumitru-balan\/#primaryimage"},"thumbnailUrl":"https:\/\/curierulsatelor.ro\/wp\/wp-content\/uploads\/2019\/10\/Dumitru-Balan-Dreapta-Liberala-Botosani.png","datePublished":"2019-10-30T08:21:01+00:00","dateModified":"2019-10-30T08:21:07+00:00","breadcrumb":{"@id":"https:\/\/curierulsatelor.ro\/wp\/2019\/10\/30\/candidatul-catarama-a-gasit-solutia-pentru-copiii-din-plasament-vezi-ce-spune-liderul-botosanean-dumitru-balan\/#breadcrumb"},"inLanguage":"ro-RO","potentialAction":[{"@type":"ReadAction","target":["https:\/\/curierulsatelor.ro\/wp\/2019\/10\/30\/candidatul-catarama-a-gasit-solutia-pentru-copiii-din-plasament-vezi-ce-spune-liderul-botosanean-dumitru-balan\/"]}]},{"@type":"ImageObject","inLanguage":"ro-RO","@id":"https:\/\/curierulsatelor.ro\/wp\/2019\/10\/30\/candidatul-catarama-a-gasit-solutia-pentru-copiii-din-plasament-vezi-ce-spune-liderul-botosanean-dumitru-balan\/#primaryimage","url":"https:\/\/curierulsatelor.ro\/wp\/wp-content\/uploads\/2019\/10\/Dumitru-Balan-Dreapta-Liberala-Botosani.png","contentUrl":"https:\/\/curierulsatelor.ro\/wp\/wp-content\/uploads\/2019\/10\/Dumitru-Balan-Dreapta-Liberala-Botosani.png","width":937,"height":682},{"@type":"BreadcrumbList","@id":"https:\/\/curierulsatelor.ro\/wp\/2019\/10\/30\/candidatul-catarama-a-gasit-solutia-pentru-copiii-din-plasament-vezi-ce-spune-liderul-botosanean-dumitru-balan\/#breadcrumb","itemListElement":[{"@type":"ListItem","position":1,"name":"Prima pagin\u0103","item":"https:\/\/curierulsatelor.ro\/wp\/"},{"@type":"ListItem","position":2,"name":"Candidatul Cataram\u0103 a g\u0103sit solu\u021bia pentru copiii din plasament. Vezi ce spune liderul boto\u0219\u0103nean Dumitru Balan"}]},{"@type":"WebSite","@id":"https:\/\/curierulsatelor.ro\/wp\/#website","url":"https:\/\/curierulsatelor.ro\/wp\/","name":"Curierul Regional","description":"","publisher":{"@id":"https:\/\/curierulsatelor.ro\/wp\/#organization"},"potentialAction":[{"@type":"SearchAction","target":{"@type":"EntryPoint","urlTemplate":"https:\/\/curierulsatelor.ro\/wp\/?s={search_term_string}"},"query-input":{"@type":"PropertyValueSpecification","valueRequired":true,"valueName":"search_term_string"}}],"inLanguage":"ro-RO"},{"@type":"Organization","@id":"https:\/\/curierulsatelor.ro\/wp\/#organization","name":"Curierul Regional","url":"https:\/\/curierulsatelor.ro\/wp\/","logo":{"@type":"ImageObject","inLanguage":"ro-RO","@id":"https:\/\/curierulsatelor.ro\/wp\/#\/schema\/logo\/image\/","url":"https:\/\/curierulsatelor.ro\/wp\/wp-content\/uploads\/2020\/01\/Curierul-Regional-si-Curierul-satelor-logo-header.png","contentUrl":"https:\/\/curierulsatelor.ro\/wp\/wp-content\/uploads\/2020\/01\/Curierul-Regional-si-Curierul-satelor-logo-header.png","width":2943,"height":685,"caption":"Curierul Regional"},"image":{"@id":"https:\/\/curierulsatelor.ro\/wp\/#\/schema\/logo\/image\/"}},{"@type":"Person","@id":"https:\/\/curierulsatelor.ro\/wp\/#\/schema\/person\/6f6b28a030e15d619a82894773d6e7b9","name":"Marian Morosan","image":{"@type":"ImageObject","inLanguage":"ro-RO","@id":"https:\/\/secure.gravatar.com\/avatar\/2e833cc9ab99e6bca46266d4ad9030d308346ff7ff0b6b955c29b74cafaf064b?s=96&d=mm&r=g","url":"https:\/\/secure.gravatar.com\/avatar\/2e833cc9ab99e6bca46266d4ad9030d308346ff7ff0b6b955c29b74cafaf064b?s=96&d=mm&r=g","contentUrl":"https:\/\/secure.gravatar.com\/avatar\/2e833cc9ab99e6bca46266d4ad9030d308346ff7ff0b6b955c29b74cafaf064b?s=96&d=mm&r=g","caption":"Marian Morosan"},"description":"Copiilor no\u015ftri li se preg\u0103te\u015fte, incon\u015ftient, o lume de joben ciuruit, din care niciodat\u0103 nu iese iepura\u015ful. Doar panglicile politicilor sociale roase de moliile cu \u015ftaif din ultimele decenii. Suntem oropsi\u0163i, suntem dispera\u0163i, manipula\u0163i p\u00e2n\u0103 acolo \u00eenc\u00e2t ne bucur\u0103m s\u0103 fim masa de manevr\u0103 a unora \u015fi s\u0103 sus\u0163inem c\u0103 a\u015fa e normal. Acum \u00eel \u00een\u0163eleg pe Cioran, dar \u00eel \u00een\u0163eleg mai bine \u015fi pe Preda. \u015ei m\u0103 g\u00e2ndesc iar, cu groaz\u0103, la copilul meu. Cel pu\u0163in eu nu \u00eemi doresc s\u0103 \u015ftiu c\u0103 micu\u0163ul meu va fi singur, cu sufletul descul\u0163, prin jungla mileniului III ! https:\/\/curierulsatelor.ro\/wp\/2019\/10\/16\/cu-sufletul-descult-prin-jungla-mileniului-iii-editorial\/","sameAs":["http:\/\/admin"],"url":"https:\/\/curierulsatelor.ro\/wp\/author\/admin\/"}]}},"_links":{"self":[{"href":"https:\/\/curierulsatelor.ro\/wp\/wp-json\/wp\/v2\/posts\/545","targetHints":{"allow":["GET"]}}],"collection":[{"href":"https:\/\/curierulsatelor.ro\/wp\/wp-json\/wp\/v2\/posts"}],"about":[{"href":"https:\/\/curierulsatelor.ro\/wp\/wp-json\/wp\/v2\/types\/post"}],"author":[{"embeddable":true,"href":"https:\/\/curierulsatelor.ro\/wp\/wp-json\/wp\/v2\/users\/1"}],"replies":[{"embeddable":true,"href":"https:\/\/curierulsatelor.ro\/wp\/wp-json\/wp\/v2\/comments?post=545"}],"version-history":[{"count":1,"href":"https:\/\/curierulsatelor.ro\/wp\/wp-json\/wp\/v2\/posts\/545\/revisions"}],"predecessor-version":[{"id":547,"href":"https:\/\/curierulsatelor.ro\/wp\/wp-json\/wp\/v2\/posts\/545\/revisions\/547"}],"wp:featuredmedia":[{"embeddable":true,"href":"https:\/\/curierulsatelor.ro\/wp\/wp-json\/wp\/v2\/media\/546"}],"wp:attachment":[{"href":"https:\/\/curierulsatelor.ro\/wp\/wp-json\/wp\/v2\/media?parent=545"}],"wp:term":[{"taxonomy":"category","embeddable":true,"href":"https:\/\/curierulsatelor.ro\/wp\/wp-json\/wp\/v2\/categories?post=545"},{"taxonomy":"post_tag","embeddable":true,"href":"https:\/\/curierulsatelor.ro\/wp\/wp-json\/wp\/v2\/tags?post=545"}],"curies":[{"name":"wp","href":"https:\/\/api.w.org\/{rel}","templated":true}]}}