{"id":5485,"date":"2021-04-30T13:39:02","date_gmt":"2021-04-30T13:39:02","guid":{"rendered":"https:\/\/curierulsatelor.ro\/wp\/?p=5485"},"modified":"2021-04-30T13:39:04","modified_gmt":"2021-04-30T13:39:04","slug":"fabrica-hidroplasto-face-angajari","status":"publish","type":"post","link":"https:\/\/curierulsatelor.ro\/wp\/2021\/04\/30\/fabrica-hidroplasto-face-angajari\/","title":{"rendered":"Fabrica Hidroplasto face angaj\u0103ri"},"content":{"rendered":"\n<p>Companie rom\u00e2neasc\u0103 cu un istoric de&nbsp;peste&nbsp;16 ani angajeaz\u0103 muncitori pentru fabric\u0103 de mase plastice&nbsp;din&nbsp;Boto\u0219ani.<\/p>\n\n\n\n<p>Prin&nbsp;investi\u021bii proprii compania noastr\u0103 a achizi\u021bionat \u00een&nbsp;luna&nbsp;martie&nbsp;\u0219i aprilie 2 utilaje&nbsp;care&nbsp;au m\u0103rit capacitatea de produc\u021bie cu 60%. \u00cen urm\u0103 analizei cererii de pe pia\u021b\u0103 \u0219i a contractelor aflate \u00een derulare ast\u0103zi 30.04.2021 am luat decizia de a&nbsp;mai&nbsp;achizi\u021biona \u00een luna mai \u00eenc\u0103 un utilaj , ajung\u00e2nd&nbsp;la&nbsp;o m\u0103rire a capacit\u0103\u021bii de produc\u021bie comparativ cu anul 2020 la&nbsp;circa&nbsp;80% , motiv pentru care c\u0103ut\u0103m s\u0103 angaj\u0103m personal (inclusiv&nbsp;feminin)<\/p>\n\n\n\n<p>Pentru anul 2020 Hidroplasto a avut o&nbsp;cifra&nbsp;de afaceri de 5,83 milioane lei , \u00eenregistr\u00e2nd un profit de 885,469 lei.<\/p>\n\n\n\n<p>Men\u021bion\u0103m c\u0103&nbsp;se&nbsp;lucreaz\u0103 \u00een 3 schimburi , \u0219i oferim:<\/p>\n\n\n\n<p>&#8211; Salariu motivant<\/p>\n\n\n\n<p>&#8211; Bonusuri \u00een func\u021bie de realiz\u0103ri<\/p>\n\n\n\n<p>-Bonuri de mas\u0103 \u00een valoare de 20 Ron pe zi<\/p>\n\n\n\n<p>&nbsp;-Transport Gratuit<\/p>\n\n\n\n<p>Cv-urile&nbsp;se&nbsp;vor trimite pe&nbsp;adresa&nbsp;de mail&nbsp;<a href=\"mailto:office@hidroplasto.ro\">office@hidroplasto.ro<\/a>&nbsp;,&nbsp;sau&nbsp;direct&nbsp;la&nbsp;Punctul de lucru&nbsp;din&nbsp;zona&nbsp;Industrial\u0103 Str.Pacea nr26, Boto\u0219ani.&nbsp;<\/p>\n\n\n\n<p>Rela\u021bii suplimentare&nbsp;la&nbsp;num\u0103rul de telefon: 0231 522 525<\/p>\n","protected":false},"excerpt":{"rendered":"<p>Companie rom\u00e2neasc\u0103 cu un istoric de&nbsp;peste&nbsp;16 ani angajeaz\u0103 muncitori pentru fabric\u0103 de mase plastice&nbsp;din&nbsp;Boto\u0219ani. Prin&nbsp;investi\u021bii&#8230;<\/p>\n","protected":false},"author":1,"featured_media":5486,"comment_status":"open","ping_status":"open","sticky":false,"template":"","format":"standard","meta":{"footnotes":""},"categories":[15,10,11],"tags":[],"class_list":["post-5485","post","type-post","status-publish","format-standard","has-post-thumbnail","hentry","category-botosani","category-economic","category-stiri"],"yoast_head":"<!-- This site is optimized with the Yoast SEO plugin v27.4 - https:\/\/yoast.com\/product\/yoast-seo-wordpress\/ -->\n<title>Fabrica Hidroplasto face angaj\u0103ri - Curierul Regional<\/title>\n<meta name=\"robots\" content=\"index, follow, max-snippet:-1, max-image-preview:large, max-video-preview:-1\" \/>\n<link rel=\"canonical\" href=\"https:\/\/curierulsatelor.ro\/wp\/2021\/04\/30\/fabrica-hidroplasto-face-angajari\/\" \/>\n<meta property=\"og:locale\" content=\"ro_RO\" \/>\n<meta property=\"og:type\" content=\"article\" \/>\n<meta property=\"og:title\" content=\"Fabrica Hidroplasto face angaj\u0103ri - Curierul Regional\" \/>\n<meta property=\"og:description\" content=\"Companie rom\u00e2neasc\u0103 cu un istoric de&nbsp;peste&nbsp;16 ani angajeaz\u0103 muncitori pentru fabric\u0103 de mase plastice&nbsp;din&nbsp;Boto\u0219ani. Prin&nbsp;investi\u021bii...\" \/>\n<meta property=\"og:url\" content=\"https:\/\/curierulsatelor.ro\/wp\/2021\/04\/30\/fabrica-hidroplasto-face-angajari\/\" \/>\n<meta property=\"og:site_name\" content=\"Curierul Regional\" \/>\n<meta property=\"article:published_time\" content=\"2021-04-30T13:39:02+00:00\" \/>\n<meta property=\"article:modified_time\" content=\"2021-04-30T13:39:04+00:00\" \/>\n<meta property=\"og:image\" content=\"https:\/\/curierulsatelor.ro\/wp\/wp-content\/uploads\/2021\/04\/hidroplasto-fabrica.jpg\" \/>\n\t<meta property=\"og:image:width\" content=\"2048\" \/>\n\t<meta property=\"og:image:height\" content=\"1536\" \/>\n\t<meta property=\"og:image:type\" content=\"image\/jpeg\" \/>\n<meta name=\"author\" content=\"Marian Morosan\" \/>\n<meta name=\"twitter:card\" content=\"summary_large_image\" \/>\n<meta name=\"twitter:label1\" content=\"Scris de\" \/>\n\t<meta name=\"twitter:data1\" content=\"Marian Morosan\" \/>\n\t<meta name=\"twitter:label2\" content=\"Timp estimat pentru citire\" \/>\n\t<meta name=\"twitter:data2\" content=\"1 minut\" \/>\n<script type=\"application\/ld+json\" class=\"yoast-schema-graph\">{\"@context\":\"https:\\\/\\\/schema.org\",\"@graph\":[{\"@type\":\"Article\",\"@id\":\"https:\\\/\\\/curierulsatelor.ro\\\/wp\\\/2021\\\/04\\\/30\\\/fabrica-hidroplasto-face-angajari\\\/#article\",\"isPartOf\":{\"@id\":\"https:\\\/\\\/curierulsatelor.ro\\\/wp\\\/2021\\\/04\\\/30\\\/fabrica-hidroplasto-face-angajari\\\/\"},\"author\":{\"name\":\"Marian Morosan\",\"@id\":\"https:\\\/\\\/curierulsatelor.ro\\\/wp\\\/#\\\/schema\\\/person\\\/6f6b28a030e15d619a82894773d6e7b9\"},\"headline\":\"Fabrica Hidroplasto face angaj\u0103ri\",\"datePublished\":\"2021-04-30T13:39:02+00:00\",\"dateModified\":\"2021-04-30T13:39:04+00:00\",\"mainEntityOfPage\":{\"@id\":\"https:\\\/\\\/curierulsatelor.ro\\\/wp\\\/2021\\\/04\\\/30\\\/fabrica-hidroplasto-face-angajari\\\/\"},\"wordCount\":227,\"commentCount\":0,\"publisher\":{\"@id\":\"https:\\\/\\\/curierulsatelor.ro\\\/wp\\\/#organization\"},\"image\":{\"@id\":\"https:\\\/\\\/curierulsatelor.ro\\\/wp\\\/2021\\\/04\\\/30\\\/fabrica-hidroplasto-face-angajari\\\/#primaryimage\"},\"thumbnailUrl\":\"https:\\\/\\\/curierulsatelor.ro\\\/wp\\\/wp-content\\\/uploads\\\/2021\\\/04\\\/hidroplasto-fabrica.jpg\",\"articleSection\":[\"Boto\u0219ani\",\"Economic\",\"Stiri\"],\"inLanguage\":\"ro-RO\",\"potentialAction\":[{\"@type\":\"CommentAction\",\"name\":\"Comment\",\"target\":[\"https:\\\/\\\/curierulsatelor.ro\\\/wp\\\/2021\\\/04\\\/30\\\/fabrica-hidroplasto-face-angajari\\\/#respond\"]}]},{\"@type\":\"WebPage\",\"@id\":\"https:\\\/\\\/curierulsatelor.ro\\\/wp\\\/2021\\\/04\\\/30\\\/fabrica-hidroplasto-face-angajari\\\/\",\"url\":\"https:\\\/\\\/curierulsatelor.ro\\\/wp\\\/2021\\\/04\\\/30\\\/fabrica-hidroplasto-face-angajari\\\/\",\"name\":\"Fabrica Hidroplasto face angaj\u0103ri - Curierul Regional\",\"isPartOf\":{\"@id\":\"https:\\\/\\\/curierulsatelor.ro\\\/wp\\\/#website\"},\"primaryImageOfPage\":{\"@id\":\"https:\\\/\\\/curierulsatelor.ro\\\/wp\\\/2021\\\/04\\\/30\\\/fabrica-hidroplasto-face-angajari\\\/#primaryimage\"},\"image\":{\"@id\":\"https:\\\/\\\/curierulsatelor.ro\\\/wp\\\/2021\\\/04\\\/30\\\/fabrica-hidroplasto-face-angajari\\\/#primaryimage\"},\"thumbnailUrl\":\"https:\\\/\\\/curierulsatelor.ro\\\/wp\\\/wp-content\\\/uploads\\\/2021\\\/04\\\/hidroplasto-fabrica.jpg\",\"datePublished\":\"2021-04-30T13:39:02+00:00\",\"dateModified\":\"2021-04-30T13:39:04+00:00\",\"breadcrumb\":{\"@id\":\"https:\\\/\\\/curierulsatelor.ro\\\/wp\\\/2021\\\/04\\\/30\\\/fabrica-hidroplasto-face-angajari\\\/#breadcrumb\"},\"inLanguage\":\"ro-RO\",\"potentialAction\":[{\"@type\":\"ReadAction\",\"target\":[\"https:\\\/\\\/curierulsatelor.ro\\\/wp\\\/2021\\\/04\\\/30\\\/fabrica-hidroplasto-face-angajari\\\/\"]}]},{\"@type\":\"ImageObject\",\"inLanguage\":\"ro-RO\",\"@id\":\"https:\\\/\\\/curierulsatelor.ro\\\/wp\\\/2021\\\/04\\\/30\\\/fabrica-hidroplasto-face-angajari\\\/#primaryimage\",\"url\":\"https:\\\/\\\/curierulsatelor.ro\\\/wp\\\/wp-content\\\/uploads\\\/2021\\\/04\\\/hidroplasto-fabrica.jpg\",\"contentUrl\":\"https:\\\/\\\/curierulsatelor.ro\\\/wp\\\/wp-content\\\/uploads\\\/2021\\\/04\\\/hidroplasto-fabrica.jpg\",\"width\":2048,\"height\":1536},{\"@type\":\"BreadcrumbList\",\"@id\":\"https:\\\/\\\/curierulsatelor.ro\\\/wp\\\/2021\\\/04\\\/30\\\/fabrica-hidroplasto-face-angajari\\\/#breadcrumb\",\"itemListElement\":[{\"@type\":\"ListItem\",\"position\":1,\"name\":\"Prima pagin\u0103\",\"item\":\"https:\\\/\\\/curierulsatelor.ro\\\/wp\\\/\"},{\"@type\":\"ListItem\",\"position\":2,\"name\":\"Fabrica Hidroplasto face angaj\u0103ri\"}]},{\"@type\":\"WebSite\",\"@id\":\"https:\\\/\\\/curierulsatelor.ro\\\/wp\\\/#website\",\"url\":\"https:\\\/\\\/curierulsatelor.ro\\\/wp\\\/\",\"name\":\"Curierul Regional\",\"description\":\"\",\"publisher\":{\"@id\":\"https:\\\/\\\/curierulsatelor.ro\\\/wp\\\/#organization\"},\"potentialAction\":[{\"@type\":\"SearchAction\",\"target\":{\"@type\":\"EntryPoint\",\"urlTemplate\":\"https:\\\/\\\/curierulsatelor.ro\\\/wp\\\/?s={search_term_string}\"},\"query-input\":{\"@type\":\"PropertyValueSpecification\",\"valueRequired\":true,\"valueName\":\"search_term_string\"}}],\"inLanguage\":\"ro-RO\"},{\"@type\":\"Organization\",\"@id\":\"https:\\\/\\\/curierulsatelor.ro\\\/wp\\\/#organization\",\"name\":\"Curierul Regional\",\"url\":\"https:\\\/\\\/curierulsatelor.ro\\\/wp\\\/\",\"logo\":{\"@type\":\"ImageObject\",\"inLanguage\":\"ro-RO\",\"@id\":\"https:\\\/\\\/curierulsatelor.ro\\\/wp\\\/#\\\/schema\\\/logo\\\/image\\\/\",\"url\":\"https:\\\/\\\/curierulsatelor.ro\\\/wp\\\/wp-content\\\/uploads\\\/2020\\\/01\\\/Curierul-Regional-si-Curierul-satelor-logo-header.png\",\"contentUrl\":\"https:\\\/\\\/curierulsatelor.ro\\\/wp\\\/wp-content\\\/uploads\\\/2020\\\/01\\\/Curierul-Regional-si-Curierul-satelor-logo-header.png\",\"width\":2943,\"height\":685,\"caption\":\"Curierul Regional\"},\"image\":{\"@id\":\"https:\\\/\\\/curierulsatelor.ro\\\/wp\\\/#\\\/schema\\\/logo\\\/image\\\/\"}},{\"@type\":\"Person\",\"@id\":\"https:\\\/\\\/curierulsatelor.ro\\\/wp\\\/#\\\/schema\\\/person\\\/6f6b28a030e15d619a82894773d6e7b9\",\"name\":\"Marian Morosan\",\"image\":{\"@type\":\"ImageObject\",\"inLanguage\":\"ro-RO\",\"@id\":\"https:\\\/\\\/secure.gravatar.com\\\/avatar\\\/2e833cc9ab99e6bca46266d4ad9030d308346ff7ff0b6b955c29b74cafaf064b?s=96&d=mm&r=g\",\"url\":\"https:\\\/\\\/secure.gravatar.com\\\/avatar\\\/2e833cc9ab99e6bca46266d4ad9030d308346ff7ff0b6b955c29b74cafaf064b?s=96&d=mm&r=g\",\"contentUrl\":\"https:\\\/\\\/secure.gravatar.com\\\/avatar\\\/2e833cc9ab99e6bca46266d4ad9030d308346ff7ff0b6b955c29b74cafaf064b?s=96&d=mm&r=g\",\"caption\":\"Marian Morosan\"},\"description\":\"Copiilor no\u015ftri li se preg\u0103te\u015fte, incon\u015ftient, o lume de joben ciuruit, din care niciodat\u0103 nu iese iepura\u015ful. Doar panglicile politicilor sociale roase de moliile cu \u015ftaif din ultimele decenii. Suntem oropsi\u0163i, suntem dispera\u0163i, manipula\u0163i p\u00e2n\u0103 acolo \u00eenc\u00e2t ne bucur\u0103m s\u0103 fim masa de manevr\u0103 a unora \u015fi s\u0103 sus\u0163inem c\u0103 a\u015fa e normal. Acum \u00eel \u00een\u0163eleg pe Cioran, dar \u00eel \u00een\u0163eleg mai bine \u015fi pe Preda. \u015ei m\u0103 g\u00e2ndesc iar, cu groaz\u0103, la copilul meu. Cel pu\u0163in eu nu \u00eemi doresc s\u0103 \u015ftiu c\u0103 micu\u0163ul meu va fi singur, cu sufletul descul\u0163, prin jungla mileniului III ! https:\\\/\\\/curierulsatelor.ro\\\/wp\\\/2019\\\/10\\\/16\\\/cu-sufletul-descult-prin-jungla-mileniului-iii-editorial\\\/\",\"sameAs\":[\"http:\\\/\\\/admin\"],\"url\":\"https:\\\/\\\/curierulsatelor.ro\\\/wp\\\/author\\\/admin\\\/\"}]}<\/script>\n<!-- \/ Yoast SEO plugin. -->","yoast_head_json":{"title":"Fabrica Hidroplasto face angaj\u0103ri - Curierul Regional","robots":{"index":"index","follow":"follow","max-snippet":"max-snippet:-1","max-image-preview":"max-image-preview:large","max-video-preview":"max-video-preview:-1"},"canonical":"https:\/\/curierulsatelor.ro\/wp\/2021\/04\/30\/fabrica-hidroplasto-face-angajari\/","og_locale":"ro_RO","og_type":"article","og_title":"Fabrica Hidroplasto face angaj\u0103ri - Curierul Regional","og_description":"Companie rom\u00e2neasc\u0103 cu un istoric de&nbsp;peste&nbsp;16 ani angajeaz\u0103 muncitori pentru fabric\u0103 de mase plastice&nbsp;din&nbsp;Boto\u0219ani. Prin&nbsp;investi\u021bii...","og_url":"https:\/\/curierulsatelor.ro\/wp\/2021\/04\/30\/fabrica-hidroplasto-face-angajari\/","og_site_name":"Curierul Regional","article_published_time":"2021-04-30T13:39:02+00:00","article_modified_time":"2021-04-30T13:39:04+00:00","og_image":[{"width":2048,"height":1536,"url":"https:\/\/curierulsatelor.ro\/wp\/wp-content\/uploads\/2021\/04\/hidroplasto-fabrica.jpg","type":"image\/jpeg"}],"author":"Marian Morosan","twitter_card":"summary_large_image","twitter_misc":{"Scris de":"Marian Morosan","Timp estimat pentru citire":"1 minut"},"schema":{"@context":"https:\/\/schema.org","@graph":[{"@type":"Article","@id":"https:\/\/curierulsatelor.ro\/wp\/2021\/04\/30\/fabrica-hidroplasto-face-angajari\/#article","isPartOf":{"@id":"https:\/\/curierulsatelor.ro\/wp\/2021\/04\/30\/fabrica-hidroplasto-face-angajari\/"},"author":{"name":"Marian Morosan","@id":"https:\/\/curierulsatelor.ro\/wp\/#\/schema\/person\/6f6b28a030e15d619a82894773d6e7b9"},"headline":"Fabrica Hidroplasto face angaj\u0103ri","datePublished":"2021-04-30T13:39:02+00:00","dateModified":"2021-04-30T13:39:04+00:00","mainEntityOfPage":{"@id":"https:\/\/curierulsatelor.ro\/wp\/2021\/04\/30\/fabrica-hidroplasto-face-angajari\/"},"wordCount":227,"commentCount":0,"publisher":{"@id":"https:\/\/curierulsatelor.ro\/wp\/#organization"},"image":{"@id":"https:\/\/curierulsatelor.ro\/wp\/2021\/04\/30\/fabrica-hidroplasto-face-angajari\/#primaryimage"},"thumbnailUrl":"https:\/\/curierulsatelor.ro\/wp\/wp-content\/uploads\/2021\/04\/hidroplasto-fabrica.jpg","articleSection":["Boto\u0219ani","Economic","Stiri"],"inLanguage":"ro-RO","potentialAction":[{"@type":"CommentAction","name":"Comment","target":["https:\/\/curierulsatelor.ro\/wp\/2021\/04\/30\/fabrica-hidroplasto-face-angajari\/#respond"]}]},{"@type":"WebPage","@id":"https:\/\/curierulsatelor.ro\/wp\/2021\/04\/30\/fabrica-hidroplasto-face-angajari\/","url":"https:\/\/curierulsatelor.ro\/wp\/2021\/04\/30\/fabrica-hidroplasto-face-angajari\/","name":"Fabrica Hidroplasto face angaj\u0103ri - Curierul Regional","isPartOf":{"@id":"https:\/\/curierulsatelor.ro\/wp\/#website"},"primaryImageOfPage":{"@id":"https:\/\/curierulsatelor.ro\/wp\/2021\/04\/30\/fabrica-hidroplasto-face-angajari\/#primaryimage"},"image":{"@id":"https:\/\/curierulsatelor.ro\/wp\/2021\/04\/30\/fabrica-hidroplasto-face-angajari\/#primaryimage"},"thumbnailUrl":"https:\/\/curierulsatelor.ro\/wp\/wp-content\/uploads\/2021\/04\/hidroplasto-fabrica.jpg","datePublished":"2021-04-30T13:39:02+00:00","dateModified":"2021-04-30T13:39:04+00:00","breadcrumb":{"@id":"https:\/\/curierulsatelor.ro\/wp\/2021\/04\/30\/fabrica-hidroplasto-face-angajari\/#breadcrumb"},"inLanguage":"ro-RO","potentialAction":[{"@type":"ReadAction","target":["https:\/\/curierulsatelor.ro\/wp\/2021\/04\/30\/fabrica-hidroplasto-face-angajari\/"]}]},{"@type":"ImageObject","inLanguage":"ro-RO","@id":"https:\/\/curierulsatelor.ro\/wp\/2021\/04\/30\/fabrica-hidroplasto-face-angajari\/#primaryimage","url":"https:\/\/curierulsatelor.ro\/wp\/wp-content\/uploads\/2021\/04\/hidroplasto-fabrica.jpg","contentUrl":"https:\/\/curierulsatelor.ro\/wp\/wp-content\/uploads\/2021\/04\/hidroplasto-fabrica.jpg","width":2048,"height":1536},{"@type":"BreadcrumbList","@id":"https:\/\/curierulsatelor.ro\/wp\/2021\/04\/30\/fabrica-hidroplasto-face-angajari\/#breadcrumb","itemListElement":[{"@type":"ListItem","position":1,"name":"Prima pagin\u0103","item":"https:\/\/curierulsatelor.ro\/wp\/"},{"@type":"ListItem","position":2,"name":"Fabrica Hidroplasto face angaj\u0103ri"}]},{"@type":"WebSite","@id":"https:\/\/curierulsatelor.ro\/wp\/#website","url":"https:\/\/curierulsatelor.ro\/wp\/","name":"Curierul Regional","description":"","publisher":{"@id":"https:\/\/curierulsatelor.ro\/wp\/#organization"},"potentialAction":[{"@type":"SearchAction","target":{"@type":"EntryPoint","urlTemplate":"https:\/\/curierulsatelor.ro\/wp\/?s={search_term_string}"},"query-input":{"@type":"PropertyValueSpecification","valueRequired":true,"valueName":"search_term_string"}}],"inLanguage":"ro-RO"},{"@type":"Organization","@id":"https:\/\/curierulsatelor.ro\/wp\/#organization","name":"Curierul Regional","url":"https:\/\/curierulsatelor.ro\/wp\/","logo":{"@type":"ImageObject","inLanguage":"ro-RO","@id":"https:\/\/curierulsatelor.ro\/wp\/#\/schema\/logo\/image\/","url":"https:\/\/curierulsatelor.ro\/wp\/wp-content\/uploads\/2020\/01\/Curierul-Regional-si-Curierul-satelor-logo-header.png","contentUrl":"https:\/\/curierulsatelor.ro\/wp\/wp-content\/uploads\/2020\/01\/Curierul-Regional-si-Curierul-satelor-logo-header.png","width":2943,"height":685,"caption":"Curierul Regional"},"image":{"@id":"https:\/\/curierulsatelor.ro\/wp\/#\/schema\/logo\/image\/"}},{"@type":"Person","@id":"https:\/\/curierulsatelor.ro\/wp\/#\/schema\/person\/6f6b28a030e15d619a82894773d6e7b9","name":"Marian Morosan","image":{"@type":"ImageObject","inLanguage":"ro-RO","@id":"https:\/\/secure.gravatar.com\/avatar\/2e833cc9ab99e6bca46266d4ad9030d308346ff7ff0b6b955c29b74cafaf064b?s=96&d=mm&r=g","url":"https:\/\/secure.gravatar.com\/avatar\/2e833cc9ab99e6bca46266d4ad9030d308346ff7ff0b6b955c29b74cafaf064b?s=96&d=mm&r=g","contentUrl":"https:\/\/secure.gravatar.com\/avatar\/2e833cc9ab99e6bca46266d4ad9030d308346ff7ff0b6b955c29b74cafaf064b?s=96&d=mm&r=g","caption":"Marian Morosan"},"description":"Copiilor no\u015ftri li se preg\u0103te\u015fte, incon\u015ftient, o lume de joben ciuruit, din care niciodat\u0103 nu iese iepura\u015ful. Doar panglicile politicilor sociale roase de moliile cu \u015ftaif din ultimele decenii. Suntem oropsi\u0163i, suntem dispera\u0163i, manipula\u0163i p\u00e2n\u0103 acolo \u00eenc\u00e2t ne bucur\u0103m s\u0103 fim masa de manevr\u0103 a unora \u015fi s\u0103 sus\u0163inem c\u0103 a\u015fa e normal. Acum \u00eel \u00een\u0163eleg pe Cioran, dar \u00eel \u00een\u0163eleg mai bine \u015fi pe Preda. \u015ei m\u0103 g\u00e2ndesc iar, cu groaz\u0103, la copilul meu. Cel pu\u0163in eu nu \u00eemi doresc s\u0103 \u015ftiu c\u0103 micu\u0163ul meu va fi singur, cu sufletul descul\u0163, prin jungla mileniului III ! https:\/\/curierulsatelor.ro\/wp\/2019\/10\/16\/cu-sufletul-descult-prin-jungla-mileniului-iii-editorial\/","sameAs":["http:\/\/admin"],"url":"https:\/\/curierulsatelor.ro\/wp\/author\/admin\/"}]}},"_links":{"self":[{"href":"https:\/\/curierulsatelor.ro\/wp\/wp-json\/wp\/v2\/posts\/5485","targetHints":{"allow":["GET"]}}],"collection":[{"href":"https:\/\/curierulsatelor.ro\/wp\/wp-json\/wp\/v2\/posts"}],"about":[{"href":"https:\/\/curierulsatelor.ro\/wp\/wp-json\/wp\/v2\/types\/post"}],"author":[{"embeddable":true,"href":"https:\/\/curierulsatelor.ro\/wp\/wp-json\/wp\/v2\/users\/1"}],"replies":[{"embeddable":true,"href":"https:\/\/curierulsatelor.ro\/wp\/wp-json\/wp\/v2\/comments?post=5485"}],"version-history":[{"count":1,"href":"https:\/\/curierulsatelor.ro\/wp\/wp-json\/wp\/v2\/posts\/5485\/revisions"}],"predecessor-version":[{"id":5487,"href":"https:\/\/curierulsatelor.ro\/wp\/wp-json\/wp\/v2\/posts\/5485\/revisions\/5487"}],"wp:featuredmedia":[{"embeddable":true,"href":"https:\/\/curierulsatelor.ro\/wp\/wp-json\/wp\/v2\/media\/5486"}],"wp:attachment":[{"href":"https:\/\/curierulsatelor.ro\/wp\/wp-json\/wp\/v2\/media?parent=5485"}],"wp:term":[{"taxonomy":"category","embeddable":true,"href":"https:\/\/curierulsatelor.ro\/wp\/wp-json\/wp\/v2\/categories?post=5485"},{"taxonomy":"post_tag","embeddable":true,"href":"https:\/\/curierulsatelor.ro\/wp\/wp-json\/wp\/v2\/tags?post=5485"}],"curies":[{"name":"wp","href":"https:\/\/api.w.org\/{rel}","templated":true}]}}