{"id":5556,"date":"2021-05-10T05:13:19","date_gmt":"2021-05-10T05:13:19","guid":{"rendered":"https:\/\/curierulsatelor.ro\/wp\/?p=5556"},"modified":"2021-05-10T05:13:21","modified_gmt":"2021-05-10T05:13:21","slug":"primarul-teapa-cosmin-andrei-primeste-solutii-de-la-silegeanu-pentru-scoaterea-municipiului-din-groapa-falimentului","status":"publish","type":"post","link":"https:\/\/curierulsatelor.ro\/wp\/2021\/05\/10\/primarul-teapa-cosmin-andrei-primeste-solutii-de-la-silegeanu-pentru-scoaterea-municipiului-din-groapa-falimentului\/","title":{"rendered":"Primarul \u201d\u021beap\u0103\u201d Cosmin Andrei prime\u0219te solu\u021bii de la Silegeanu pentru scoaterea municipiului din groapa falimentului"},"content":{"rendered":"\n<p>Boto\u0219aniul a mai avut primari , de-a lungul celor 30 de ani \u0219i ceva de proast\u0103 democra\u021bie aplicat\u0103 \u0219i de haos \u00een administra\u021bia public\u0103. Dar catastrof\u0103 precum actualul primar al municipiului s\u0103 ne rug\u0103m s\u0103 nu mai avem vreodat\u0103. Indiferent c\u00e2t de \u0219armant ar fi z\u00e2mbetul s\u0103u pre \u0219i post-electoral. La primul hop s\u0103 \u00eencepi a te sc\u00e2nci c\u0103 \u00ee\u021bi curge nasul, c\u0103 u\u0219a problemelor e deschis\u0103, c\u0103 cel de dinainte a f\u0103cut sau nu a f\u0103cut nu \u0219tiu ce (\u00een vremea respectiv\u0103 fiind viceprimar cu apuc\u0103turi de primar providen\u021bial), s\u0103 sc\u00e2r\u021b\u00e2i administrativ c\u0103 e\u0219ti asaltat de problemele pe care trebuia s\u0103 le cuno\u0219ti, s\u0103 te smiorc\u0103i c\u0103 municipiul intr\u0103 \u00een faliment \u0219i nu o s\u0103 \u00ee\u021bi mai po\u021bi lua salariul&#8230; nu te aranjeaz\u0103 deloc ca primar. Dar vorba cuiva: asta \u00eenseamn\u0103 s\u0103 fii primar \u021bepar. S\u0103 te prezin\u021bi electoral ca salvator al boto\u0219\u0103nenilor, cu aur\u0103 de platin\u0103, iar la c\u00e2teva luni c\u00e2nd deja ora\u0219ul trebuia s\u0103 duduie de investi\u021bii, s\u0103 vii \u0219i, invariabil, s\u0103 explici c\u0103 aura \u00ee\u021bi este de tinichea. Dar chiar \u0219i a\u0219a. Strig\u0103 omule dup\u0103 ajutor. Dup\u0103 ajutor real. \u0218i \u0103sta nu poate veni dec\u00e2t din privat, de la cei care \u0219tiu cum se gestioneaz\u0103 o afacere, nu cum se c\u0103pu\u0219eaz\u0103. Sau ai t\u0103ria de a accepta solu\u021biile oferite. Iar dac\u0103 nu le pricepi, solicit\u0103 ore de medita\u021bii, caut\u0103 un consilier personal care s\u0103 \u0219tie ce \u201ddocumente! s\u0103 \u00ee\u021bi pun\u0103 diminea\u021ba l\u00e2ng\u0103 cafea , pentru ca fiecare zi s\u0103 mearg\u0103 strun\u0103. Sau altfel spus, poart\u0103 domnule costumul de primar \u0219i fii demn de el. C\u0103 doar ai dat din coate s\u0103 \u00eel ob\u021bii. Solu\u021bii? iat\u0103 c\u00e2teva, mai jos, oferite de un privat. Chiar dac\u0103 dac\u0103 te apuc\u0103 palpita\u021biile de c\u00e2te ori se \u0219opte\u0219te: Silegeanu. <\/p>\n\n\n\n<p>\u201dCosmin Andrei, primarul problemelor, de\u0219i se anun\u021ba c\u0103 fiind un primar al solu\u021biilor!\u200b Ce pot s\u0103 zic, dec\u00e2t c\u0103 sper c\u0103 nu ne-am luat \u00a0\u201c\u021beap\u0103\u201d, cu primarul ales \u00a0de majoritatea dintre boto\u0219\u0103neni!<br>Nu a\u0219 fi f\u0103cut o asemenea afirma\u021bie, dac\u0103 p\u00e2n\u0103 acum \u00a0domnul Cosmin \u00a0Andrei ar fi venit cu solu\u021bii la diversele situa\u021bii cu care se confrunt\u0103 Prim\u0103ria Municipiului Boto\u0219ani.<br>Din contr\u0103, domnia s\u0103 se arat\u0103 cople\u0219it de problemele pe care le \u00eent\u00e2mpin\u0103 \u00een calitatea sa de edil-\u0219ef al Boto\u0219aniului \u0219i chiar amenin\u021b\u0103 c\u0103 \u00ee\u0219i depune mandatul de primar.<br>\u200bCea mai arz\u0103toare problem\u0103 din acest moment \u00een ceea \u00a0ce prive\u0219te municipalitatea boto\u0219\u0103nean\u0103 este cea privind pierderea proceselor cu lichidatorul Termica si plata c\u0103tre acesta a unei sume fabuloase de 100 milioane lei, ceea ce \u00eenseamn\u0103 \u00eencas\u0103rile din taxele \u0219i impozitele boto\u0219\u0103nenilor pentru urm\u0103torii doi ani \u0219i jum\u0103tate .\u200b Situa\u021bia critic\u0103 \u00een care se afl\u0103 Prim\u0103ria Boto\u0219ani a fost expus\u0103 \u00een spa\u021biul public de c\u0103tre primarul nostru, \u00eentr-o conferin\u021b\u0103 de pres\u0103 \u0219i a\u0219a cum ne-a obi\u0219nuit p\u00e2n\u0103 acum, \u00een\u00a0loc s\u0103 vin\u0103 cu solu\u021bii, a\u0219a cum face un lider adev\u0103rat \u0219i un primar responsabil, domnia s\u0103 se \u201epl\u00e2nge\u201d amenin\u021b\u00e2nd chiar c\u0103 renun\u021b\u0103 la calitatea sa de edil-\u0219ef.<br>\u200bPrecum mul\u021bi al\u021bi cet\u0103\u021beni ai acestui ora\u0219, \u00eentreb \u0219i eu \u00a0: \u201eNu \u0219tia\u021bi de aceste procese domnule primar? Ati fost Viceprimar dou\u0103 mandate, adic\u0103 8 ani de zile. Mi se pare ciudat c\u0103 nu a\u021bi \u0219tiut de aceast\u0103 problem\u0103 critic\u0103 pentru municipalitatea boto\u0219\u0103nean\u0103.<br>\u200bIar dac\u0103 a\u021bi \u0219tiut, de ce nu a\u021bi monitorizat-o? De ce nu a\u021bi tras semnale de alarm\u0103 din timp pentru c\u0103 ea s\u0103 poata fi prevenit\u0103?<br>De ce nu iesi\u021bi public cu solu\u021bii, ci iesi\u021bi doar cu probleme? V\u0103 reamintesc c\u0103 \u00een timpul campaniei \u00a0electorale v-a\u021bi prezentat \u00een fa\u021ba boto\u0219\u0103nenilor \u00a0ca un primar al solu\u021biilor, avea\u021bi rezolvare la orice problem\u0103.<br>\u00a0Ce s-a \u00eent\u00e2mplat de c\u00e2nd sunte\u021bi \u00a0pe func\u021bia de primar, a\u021bi uitat \u00a0cum vin solu\u021biile, sau ele v-au venit doar pe foaie, din pix, \u00een realitate \u00a0 v\u0103 este mai greu s\u0103 g\u0103\u0219i\u021bi solu\u021bii la orice situa\u021bie ?\u00a0\u200bC\u00e2nd a\u021bi ales s\u0103 candida\u021bi pentru conducerea Prim\u0103riei \u00a0Municipiului Boto\u0219ani \u0219tia\u021bi ce presupune aceast\u0103 calitate? Indiferent de situa\u021bia \u00een care va afl\u0103\u021bi trebuie \u00a0s\u0103 fi\u021bi un primar care s\u0103 ia decizii potrivite pentru \u00a0dezvoltarea municipiului \u0219i asigurarea unui tr\u0103i mai bun boto\u0219\u0103nenilor.\u200bAr fi trebuit s\u0103 ave\u021bi deja o strategie pentru a o pune \u00een aplicare, fiind instalat de c\u00e2teva luni buni la conducerea Prim\u0103riei. Scopul unei strategii este s\u0103 identifice direc\u021biile prioritare de interven\u021bie pentru o perioad\u0103 definit\u0103 de timp.\u200b S\u0103 l\u0103sam trecutul \u00een urm\u0103 \u0219i s\u0103 ne concentr\u0103m pe prezent \u0219i viitor, \u0219i s\u0103 nu fiu acuzat c\u0103 doar critic o sa v\u0103 ofer c\u00e2teva solu\u021bii pentru problema pe care o \u00eentampina\u021bi: <\/p>\n\n\n\n<p>Solu\u021bia nr.1 -Plata e\u0219alonat\u0103 a debitului : Surse se pot ob\u021bine prin :- T\u0103ierea subven\u021biilor la gigacalorie de la Modern Calor;- T\u0103ierea subven\u021biilor oferite c\u0103tre transportul in comun ;- T\u0103ierea subven\u021biei de la Corni\u0219a;- Reducerea cheltuielilor (identificarea \u0219i eliminarea cheltuielilor ce nu sunt strict necesare);- Identificarea altor surse de venituri; \u200bPrin management apolitic \u0219i cu manageri adevara\u021bi, companiile din subordinea Prim\u0103riei le pute\u021bi aduce pe profit.\u200b F\u0103c\u00e2nd aceste lucruri ve\u021bi avea bani \u0219i pentru e\u0219alonarea datoriei \u0219i pentru dezvoltarea ora\u0219ului. Foarte important\u0103 este viziunea pe termen lung, precum \u0219i implicarea apolitic\u0103 \u00een tot sistemul administrativ. Analiza financiar\u0103 a fiec\u0103rei companii din subordinea Prim\u0103riei, cheltuielile versus venituri va vor ajuta s\u0103 v\u0103 crea\u021bi o idee cu privire la banii de care dispune\u021bi, nu doar s\u0103 v\u0103 lega\u021bi de \u00eencas\u0103rile de la cet\u0103\u021beni. Prim\u0103ria \u00eencaseaz\u0103 bani din amenzi, din concesiuni, din chirii, precum \u0219i din alte activit\u0103\u021bi.\u200b Aduna\u021bi-le pe toate \u0219i atunci v\u0103 ve\u021bi crea o idee cu privire la situa\u021bia financiar\u0103 \u0219i dac\u0103 e caz de insolventa sau nu .<\/p>\n\n\n\n<p>Solu\u021bia nr. 2- Suspendarea execut\u0103rii silite prin depunerea unei cereri c\u0103tre Tribunalul Boto\u0219ani \u00een care cere\u021bi acest lucru \u0219i mentiona\u021bi c\u0103 nu pute\u021bi achita taxa de 10% expun\u00e2ndu-v\u0103 motivele (suma prea mare, suma reprezint\u0103 \u00eencas\u0103rile din taxe \u0219i impozite de aproximativ 25% ceea ce ar crea probleme grave la institu\u021biile subordonate, investi\u021bii, cofinan\u021b\u0103ri \u0219i a\u0219a mai departe);- Exist\u0103 ordonan\u021be speciale ( vezi ordonanta 22 din ianuarie 2002 articolul 6 punctul 4) prin care un complet de judec\u0103tori pot admite aceast\u0103 cerere;- C\u0103utati spe\u021be similare;- Dialogul social cu to\u021bi cei implica\u021bi \u2013 executor \u0219i lichidator.<\/p>\n\n\n\n<p>Solu\u021bia nr.3- Accesarea unui \u00eemprumut pentru plata datoriei \u2013 negocierea cu b\u0103ncile ca dob\u00e2nda s\u0103 fie c\u00e2t mai mic\u0103, iar returnarea \u00eemprumutului s\u0103 se fac\u0103 \u00eentr-un termen, astfel \u00eenc\u00e2t s\u0103 nu fie afectat bugetul aprobat deja.\u00a0Vede\u021bi domnule Primar, nu este a\u0219a u\u0219or s\u0103 fii Manager pentru c\u0103 \u00eentr-un fel sau altul, asta \u00eenseamna a fi edilul \u0219ef al unui municipiu, re\u0219edin\u021b\u0103 de jude\u021b, precum Boto\u0219aniul \u00a0\u0219i foarte important e c\u0103 trebuie s\u0103 fii un conduc\u0103tor care gase\u0219te tot timpul solu\u021bii la toate problemele ce se ivesc de-a lungul timpului\u201d &#8211; C\u0103t\u0103lin Silegeanu, vicepre\u0219edinte PNR, manager Hidroplasto.<\/p>\n","protected":false},"excerpt":{"rendered":"<p>Boto\u0219aniul a mai avut primari , de-a lungul celor 30 de ani \u0219i ceva de&#8230;<\/p>\n","protected":false},"author":1,"featured_media":5022,"comment_status":"open","ping_status":"open","sticky":false,"template":"","format":"standard","meta":{"footnotes":""},"categories":[8,6,11],"tags":[],"class_list":["post-5556","post","type-post","status-publish","format-standard","has-post-thumbnail","hentry","category-comunicate","category-politica","category-stiri"],"yoast_head":"<!-- This site is optimized with the Yoast SEO plugin v27.4 - https:\/\/yoast.com\/product\/yoast-seo-wordpress\/ -->\n<title>Primarul \u201d\u021beap\u0103\u201d Cosmin Andrei prime\u0219te solu\u021bii de la Silegeanu pentru scoaterea municipiului din groapa falimentului - Curierul Regional<\/title>\n<meta name=\"robots\" content=\"index, follow, max-snippet:-1, max-image-preview:large, max-video-preview:-1\" \/>\n<link rel=\"canonical\" href=\"https:\/\/curierulsatelor.ro\/wp\/2021\/05\/10\/primarul-teapa-cosmin-andrei-primeste-solutii-de-la-silegeanu-pentru-scoaterea-municipiului-din-groapa-falimentului\/\" \/>\n<meta property=\"og:locale\" content=\"ro_RO\" \/>\n<meta property=\"og:type\" content=\"article\" \/>\n<meta property=\"og:title\" content=\"Primarul \u201d\u021beap\u0103\u201d Cosmin Andrei prime\u0219te solu\u021bii de la Silegeanu pentru scoaterea municipiului din groapa falimentului - Curierul Regional\" \/>\n<meta property=\"og:description\" content=\"Boto\u0219aniul a mai avut primari , de-a lungul celor 30 de ani \u0219i ceva de...\" \/>\n<meta property=\"og:url\" content=\"https:\/\/curierulsatelor.ro\/wp\/2021\/05\/10\/primarul-teapa-cosmin-andrei-primeste-solutii-de-la-silegeanu-pentru-scoaterea-municipiului-din-groapa-falimentului\/\" \/>\n<meta property=\"og:site_name\" content=\"Curierul Regional\" \/>\n<meta property=\"article:published_time\" content=\"2021-05-10T05:13:19+00:00\" \/>\n<meta property=\"article:modified_time\" content=\"2021-05-10T05:13:21+00:00\" \/>\n<meta property=\"og:image\" content=\"https:\/\/curierulsatelor.ro\/wp\/wp-content\/uploads\/2021\/02\/Catalin-Silegeanu-si-Cosmin-Andrei-scaled.jpg\" \/>\n\t<meta property=\"og:image:width\" content=\"2560\" \/>\n\t<meta property=\"og:image:height\" content=\"1930\" \/>\n\t<meta property=\"og:image:type\" content=\"image\/jpeg\" \/>\n<meta name=\"author\" content=\"Marian Morosan\" \/>\n<meta name=\"twitter:card\" content=\"summary_large_image\" \/>\n<meta name=\"twitter:label1\" content=\"Scris de\" \/>\n\t<meta name=\"twitter:data1\" content=\"Marian Morosan\" \/>\n\t<meta name=\"twitter:label2\" content=\"Timp estimat pentru citire\" \/>\n\t<meta name=\"twitter:data2\" content=\"6 minute\" \/>\n<script type=\"application\/ld+json\" class=\"yoast-schema-graph\">{\"@context\":\"https:\\\/\\\/schema.org\",\"@graph\":[{\"@type\":\"Article\",\"@id\":\"https:\\\/\\\/curierulsatelor.ro\\\/wp\\\/2021\\\/05\\\/10\\\/primarul-teapa-cosmin-andrei-primeste-solutii-de-la-silegeanu-pentru-scoaterea-municipiului-din-groapa-falimentului\\\/#article\",\"isPartOf\":{\"@id\":\"https:\\\/\\\/curierulsatelor.ro\\\/wp\\\/2021\\\/05\\\/10\\\/primarul-teapa-cosmin-andrei-primeste-solutii-de-la-silegeanu-pentru-scoaterea-municipiului-din-groapa-falimentului\\\/\"},\"author\":{\"name\":\"Marian Morosan\",\"@id\":\"https:\\\/\\\/curierulsatelor.ro\\\/wp\\\/#\\\/schema\\\/person\\\/6f6b28a030e15d619a82894773d6e7b9\"},\"headline\":\"Primarul \u201d\u021beap\u0103\u201d Cosmin Andrei prime\u0219te solu\u021bii de la Silegeanu pentru scoaterea municipiului din groapa falimentului\",\"datePublished\":\"2021-05-10T05:13:19+00:00\",\"dateModified\":\"2021-05-10T05:13:21+00:00\",\"mainEntityOfPage\":{\"@id\":\"https:\\\/\\\/curierulsatelor.ro\\\/wp\\\/2021\\\/05\\\/10\\\/primarul-teapa-cosmin-andrei-primeste-solutii-de-la-silegeanu-pentru-scoaterea-municipiului-din-groapa-falimentului\\\/\"},\"wordCount\":1295,\"commentCount\":0,\"publisher\":{\"@id\":\"https:\\\/\\\/curierulsatelor.ro\\\/wp\\\/#organization\"},\"image\":{\"@id\":\"https:\\\/\\\/curierulsatelor.ro\\\/wp\\\/2021\\\/05\\\/10\\\/primarul-teapa-cosmin-andrei-primeste-solutii-de-la-silegeanu-pentru-scoaterea-municipiului-din-groapa-falimentului\\\/#primaryimage\"},\"thumbnailUrl\":\"https:\\\/\\\/curierulsatelor.ro\\\/wp\\\/wp-content\\\/uploads\\\/2021\\\/02\\\/Catalin-Silegeanu-si-Cosmin-Andrei-scaled.jpg\",\"articleSection\":[\"Comunicate\",\"Politica\",\"Stiri\"],\"inLanguage\":\"ro-RO\",\"potentialAction\":[{\"@type\":\"CommentAction\",\"name\":\"Comment\",\"target\":[\"https:\\\/\\\/curierulsatelor.ro\\\/wp\\\/2021\\\/05\\\/10\\\/primarul-teapa-cosmin-andrei-primeste-solutii-de-la-silegeanu-pentru-scoaterea-municipiului-din-groapa-falimentului\\\/#respond\"]}]},{\"@type\":\"WebPage\",\"@id\":\"https:\\\/\\\/curierulsatelor.ro\\\/wp\\\/2021\\\/05\\\/10\\\/primarul-teapa-cosmin-andrei-primeste-solutii-de-la-silegeanu-pentru-scoaterea-municipiului-din-groapa-falimentului\\\/\",\"url\":\"https:\\\/\\\/curierulsatelor.ro\\\/wp\\\/2021\\\/05\\\/10\\\/primarul-teapa-cosmin-andrei-primeste-solutii-de-la-silegeanu-pentru-scoaterea-municipiului-din-groapa-falimentului\\\/\",\"name\":\"Primarul \u201d\u021beap\u0103\u201d Cosmin Andrei prime\u0219te solu\u021bii de la Silegeanu pentru scoaterea municipiului din groapa falimentului - Curierul Regional\",\"isPartOf\":{\"@id\":\"https:\\\/\\\/curierulsatelor.ro\\\/wp\\\/#website\"},\"primaryImageOfPage\":{\"@id\":\"https:\\\/\\\/curierulsatelor.ro\\\/wp\\\/2021\\\/05\\\/10\\\/primarul-teapa-cosmin-andrei-primeste-solutii-de-la-silegeanu-pentru-scoaterea-municipiului-din-groapa-falimentului\\\/#primaryimage\"},\"image\":{\"@id\":\"https:\\\/\\\/curierulsatelor.ro\\\/wp\\\/2021\\\/05\\\/10\\\/primarul-teapa-cosmin-andrei-primeste-solutii-de-la-silegeanu-pentru-scoaterea-municipiului-din-groapa-falimentului\\\/#primaryimage\"},\"thumbnailUrl\":\"https:\\\/\\\/curierulsatelor.ro\\\/wp\\\/wp-content\\\/uploads\\\/2021\\\/02\\\/Catalin-Silegeanu-si-Cosmin-Andrei-scaled.jpg\",\"datePublished\":\"2021-05-10T05:13:19+00:00\",\"dateModified\":\"2021-05-10T05:13:21+00:00\",\"breadcrumb\":{\"@id\":\"https:\\\/\\\/curierulsatelor.ro\\\/wp\\\/2021\\\/05\\\/10\\\/primarul-teapa-cosmin-andrei-primeste-solutii-de-la-silegeanu-pentru-scoaterea-municipiului-din-groapa-falimentului\\\/#breadcrumb\"},\"inLanguage\":\"ro-RO\",\"potentialAction\":[{\"@type\":\"ReadAction\",\"target\":[\"https:\\\/\\\/curierulsatelor.ro\\\/wp\\\/2021\\\/05\\\/10\\\/primarul-teapa-cosmin-andrei-primeste-solutii-de-la-silegeanu-pentru-scoaterea-municipiului-din-groapa-falimentului\\\/\"]}]},{\"@type\":\"ImageObject\",\"inLanguage\":\"ro-RO\",\"@id\":\"https:\\\/\\\/curierulsatelor.ro\\\/wp\\\/2021\\\/05\\\/10\\\/primarul-teapa-cosmin-andrei-primeste-solutii-de-la-silegeanu-pentru-scoaterea-municipiului-din-groapa-falimentului\\\/#primaryimage\",\"url\":\"https:\\\/\\\/curierulsatelor.ro\\\/wp\\\/wp-content\\\/uploads\\\/2021\\\/02\\\/Catalin-Silegeanu-si-Cosmin-Andrei-scaled.jpg\",\"contentUrl\":\"https:\\\/\\\/curierulsatelor.ro\\\/wp\\\/wp-content\\\/uploads\\\/2021\\\/02\\\/Catalin-Silegeanu-si-Cosmin-Andrei-scaled.jpg\",\"width\":2560,\"height\":1930},{\"@type\":\"BreadcrumbList\",\"@id\":\"https:\\\/\\\/curierulsatelor.ro\\\/wp\\\/2021\\\/05\\\/10\\\/primarul-teapa-cosmin-andrei-primeste-solutii-de-la-silegeanu-pentru-scoaterea-municipiului-din-groapa-falimentului\\\/#breadcrumb\",\"itemListElement\":[{\"@type\":\"ListItem\",\"position\":1,\"name\":\"Prima pagin\u0103\",\"item\":\"https:\\\/\\\/curierulsatelor.ro\\\/wp\\\/\"},{\"@type\":\"ListItem\",\"position\":2,\"name\":\"Primarul \u201d\u021beap\u0103\u201d Cosmin Andrei prime\u0219te solu\u021bii de la Silegeanu pentru scoaterea municipiului din groapa falimentului\"}]},{\"@type\":\"WebSite\",\"@id\":\"https:\\\/\\\/curierulsatelor.ro\\\/wp\\\/#website\",\"url\":\"https:\\\/\\\/curierulsatelor.ro\\\/wp\\\/\",\"name\":\"Curierul Regional\",\"description\":\"\",\"publisher\":{\"@id\":\"https:\\\/\\\/curierulsatelor.ro\\\/wp\\\/#organization\"},\"potentialAction\":[{\"@type\":\"SearchAction\",\"target\":{\"@type\":\"EntryPoint\",\"urlTemplate\":\"https:\\\/\\\/curierulsatelor.ro\\\/wp\\\/?s={search_term_string}\"},\"query-input\":{\"@type\":\"PropertyValueSpecification\",\"valueRequired\":true,\"valueName\":\"search_term_string\"}}],\"inLanguage\":\"ro-RO\"},{\"@type\":\"Organization\",\"@id\":\"https:\\\/\\\/curierulsatelor.ro\\\/wp\\\/#organization\",\"name\":\"Curierul Regional\",\"url\":\"https:\\\/\\\/curierulsatelor.ro\\\/wp\\\/\",\"logo\":{\"@type\":\"ImageObject\",\"inLanguage\":\"ro-RO\",\"@id\":\"https:\\\/\\\/curierulsatelor.ro\\\/wp\\\/#\\\/schema\\\/logo\\\/image\\\/\",\"url\":\"https:\\\/\\\/curierulsatelor.ro\\\/wp\\\/wp-content\\\/uploads\\\/2020\\\/01\\\/Curierul-Regional-si-Curierul-satelor-logo-header.png\",\"contentUrl\":\"https:\\\/\\\/curierulsatelor.ro\\\/wp\\\/wp-content\\\/uploads\\\/2020\\\/01\\\/Curierul-Regional-si-Curierul-satelor-logo-header.png\",\"width\":2943,\"height\":685,\"caption\":\"Curierul Regional\"},\"image\":{\"@id\":\"https:\\\/\\\/curierulsatelor.ro\\\/wp\\\/#\\\/schema\\\/logo\\\/image\\\/\"}},{\"@type\":\"Person\",\"@id\":\"https:\\\/\\\/curierulsatelor.ro\\\/wp\\\/#\\\/schema\\\/person\\\/6f6b28a030e15d619a82894773d6e7b9\",\"name\":\"Marian Morosan\",\"image\":{\"@type\":\"ImageObject\",\"inLanguage\":\"ro-RO\",\"@id\":\"https:\\\/\\\/secure.gravatar.com\\\/avatar\\\/2e833cc9ab99e6bca46266d4ad9030d308346ff7ff0b6b955c29b74cafaf064b?s=96&d=mm&r=g\",\"url\":\"https:\\\/\\\/secure.gravatar.com\\\/avatar\\\/2e833cc9ab99e6bca46266d4ad9030d308346ff7ff0b6b955c29b74cafaf064b?s=96&d=mm&r=g\",\"contentUrl\":\"https:\\\/\\\/secure.gravatar.com\\\/avatar\\\/2e833cc9ab99e6bca46266d4ad9030d308346ff7ff0b6b955c29b74cafaf064b?s=96&d=mm&r=g\",\"caption\":\"Marian Morosan\"},\"description\":\"Copiilor no\u015ftri li se preg\u0103te\u015fte, incon\u015ftient, o lume de joben ciuruit, din care niciodat\u0103 nu iese iepura\u015ful. Doar panglicile politicilor sociale roase de moliile cu \u015ftaif din ultimele decenii. Suntem oropsi\u0163i, suntem dispera\u0163i, manipula\u0163i p\u00e2n\u0103 acolo \u00eenc\u00e2t ne bucur\u0103m s\u0103 fim masa de manevr\u0103 a unora \u015fi s\u0103 sus\u0163inem c\u0103 a\u015fa e normal. Acum \u00eel \u00een\u0163eleg pe Cioran, dar \u00eel \u00een\u0163eleg mai bine \u015fi pe Preda. \u015ei m\u0103 g\u00e2ndesc iar, cu groaz\u0103, la copilul meu. Cel pu\u0163in eu nu \u00eemi doresc s\u0103 \u015ftiu c\u0103 micu\u0163ul meu va fi singur, cu sufletul descul\u0163, prin jungla mileniului III ! https:\\\/\\\/curierulsatelor.ro\\\/wp\\\/2019\\\/10\\\/16\\\/cu-sufletul-descult-prin-jungla-mileniului-iii-editorial\\\/\",\"sameAs\":[\"http:\\\/\\\/admin\"],\"url\":\"https:\\\/\\\/curierulsatelor.ro\\\/wp\\\/author\\\/admin\\\/\"}]}<\/script>\n<!-- \/ Yoast SEO plugin. -->","yoast_head_json":{"title":"Primarul \u201d\u021beap\u0103\u201d Cosmin Andrei prime\u0219te solu\u021bii de la Silegeanu pentru scoaterea municipiului din groapa falimentului - Curierul Regional","robots":{"index":"index","follow":"follow","max-snippet":"max-snippet:-1","max-image-preview":"max-image-preview:large","max-video-preview":"max-video-preview:-1"},"canonical":"https:\/\/curierulsatelor.ro\/wp\/2021\/05\/10\/primarul-teapa-cosmin-andrei-primeste-solutii-de-la-silegeanu-pentru-scoaterea-municipiului-din-groapa-falimentului\/","og_locale":"ro_RO","og_type":"article","og_title":"Primarul \u201d\u021beap\u0103\u201d Cosmin Andrei prime\u0219te solu\u021bii de la Silegeanu pentru scoaterea municipiului din groapa falimentului - Curierul Regional","og_description":"Boto\u0219aniul a mai avut primari , de-a lungul celor 30 de ani \u0219i ceva de...","og_url":"https:\/\/curierulsatelor.ro\/wp\/2021\/05\/10\/primarul-teapa-cosmin-andrei-primeste-solutii-de-la-silegeanu-pentru-scoaterea-municipiului-din-groapa-falimentului\/","og_site_name":"Curierul Regional","article_published_time":"2021-05-10T05:13:19+00:00","article_modified_time":"2021-05-10T05:13:21+00:00","og_image":[{"width":2560,"height":1930,"url":"https:\/\/curierulsatelor.ro\/wp\/wp-content\/uploads\/2021\/02\/Catalin-Silegeanu-si-Cosmin-Andrei-scaled.jpg","type":"image\/jpeg"}],"author":"Marian Morosan","twitter_card":"summary_large_image","twitter_misc":{"Scris de":"Marian Morosan","Timp estimat pentru citire":"6 minute"},"schema":{"@context":"https:\/\/schema.org","@graph":[{"@type":"Article","@id":"https:\/\/curierulsatelor.ro\/wp\/2021\/05\/10\/primarul-teapa-cosmin-andrei-primeste-solutii-de-la-silegeanu-pentru-scoaterea-municipiului-din-groapa-falimentului\/#article","isPartOf":{"@id":"https:\/\/curierulsatelor.ro\/wp\/2021\/05\/10\/primarul-teapa-cosmin-andrei-primeste-solutii-de-la-silegeanu-pentru-scoaterea-municipiului-din-groapa-falimentului\/"},"author":{"name":"Marian Morosan","@id":"https:\/\/curierulsatelor.ro\/wp\/#\/schema\/person\/6f6b28a030e15d619a82894773d6e7b9"},"headline":"Primarul \u201d\u021beap\u0103\u201d Cosmin Andrei prime\u0219te solu\u021bii de la Silegeanu pentru scoaterea municipiului din groapa falimentului","datePublished":"2021-05-10T05:13:19+00:00","dateModified":"2021-05-10T05:13:21+00:00","mainEntityOfPage":{"@id":"https:\/\/curierulsatelor.ro\/wp\/2021\/05\/10\/primarul-teapa-cosmin-andrei-primeste-solutii-de-la-silegeanu-pentru-scoaterea-municipiului-din-groapa-falimentului\/"},"wordCount":1295,"commentCount":0,"publisher":{"@id":"https:\/\/curierulsatelor.ro\/wp\/#organization"},"image":{"@id":"https:\/\/curierulsatelor.ro\/wp\/2021\/05\/10\/primarul-teapa-cosmin-andrei-primeste-solutii-de-la-silegeanu-pentru-scoaterea-municipiului-din-groapa-falimentului\/#primaryimage"},"thumbnailUrl":"https:\/\/curierulsatelor.ro\/wp\/wp-content\/uploads\/2021\/02\/Catalin-Silegeanu-si-Cosmin-Andrei-scaled.jpg","articleSection":["Comunicate","Politica","Stiri"],"inLanguage":"ro-RO","potentialAction":[{"@type":"CommentAction","name":"Comment","target":["https:\/\/curierulsatelor.ro\/wp\/2021\/05\/10\/primarul-teapa-cosmin-andrei-primeste-solutii-de-la-silegeanu-pentru-scoaterea-municipiului-din-groapa-falimentului\/#respond"]}]},{"@type":"WebPage","@id":"https:\/\/curierulsatelor.ro\/wp\/2021\/05\/10\/primarul-teapa-cosmin-andrei-primeste-solutii-de-la-silegeanu-pentru-scoaterea-municipiului-din-groapa-falimentului\/","url":"https:\/\/curierulsatelor.ro\/wp\/2021\/05\/10\/primarul-teapa-cosmin-andrei-primeste-solutii-de-la-silegeanu-pentru-scoaterea-municipiului-din-groapa-falimentului\/","name":"Primarul \u201d\u021beap\u0103\u201d Cosmin Andrei prime\u0219te solu\u021bii de la Silegeanu pentru scoaterea municipiului din groapa falimentului - Curierul Regional","isPartOf":{"@id":"https:\/\/curierulsatelor.ro\/wp\/#website"},"primaryImageOfPage":{"@id":"https:\/\/curierulsatelor.ro\/wp\/2021\/05\/10\/primarul-teapa-cosmin-andrei-primeste-solutii-de-la-silegeanu-pentru-scoaterea-municipiului-din-groapa-falimentului\/#primaryimage"},"image":{"@id":"https:\/\/curierulsatelor.ro\/wp\/2021\/05\/10\/primarul-teapa-cosmin-andrei-primeste-solutii-de-la-silegeanu-pentru-scoaterea-municipiului-din-groapa-falimentului\/#primaryimage"},"thumbnailUrl":"https:\/\/curierulsatelor.ro\/wp\/wp-content\/uploads\/2021\/02\/Catalin-Silegeanu-si-Cosmin-Andrei-scaled.jpg","datePublished":"2021-05-10T05:13:19+00:00","dateModified":"2021-05-10T05:13:21+00:00","breadcrumb":{"@id":"https:\/\/curierulsatelor.ro\/wp\/2021\/05\/10\/primarul-teapa-cosmin-andrei-primeste-solutii-de-la-silegeanu-pentru-scoaterea-municipiului-din-groapa-falimentului\/#breadcrumb"},"inLanguage":"ro-RO","potentialAction":[{"@type":"ReadAction","target":["https:\/\/curierulsatelor.ro\/wp\/2021\/05\/10\/primarul-teapa-cosmin-andrei-primeste-solutii-de-la-silegeanu-pentru-scoaterea-municipiului-din-groapa-falimentului\/"]}]},{"@type":"ImageObject","inLanguage":"ro-RO","@id":"https:\/\/curierulsatelor.ro\/wp\/2021\/05\/10\/primarul-teapa-cosmin-andrei-primeste-solutii-de-la-silegeanu-pentru-scoaterea-municipiului-din-groapa-falimentului\/#primaryimage","url":"https:\/\/curierulsatelor.ro\/wp\/wp-content\/uploads\/2021\/02\/Catalin-Silegeanu-si-Cosmin-Andrei-scaled.jpg","contentUrl":"https:\/\/curierulsatelor.ro\/wp\/wp-content\/uploads\/2021\/02\/Catalin-Silegeanu-si-Cosmin-Andrei-scaled.jpg","width":2560,"height":1930},{"@type":"BreadcrumbList","@id":"https:\/\/curierulsatelor.ro\/wp\/2021\/05\/10\/primarul-teapa-cosmin-andrei-primeste-solutii-de-la-silegeanu-pentru-scoaterea-municipiului-din-groapa-falimentului\/#breadcrumb","itemListElement":[{"@type":"ListItem","position":1,"name":"Prima pagin\u0103","item":"https:\/\/curierulsatelor.ro\/wp\/"},{"@type":"ListItem","position":2,"name":"Primarul \u201d\u021beap\u0103\u201d Cosmin Andrei prime\u0219te solu\u021bii de la Silegeanu pentru scoaterea municipiului din groapa falimentului"}]},{"@type":"WebSite","@id":"https:\/\/curierulsatelor.ro\/wp\/#website","url":"https:\/\/curierulsatelor.ro\/wp\/","name":"Curierul Regional","description":"","publisher":{"@id":"https:\/\/curierulsatelor.ro\/wp\/#organization"},"potentialAction":[{"@type":"SearchAction","target":{"@type":"EntryPoint","urlTemplate":"https:\/\/curierulsatelor.ro\/wp\/?s={search_term_string}"},"query-input":{"@type":"PropertyValueSpecification","valueRequired":true,"valueName":"search_term_string"}}],"inLanguage":"ro-RO"},{"@type":"Organization","@id":"https:\/\/curierulsatelor.ro\/wp\/#organization","name":"Curierul Regional","url":"https:\/\/curierulsatelor.ro\/wp\/","logo":{"@type":"ImageObject","inLanguage":"ro-RO","@id":"https:\/\/curierulsatelor.ro\/wp\/#\/schema\/logo\/image\/","url":"https:\/\/curierulsatelor.ro\/wp\/wp-content\/uploads\/2020\/01\/Curierul-Regional-si-Curierul-satelor-logo-header.png","contentUrl":"https:\/\/curierulsatelor.ro\/wp\/wp-content\/uploads\/2020\/01\/Curierul-Regional-si-Curierul-satelor-logo-header.png","width":2943,"height":685,"caption":"Curierul Regional"},"image":{"@id":"https:\/\/curierulsatelor.ro\/wp\/#\/schema\/logo\/image\/"}},{"@type":"Person","@id":"https:\/\/curierulsatelor.ro\/wp\/#\/schema\/person\/6f6b28a030e15d619a82894773d6e7b9","name":"Marian Morosan","image":{"@type":"ImageObject","inLanguage":"ro-RO","@id":"https:\/\/secure.gravatar.com\/avatar\/2e833cc9ab99e6bca46266d4ad9030d308346ff7ff0b6b955c29b74cafaf064b?s=96&d=mm&r=g","url":"https:\/\/secure.gravatar.com\/avatar\/2e833cc9ab99e6bca46266d4ad9030d308346ff7ff0b6b955c29b74cafaf064b?s=96&d=mm&r=g","contentUrl":"https:\/\/secure.gravatar.com\/avatar\/2e833cc9ab99e6bca46266d4ad9030d308346ff7ff0b6b955c29b74cafaf064b?s=96&d=mm&r=g","caption":"Marian Morosan"},"description":"Copiilor no\u015ftri li se preg\u0103te\u015fte, incon\u015ftient, o lume de joben ciuruit, din care niciodat\u0103 nu iese iepura\u015ful. Doar panglicile politicilor sociale roase de moliile cu \u015ftaif din ultimele decenii. Suntem oropsi\u0163i, suntem dispera\u0163i, manipula\u0163i p\u00e2n\u0103 acolo \u00eenc\u00e2t ne bucur\u0103m s\u0103 fim masa de manevr\u0103 a unora \u015fi s\u0103 sus\u0163inem c\u0103 a\u015fa e normal. Acum \u00eel \u00een\u0163eleg pe Cioran, dar \u00eel \u00een\u0163eleg mai bine \u015fi pe Preda. \u015ei m\u0103 g\u00e2ndesc iar, cu groaz\u0103, la copilul meu. Cel pu\u0163in eu nu \u00eemi doresc s\u0103 \u015ftiu c\u0103 micu\u0163ul meu va fi singur, cu sufletul descul\u0163, prin jungla mileniului III ! https:\/\/curierulsatelor.ro\/wp\/2019\/10\/16\/cu-sufletul-descult-prin-jungla-mileniului-iii-editorial\/","sameAs":["http:\/\/admin"],"url":"https:\/\/curierulsatelor.ro\/wp\/author\/admin\/"}]}},"_links":{"self":[{"href":"https:\/\/curierulsatelor.ro\/wp\/wp-json\/wp\/v2\/posts\/5556","targetHints":{"allow":["GET"]}}],"collection":[{"href":"https:\/\/curierulsatelor.ro\/wp\/wp-json\/wp\/v2\/posts"}],"about":[{"href":"https:\/\/curierulsatelor.ro\/wp\/wp-json\/wp\/v2\/types\/post"}],"author":[{"embeddable":true,"href":"https:\/\/curierulsatelor.ro\/wp\/wp-json\/wp\/v2\/users\/1"}],"replies":[{"embeddable":true,"href":"https:\/\/curierulsatelor.ro\/wp\/wp-json\/wp\/v2\/comments?post=5556"}],"version-history":[{"count":1,"href":"https:\/\/curierulsatelor.ro\/wp\/wp-json\/wp\/v2\/posts\/5556\/revisions"}],"predecessor-version":[{"id":5557,"href":"https:\/\/curierulsatelor.ro\/wp\/wp-json\/wp\/v2\/posts\/5556\/revisions\/5557"}],"wp:featuredmedia":[{"embeddable":true,"href":"https:\/\/curierulsatelor.ro\/wp\/wp-json\/wp\/v2\/media\/5022"}],"wp:attachment":[{"href":"https:\/\/curierulsatelor.ro\/wp\/wp-json\/wp\/v2\/media?parent=5556"}],"wp:term":[{"taxonomy":"category","embeddable":true,"href":"https:\/\/curierulsatelor.ro\/wp\/wp-json\/wp\/v2\/categories?post=5556"},{"taxonomy":"post_tag","embeddable":true,"href":"https:\/\/curierulsatelor.ro\/wp\/wp-json\/wp\/v2\/tags?post=5556"}],"curies":[{"name":"wp","href":"https:\/\/api.w.org\/{rel}","templated":true}]}}