{"id":5558,"date":"2021-05-10T06:18:03","date_gmt":"2021-05-10T06:18:03","guid":{"rendered":"https:\/\/curierulsatelor.ro\/wp\/?p=5558"},"modified":"2021-05-10T06:18:05","modified_gmt":"2021-05-10T06:18:05","slug":"turcanu-cere-cj-sa-cheme-la-raport-firma-care-doarme-pe-drumul-prajeni-iasi","status":"publish","type":"post","link":"https:\/\/curierulsatelor.ro\/wp\/2021\/05\/10\/turcanu-cere-cj-sa-cheme-la-raport-firma-care-doarme-pe-drumul-prajeni-iasi\/","title":{"rendered":"\u021aurcanu cere CJ s\u0103 cheme la raport firma care doarme pe drumul Pr\u0103jeni-Ia\u0219i"},"content":{"rendered":"\n<p>Lucr\u0103rile de modernizarea drumului care duce spre Ia\u0219i prin Pr\u0103jeni stagneaz\u0103, \u00een loc s\u0103 avanseze pentru realizarea acestui proiect, at\u00e2t de a\u0219teptat de boto\u0219\u0103neni!<\/p>\n\n\n\n<p>Spre nemul\u021bumirea cet\u0103\u021benilor care str\u0103bat drumul jude\u021bean 282B care duce spre Ia\u015fi prin Pr\u0103jeni, lucr\u0103rile de modernizare \u00eent\u00e2rzie s\u0103 \u00eenceap\u0103 efectiv, de\u0219i la sf\u00e2r\u0219itul lunii martie s-a emis ordinul de \u00eenceperea acestora pentru cei 2,77 kilometri de drum de piatr\u0103.<\/p>\n\n\n\n<p>Av\u00e2nd \u00een vedere sesiz\u0103rile primite de pre\u0219edintele ALDE Boto\u0219ani, de la boto\u0219\u0103nenii care circul\u0103 pe drumul Pr\u0103jeni \u2013Ia\u0219i, solicit\u0103m public conducerii Consiliului Jude\u021bean Boto\u0219ani s\u0103 cheme la discu\u021bii societatea care a c\u00e2\u0219tigat licita\u021bia \u0219i a primit \u0219i ordinul de \u00eencepere a lucr\u0103rilor, &nbsp;pentru a demara \u00een for\u021b\u0103 lucr\u0103rile de modernizarea, \u00eentruc\u00e2t &nbsp;este inadmisibil ca la ora actual\u0103 s\u0103 nu fie nici un utilaj pe teren, c\u00e2nd &nbsp;ne g\u00e2ndim c\u0103 este un proiect at\u00e2t de a\u0219teptat, mai ales de boto\u0219\u0103nenii care circul\u0103 frecvent pe acest sector de drum.<\/p>\n\n\n\n<p>\u201eConsider c\u0103 ar fi trebuit s\u0103 \u00eenceap\u0103 deja lucr\u0103rile de modernizarea acestui drum \u0219i nu oricum, ci \u00eentr-un ritm alert pentru a le finaliza chiar mai repede dec\u00e2t timpul maxim alocat, \u00eentruc\u00e2t cet\u0103\u021benii care str\u0103bat acest drum s-au s\u0103turat de disconforul creat \u00een to\u021bi ace\u0219ti ani, c\u00e2nd au circulat poate zilnic, pe 2,77 de kilometric de drum pietruit\u201d, a precizat Roxana \u021aurcanu.<\/p>\n\n\n\n<p>Men\u021bion\u0103m c\u0103 aceast\u0103<em>&nbsp;<\/em>lucrare are o valoare de peste 8,5 milioane de lei, suma finan\u021bat\u0103 integral din bugetul Consiliului Jude\u021bean Boto\u0219ani. <em><\/em><\/p>\n\n\n\n<p>&nbsp;&nbsp;&nbsp;&nbsp;&nbsp;&nbsp;&nbsp;&nbsp;&nbsp;&nbsp;&nbsp;&nbsp;&nbsp;&nbsp;&nbsp;&nbsp;&nbsp;&nbsp;&nbsp;&nbsp;&nbsp;&nbsp;&nbsp;&nbsp;&nbsp;&nbsp;&nbsp;&nbsp;&nbsp;&nbsp;&nbsp;&nbsp;&nbsp;&nbsp;&nbsp;&nbsp;&nbsp;&nbsp;&nbsp;&nbsp;&nbsp;&nbsp;&nbsp;&nbsp;&nbsp;&nbsp;&nbsp;&nbsp;&nbsp;&nbsp;&nbsp;&nbsp;&nbsp;&nbsp;&nbsp;&nbsp;&nbsp;&nbsp;&nbsp;&nbsp;&nbsp;&nbsp;&nbsp;&nbsp;&nbsp;&nbsp;&nbsp;&nbsp;&nbsp;&nbsp;&nbsp;&nbsp;&nbsp;&nbsp;&nbsp;&nbsp;&nbsp;&nbsp;&nbsp;&nbsp;&nbsp;&nbsp;&nbsp;&nbsp;&nbsp;&nbsp;&nbsp;&nbsp;&nbsp;&nbsp;&nbsp;&nbsp;&nbsp;&nbsp;&nbsp;&nbsp;&nbsp;&nbsp;&nbsp;&nbsp;&nbsp;&nbsp;&nbsp;&nbsp;&nbsp;Biroul de pres\u0103<\/p>\n","protected":false},"excerpt":{"rendered":"<p>Lucr\u0103rile de modernizarea drumului care duce spre Ia\u0219i prin Pr\u0103jeni stagneaz\u0103, \u00een loc s\u0103 avanseze&#8230;<\/p>\n","protected":false},"author":1,"featured_media":1566,"comment_status":"open","ping_status":"open","sticky":false,"template":"","format":"standard","meta":{"footnotes":""},"categories":[5,8,6],"tags":[],"class_list":["post-5558","post","type-post","status-publish","format-standard","has-post-thumbnail","hentry","category-administratie","category-comunicate","category-politica"],"yoast_head":"<!-- This site is optimized with the Yoast SEO plugin v27.4 - https:\/\/yoast.com\/product\/yoast-seo-wordpress\/ -->\n<title>\u021aurcanu cere CJ s\u0103 cheme la raport firma care doarme pe drumul Pr\u0103jeni-Ia\u0219i - Curierul Regional<\/title>\n<meta name=\"robots\" content=\"index, follow, max-snippet:-1, max-image-preview:large, max-video-preview:-1\" \/>\n<link rel=\"canonical\" href=\"https:\/\/curierulsatelor.ro\/wp\/2021\/05\/10\/turcanu-cere-cj-sa-cheme-la-raport-firma-care-doarme-pe-drumul-prajeni-iasi\/\" \/>\n<meta property=\"og:locale\" content=\"ro_RO\" \/>\n<meta property=\"og:type\" content=\"article\" \/>\n<meta property=\"og:title\" content=\"\u021aurcanu cere CJ s\u0103 cheme la raport firma care doarme pe drumul Pr\u0103jeni-Ia\u0219i - Curierul Regional\" \/>\n<meta property=\"og:description\" content=\"Lucr\u0103rile de modernizarea drumului care duce spre Ia\u0219i prin Pr\u0103jeni stagneaz\u0103, \u00een loc s\u0103 avanseze...\" \/>\n<meta property=\"og:url\" content=\"https:\/\/curierulsatelor.ro\/wp\/2021\/05\/10\/turcanu-cere-cj-sa-cheme-la-raport-firma-care-doarme-pe-drumul-prajeni-iasi\/\" \/>\n<meta property=\"og:site_name\" content=\"Curierul Regional\" \/>\n<meta property=\"article:published_time\" content=\"2021-05-10T06:18:03+00:00\" \/>\n<meta property=\"article:modified_time\" content=\"2021-05-10T06:18:05+00:00\" \/>\n<meta property=\"og:image\" content=\"https:\/\/curierulsatelor.ro\/wp\/wp-content\/uploads\/2020\/02\/Florin-Turcanu-despre-sabotarea-judetului-ALDE.jpg\" \/>\n\t<meta property=\"og:image:width\" content=\"2627\" \/>\n\t<meta property=\"og:image:height\" content=\"1844\" \/>\n\t<meta property=\"og:image:type\" content=\"image\/jpeg\" \/>\n<meta name=\"author\" content=\"Marian Morosan\" \/>\n<meta name=\"twitter:card\" content=\"summary_large_image\" \/>\n<meta name=\"twitter:label1\" content=\"Scris de\" \/>\n\t<meta name=\"twitter:data1\" content=\"Marian Morosan\" \/>\n\t<meta name=\"twitter:label2\" content=\"Timp estimat pentru citire\" \/>\n\t<meta name=\"twitter:data2\" content=\"2 minute\" \/>\n<script type=\"application\/ld+json\" class=\"yoast-schema-graph\">{\"@context\":\"https:\\\/\\\/schema.org\",\"@graph\":[{\"@type\":\"Article\",\"@id\":\"https:\\\/\\\/curierulsatelor.ro\\\/wp\\\/2021\\\/05\\\/10\\\/turcanu-cere-cj-sa-cheme-la-raport-firma-care-doarme-pe-drumul-prajeni-iasi\\\/#article\",\"isPartOf\":{\"@id\":\"https:\\\/\\\/curierulsatelor.ro\\\/wp\\\/2021\\\/05\\\/10\\\/turcanu-cere-cj-sa-cheme-la-raport-firma-care-doarme-pe-drumul-prajeni-iasi\\\/\"},\"author\":{\"name\":\"Marian Morosan\",\"@id\":\"https:\\\/\\\/curierulsatelor.ro\\\/wp\\\/#\\\/schema\\\/person\\\/6f6b28a030e15d619a82894773d6e7b9\"},\"headline\":\"\u021aurcanu cere CJ s\u0103 cheme la raport firma care doarme pe drumul Pr\u0103jeni-Ia\u0219i\",\"datePublished\":\"2021-05-10T06:18:03+00:00\",\"dateModified\":\"2021-05-10T06:18:05+00:00\",\"mainEntityOfPage\":{\"@id\":\"https:\\\/\\\/curierulsatelor.ro\\\/wp\\\/2021\\\/05\\\/10\\\/turcanu-cere-cj-sa-cheme-la-raport-firma-care-doarme-pe-drumul-prajeni-iasi\\\/\"},\"wordCount\":410,\"commentCount\":0,\"publisher\":{\"@id\":\"https:\\\/\\\/curierulsatelor.ro\\\/wp\\\/#organization\"},\"image\":{\"@id\":\"https:\\\/\\\/curierulsatelor.ro\\\/wp\\\/2021\\\/05\\\/10\\\/turcanu-cere-cj-sa-cheme-la-raport-firma-care-doarme-pe-drumul-prajeni-iasi\\\/#primaryimage\"},\"thumbnailUrl\":\"https:\\\/\\\/curierulsatelor.ro\\\/wp\\\/wp-content\\\/uploads\\\/2020\\\/02\\\/Florin-Turcanu-despre-sabotarea-judetului-ALDE.jpg\",\"articleSection\":[\"Administratie\",\"Comunicate\",\"Politica\"],\"inLanguage\":\"ro-RO\",\"potentialAction\":[{\"@type\":\"CommentAction\",\"name\":\"Comment\",\"target\":[\"https:\\\/\\\/curierulsatelor.ro\\\/wp\\\/2021\\\/05\\\/10\\\/turcanu-cere-cj-sa-cheme-la-raport-firma-care-doarme-pe-drumul-prajeni-iasi\\\/#respond\"]}]},{\"@type\":\"WebPage\",\"@id\":\"https:\\\/\\\/curierulsatelor.ro\\\/wp\\\/2021\\\/05\\\/10\\\/turcanu-cere-cj-sa-cheme-la-raport-firma-care-doarme-pe-drumul-prajeni-iasi\\\/\",\"url\":\"https:\\\/\\\/curierulsatelor.ro\\\/wp\\\/2021\\\/05\\\/10\\\/turcanu-cere-cj-sa-cheme-la-raport-firma-care-doarme-pe-drumul-prajeni-iasi\\\/\",\"name\":\"\u021aurcanu cere CJ s\u0103 cheme la raport firma care doarme pe drumul Pr\u0103jeni-Ia\u0219i - Curierul Regional\",\"isPartOf\":{\"@id\":\"https:\\\/\\\/curierulsatelor.ro\\\/wp\\\/#website\"},\"primaryImageOfPage\":{\"@id\":\"https:\\\/\\\/curierulsatelor.ro\\\/wp\\\/2021\\\/05\\\/10\\\/turcanu-cere-cj-sa-cheme-la-raport-firma-care-doarme-pe-drumul-prajeni-iasi\\\/#primaryimage\"},\"image\":{\"@id\":\"https:\\\/\\\/curierulsatelor.ro\\\/wp\\\/2021\\\/05\\\/10\\\/turcanu-cere-cj-sa-cheme-la-raport-firma-care-doarme-pe-drumul-prajeni-iasi\\\/#primaryimage\"},\"thumbnailUrl\":\"https:\\\/\\\/curierulsatelor.ro\\\/wp\\\/wp-content\\\/uploads\\\/2020\\\/02\\\/Florin-Turcanu-despre-sabotarea-judetului-ALDE.jpg\",\"datePublished\":\"2021-05-10T06:18:03+00:00\",\"dateModified\":\"2021-05-10T06:18:05+00:00\",\"breadcrumb\":{\"@id\":\"https:\\\/\\\/curierulsatelor.ro\\\/wp\\\/2021\\\/05\\\/10\\\/turcanu-cere-cj-sa-cheme-la-raport-firma-care-doarme-pe-drumul-prajeni-iasi\\\/#breadcrumb\"},\"inLanguage\":\"ro-RO\",\"potentialAction\":[{\"@type\":\"ReadAction\",\"target\":[\"https:\\\/\\\/curierulsatelor.ro\\\/wp\\\/2021\\\/05\\\/10\\\/turcanu-cere-cj-sa-cheme-la-raport-firma-care-doarme-pe-drumul-prajeni-iasi\\\/\"]}]},{\"@type\":\"ImageObject\",\"inLanguage\":\"ro-RO\",\"@id\":\"https:\\\/\\\/curierulsatelor.ro\\\/wp\\\/2021\\\/05\\\/10\\\/turcanu-cere-cj-sa-cheme-la-raport-firma-care-doarme-pe-drumul-prajeni-iasi\\\/#primaryimage\",\"url\":\"https:\\\/\\\/curierulsatelor.ro\\\/wp\\\/wp-content\\\/uploads\\\/2020\\\/02\\\/Florin-Turcanu-despre-sabotarea-judetului-ALDE.jpg\",\"contentUrl\":\"https:\\\/\\\/curierulsatelor.ro\\\/wp\\\/wp-content\\\/uploads\\\/2020\\\/02\\\/Florin-Turcanu-despre-sabotarea-judetului-ALDE.jpg\",\"width\":2627,\"height\":1844},{\"@type\":\"BreadcrumbList\",\"@id\":\"https:\\\/\\\/curierulsatelor.ro\\\/wp\\\/2021\\\/05\\\/10\\\/turcanu-cere-cj-sa-cheme-la-raport-firma-care-doarme-pe-drumul-prajeni-iasi\\\/#breadcrumb\",\"itemListElement\":[{\"@type\":\"ListItem\",\"position\":1,\"name\":\"Prima pagin\u0103\",\"item\":\"https:\\\/\\\/curierulsatelor.ro\\\/wp\\\/\"},{\"@type\":\"ListItem\",\"position\":2,\"name\":\"\u021aurcanu cere CJ s\u0103 cheme la raport firma care doarme pe drumul Pr\u0103jeni-Ia\u0219i\"}]},{\"@type\":\"WebSite\",\"@id\":\"https:\\\/\\\/curierulsatelor.ro\\\/wp\\\/#website\",\"url\":\"https:\\\/\\\/curierulsatelor.ro\\\/wp\\\/\",\"name\":\"Curierul Regional\",\"description\":\"\",\"publisher\":{\"@id\":\"https:\\\/\\\/curierulsatelor.ro\\\/wp\\\/#organization\"},\"potentialAction\":[{\"@type\":\"SearchAction\",\"target\":{\"@type\":\"EntryPoint\",\"urlTemplate\":\"https:\\\/\\\/curierulsatelor.ro\\\/wp\\\/?s={search_term_string}\"},\"query-input\":{\"@type\":\"PropertyValueSpecification\",\"valueRequired\":true,\"valueName\":\"search_term_string\"}}],\"inLanguage\":\"ro-RO\"},{\"@type\":\"Organization\",\"@id\":\"https:\\\/\\\/curierulsatelor.ro\\\/wp\\\/#organization\",\"name\":\"Curierul Regional\",\"url\":\"https:\\\/\\\/curierulsatelor.ro\\\/wp\\\/\",\"logo\":{\"@type\":\"ImageObject\",\"inLanguage\":\"ro-RO\",\"@id\":\"https:\\\/\\\/curierulsatelor.ro\\\/wp\\\/#\\\/schema\\\/logo\\\/image\\\/\",\"url\":\"https:\\\/\\\/curierulsatelor.ro\\\/wp\\\/wp-content\\\/uploads\\\/2020\\\/01\\\/Curierul-Regional-si-Curierul-satelor-logo-header.png\",\"contentUrl\":\"https:\\\/\\\/curierulsatelor.ro\\\/wp\\\/wp-content\\\/uploads\\\/2020\\\/01\\\/Curierul-Regional-si-Curierul-satelor-logo-header.png\",\"width\":2943,\"height\":685,\"caption\":\"Curierul Regional\"},\"image\":{\"@id\":\"https:\\\/\\\/curierulsatelor.ro\\\/wp\\\/#\\\/schema\\\/logo\\\/image\\\/\"}},{\"@type\":\"Person\",\"@id\":\"https:\\\/\\\/curierulsatelor.ro\\\/wp\\\/#\\\/schema\\\/person\\\/6f6b28a030e15d619a82894773d6e7b9\",\"name\":\"Marian Morosan\",\"image\":{\"@type\":\"ImageObject\",\"inLanguage\":\"ro-RO\",\"@id\":\"https:\\\/\\\/secure.gravatar.com\\\/avatar\\\/2e833cc9ab99e6bca46266d4ad9030d308346ff7ff0b6b955c29b74cafaf064b?s=96&d=mm&r=g\",\"url\":\"https:\\\/\\\/secure.gravatar.com\\\/avatar\\\/2e833cc9ab99e6bca46266d4ad9030d308346ff7ff0b6b955c29b74cafaf064b?s=96&d=mm&r=g\",\"contentUrl\":\"https:\\\/\\\/secure.gravatar.com\\\/avatar\\\/2e833cc9ab99e6bca46266d4ad9030d308346ff7ff0b6b955c29b74cafaf064b?s=96&d=mm&r=g\",\"caption\":\"Marian Morosan\"},\"description\":\"Copiilor no\u015ftri li se preg\u0103te\u015fte, incon\u015ftient, o lume de joben ciuruit, din care niciodat\u0103 nu iese iepura\u015ful. Doar panglicile politicilor sociale roase de moliile cu \u015ftaif din ultimele decenii. Suntem oropsi\u0163i, suntem dispera\u0163i, manipula\u0163i p\u00e2n\u0103 acolo \u00eenc\u00e2t ne bucur\u0103m s\u0103 fim masa de manevr\u0103 a unora \u015fi s\u0103 sus\u0163inem c\u0103 a\u015fa e normal. Acum \u00eel \u00een\u0163eleg pe Cioran, dar \u00eel \u00een\u0163eleg mai bine \u015fi pe Preda. \u015ei m\u0103 g\u00e2ndesc iar, cu groaz\u0103, la copilul meu. Cel pu\u0163in eu nu \u00eemi doresc s\u0103 \u015ftiu c\u0103 micu\u0163ul meu va fi singur, cu sufletul descul\u0163, prin jungla mileniului III ! https:\\\/\\\/curierulsatelor.ro\\\/wp\\\/2019\\\/10\\\/16\\\/cu-sufletul-descult-prin-jungla-mileniului-iii-editorial\\\/\",\"sameAs\":[\"http:\\\/\\\/admin\"],\"url\":\"https:\\\/\\\/curierulsatelor.ro\\\/wp\\\/author\\\/admin\\\/\"}]}<\/script>\n<!-- \/ Yoast SEO plugin. -->","yoast_head_json":{"title":"\u021aurcanu cere CJ s\u0103 cheme la raport firma care doarme pe drumul Pr\u0103jeni-Ia\u0219i - Curierul Regional","robots":{"index":"index","follow":"follow","max-snippet":"max-snippet:-1","max-image-preview":"max-image-preview:large","max-video-preview":"max-video-preview:-1"},"canonical":"https:\/\/curierulsatelor.ro\/wp\/2021\/05\/10\/turcanu-cere-cj-sa-cheme-la-raport-firma-care-doarme-pe-drumul-prajeni-iasi\/","og_locale":"ro_RO","og_type":"article","og_title":"\u021aurcanu cere CJ s\u0103 cheme la raport firma care doarme pe drumul Pr\u0103jeni-Ia\u0219i - Curierul Regional","og_description":"Lucr\u0103rile de modernizarea drumului care duce spre Ia\u0219i prin Pr\u0103jeni stagneaz\u0103, \u00een loc s\u0103 avanseze...","og_url":"https:\/\/curierulsatelor.ro\/wp\/2021\/05\/10\/turcanu-cere-cj-sa-cheme-la-raport-firma-care-doarme-pe-drumul-prajeni-iasi\/","og_site_name":"Curierul Regional","article_published_time":"2021-05-10T06:18:03+00:00","article_modified_time":"2021-05-10T06:18:05+00:00","og_image":[{"width":2627,"height":1844,"url":"https:\/\/curierulsatelor.ro\/wp\/wp-content\/uploads\/2020\/02\/Florin-Turcanu-despre-sabotarea-judetului-ALDE.jpg","type":"image\/jpeg"}],"author":"Marian Morosan","twitter_card":"summary_large_image","twitter_misc":{"Scris de":"Marian Morosan","Timp estimat pentru citire":"2 minute"},"schema":{"@context":"https:\/\/schema.org","@graph":[{"@type":"Article","@id":"https:\/\/curierulsatelor.ro\/wp\/2021\/05\/10\/turcanu-cere-cj-sa-cheme-la-raport-firma-care-doarme-pe-drumul-prajeni-iasi\/#article","isPartOf":{"@id":"https:\/\/curierulsatelor.ro\/wp\/2021\/05\/10\/turcanu-cere-cj-sa-cheme-la-raport-firma-care-doarme-pe-drumul-prajeni-iasi\/"},"author":{"name":"Marian Morosan","@id":"https:\/\/curierulsatelor.ro\/wp\/#\/schema\/person\/6f6b28a030e15d619a82894773d6e7b9"},"headline":"\u021aurcanu cere CJ s\u0103 cheme la raport firma care doarme pe drumul Pr\u0103jeni-Ia\u0219i","datePublished":"2021-05-10T06:18:03+00:00","dateModified":"2021-05-10T06:18:05+00:00","mainEntityOfPage":{"@id":"https:\/\/curierulsatelor.ro\/wp\/2021\/05\/10\/turcanu-cere-cj-sa-cheme-la-raport-firma-care-doarme-pe-drumul-prajeni-iasi\/"},"wordCount":410,"commentCount":0,"publisher":{"@id":"https:\/\/curierulsatelor.ro\/wp\/#organization"},"image":{"@id":"https:\/\/curierulsatelor.ro\/wp\/2021\/05\/10\/turcanu-cere-cj-sa-cheme-la-raport-firma-care-doarme-pe-drumul-prajeni-iasi\/#primaryimage"},"thumbnailUrl":"https:\/\/curierulsatelor.ro\/wp\/wp-content\/uploads\/2020\/02\/Florin-Turcanu-despre-sabotarea-judetului-ALDE.jpg","articleSection":["Administratie","Comunicate","Politica"],"inLanguage":"ro-RO","potentialAction":[{"@type":"CommentAction","name":"Comment","target":["https:\/\/curierulsatelor.ro\/wp\/2021\/05\/10\/turcanu-cere-cj-sa-cheme-la-raport-firma-care-doarme-pe-drumul-prajeni-iasi\/#respond"]}]},{"@type":"WebPage","@id":"https:\/\/curierulsatelor.ro\/wp\/2021\/05\/10\/turcanu-cere-cj-sa-cheme-la-raport-firma-care-doarme-pe-drumul-prajeni-iasi\/","url":"https:\/\/curierulsatelor.ro\/wp\/2021\/05\/10\/turcanu-cere-cj-sa-cheme-la-raport-firma-care-doarme-pe-drumul-prajeni-iasi\/","name":"\u021aurcanu cere CJ s\u0103 cheme la raport firma care doarme pe drumul Pr\u0103jeni-Ia\u0219i - Curierul Regional","isPartOf":{"@id":"https:\/\/curierulsatelor.ro\/wp\/#website"},"primaryImageOfPage":{"@id":"https:\/\/curierulsatelor.ro\/wp\/2021\/05\/10\/turcanu-cere-cj-sa-cheme-la-raport-firma-care-doarme-pe-drumul-prajeni-iasi\/#primaryimage"},"image":{"@id":"https:\/\/curierulsatelor.ro\/wp\/2021\/05\/10\/turcanu-cere-cj-sa-cheme-la-raport-firma-care-doarme-pe-drumul-prajeni-iasi\/#primaryimage"},"thumbnailUrl":"https:\/\/curierulsatelor.ro\/wp\/wp-content\/uploads\/2020\/02\/Florin-Turcanu-despre-sabotarea-judetului-ALDE.jpg","datePublished":"2021-05-10T06:18:03+00:00","dateModified":"2021-05-10T06:18:05+00:00","breadcrumb":{"@id":"https:\/\/curierulsatelor.ro\/wp\/2021\/05\/10\/turcanu-cere-cj-sa-cheme-la-raport-firma-care-doarme-pe-drumul-prajeni-iasi\/#breadcrumb"},"inLanguage":"ro-RO","potentialAction":[{"@type":"ReadAction","target":["https:\/\/curierulsatelor.ro\/wp\/2021\/05\/10\/turcanu-cere-cj-sa-cheme-la-raport-firma-care-doarme-pe-drumul-prajeni-iasi\/"]}]},{"@type":"ImageObject","inLanguage":"ro-RO","@id":"https:\/\/curierulsatelor.ro\/wp\/2021\/05\/10\/turcanu-cere-cj-sa-cheme-la-raport-firma-care-doarme-pe-drumul-prajeni-iasi\/#primaryimage","url":"https:\/\/curierulsatelor.ro\/wp\/wp-content\/uploads\/2020\/02\/Florin-Turcanu-despre-sabotarea-judetului-ALDE.jpg","contentUrl":"https:\/\/curierulsatelor.ro\/wp\/wp-content\/uploads\/2020\/02\/Florin-Turcanu-despre-sabotarea-judetului-ALDE.jpg","width":2627,"height":1844},{"@type":"BreadcrumbList","@id":"https:\/\/curierulsatelor.ro\/wp\/2021\/05\/10\/turcanu-cere-cj-sa-cheme-la-raport-firma-care-doarme-pe-drumul-prajeni-iasi\/#breadcrumb","itemListElement":[{"@type":"ListItem","position":1,"name":"Prima pagin\u0103","item":"https:\/\/curierulsatelor.ro\/wp\/"},{"@type":"ListItem","position":2,"name":"\u021aurcanu cere CJ s\u0103 cheme la raport firma care doarme pe drumul Pr\u0103jeni-Ia\u0219i"}]},{"@type":"WebSite","@id":"https:\/\/curierulsatelor.ro\/wp\/#website","url":"https:\/\/curierulsatelor.ro\/wp\/","name":"Curierul Regional","description":"","publisher":{"@id":"https:\/\/curierulsatelor.ro\/wp\/#organization"},"potentialAction":[{"@type":"SearchAction","target":{"@type":"EntryPoint","urlTemplate":"https:\/\/curierulsatelor.ro\/wp\/?s={search_term_string}"},"query-input":{"@type":"PropertyValueSpecification","valueRequired":true,"valueName":"search_term_string"}}],"inLanguage":"ro-RO"},{"@type":"Organization","@id":"https:\/\/curierulsatelor.ro\/wp\/#organization","name":"Curierul Regional","url":"https:\/\/curierulsatelor.ro\/wp\/","logo":{"@type":"ImageObject","inLanguage":"ro-RO","@id":"https:\/\/curierulsatelor.ro\/wp\/#\/schema\/logo\/image\/","url":"https:\/\/curierulsatelor.ro\/wp\/wp-content\/uploads\/2020\/01\/Curierul-Regional-si-Curierul-satelor-logo-header.png","contentUrl":"https:\/\/curierulsatelor.ro\/wp\/wp-content\/uploads\/2020\/01\/Curierul-Regional-si-Curierul-satelor-logo-header.png","width":2943,"height":685,"caption":"Curierul Regional"},"image":{"@id":"https:\/\/curierulsatelor.ro\/wp\/#\/schema\/logo\/image\/"}},{"@type":"Person","@id":"https:\/\/curierulsatelor.ro\/wp\/#\/schema\/person\/6f6b28a030e15d619a82894773d6e7b9","name":"Marian Morosan","image":{"@type":"ImageObject","inLanguage":"ro-RO","@id":"https:\/\/secure.gravatar.com\/avatar\/2e833cc9ab99e6bca46266d4ad9030d308346ff7ff0b6b955c29b74cafaf064b?s=96&d=mm&r=g","url":"https:\/\/secure.gravatar.com\/avatar\/2e833cc9ab99e6bca46266d4ad9030d308346ff7ff0b6b955c29b74cafaf064b?s=96&d=mm&r=g","contentUrl":"https:\/\/secure.gravatar.com\/avatar\/2e833cc9ab99e6bca46266d4ad9030d308346ff7ff0b6b955c29b74cafaf064b?s=96&d=mm&r=g","caption":"Marian Morosan"},"description":"Copiilor no\u015ftri li se preg\u0103te\u015fte, incon\u015ftient, o lume de joben ciuruit, din care niciodat\u0103 nu iese iepura\u015ful. Doar panglicile politicilor sociale roase de moliile cu \u015ftaif din ultimele decenii. Suntem oropsi\u0163i, suntem dispera\u0163i, manipula\u0163i p\u00e2n\u0103 acolo \u00eenc\u00e2t ne bucur\u0103m s\u0103 fim masa de manevr\u0103 a unora \u015fi s\u0103 sus\u0163inem c\u0103 a\u015fa e normal. Acum \u00eel \u00een\u0163eleg pe Cioran, dar \u00eel \u00een\u0163eleg mai bine \u015fi pe Preda. \u015ei m\u0103 g\u00e2ndesc iar, cu groaz\u0103, la copilul meu. Cel pu\u0163in eu nu \u00eemi doresc s\u0103 \u015ftiu c\u0103 micu\u0163ul meu va fi singur, cu sufletul descul\u0163, prin jungla mileniului III ! https:\/\/curierulsatelor.ro\/wp\/2019\/10\/16\/cu-sufletul-descult-prin-jungla-mileniului-iii-editorial\/","sameAs":["http:\/\/admin"],"url":"https:\/\/curierulsatelor.ro\/wp\/author\/admin\/"}]}},"_links":{"self":[{"href":"https:\/\/curierulsatelor.ro\/wp\/wp-json\/wp\/v2\/posts\/5558","targetHints":{"allow":["GET"]}}],"collection":[{"href":"https:\/\/curierulsatelor.ro\/wp\/wp-json\/wp\/v2\/posts"}],"about":[{"href":"https:\/\/curierulsatelor.ro\/wp\/wp-json\/wp\/v2\/types\/post"}],"author":[{"embeddable":true,"href":"https:\/\/curierulsatelor.ro\/wp\/wp-json\/wp\/v2\/users\/1"}],"replies":[{"embeddable":true,"href":"https:\/\/curierulsatelor.ro\/wp\/wp-json\/wp\/v2\/comments?post=5558"}],"version-history":[{"count":1,"href":"https:\/\/curierulsatelor.ro\/wp\/wp-json\/wp\/v2\/posts\/5558\/revisions"}],"predecessor-version":[{"id":5559,"href":"https:\/\/curierulsatelor.ro\/wp\/wp-json\/wp\/v2\/posts\/5558\/revisions\/5559"}],"wp:featuredmedia":[{"embeddable":true,"href":"https:\/\/curierulsatelor.ro\/wp\/wp-json\/wp\/v2\/media\/1566"}],"wp:attachment":[{"href":"https:\/\/curierulsatelor.ro\/wp\/wp-json\/wp\/v2\/media?parent=5558"}],"wp:term":[{"taxonomy":"category","embeddable":true,"href":"https:\/\/curierulsatelor.ro\/wp\/wp-json\/wp\/v2\/categories?post=5558"},{"taxonomy":"post_tag","embeddable":true,"href":"https:\/\/curierulsatelor.ro\/wp\/wp-json\/wp\/v2\/tags?post=5558"}],"curies":[{"name":"wp","href":"https:\/\/api.w.org\/{rel}","templated":true}]}}