{"id":5898,"date":"2021-07-03T10:02:07","date_gmt":"2021-07-03T10:02:07","guid":{"rendered":"https:\/\/curierulsatelor.ro\/wp\/?p=5898"},"modified":"2021-07-03T10:02:09","modified_gmt":"2021-07-03T10:02:09","slug":"prefectul-nechifor-despre-pnl-nu-am-venit-cu-un-partid-care-sa-rastoarne-caruta-saraciei","status":"publish","type":"post","link":"https:\/\/curierulsatelor.ro\/wp\/2021\/07\/03\/prefectul-nechifor-despre-pnl-nu-am-venit-cu-un-partid-care-sa-rastoarne-caruta-saraciei\/","title":{"rendered":"Prefectul Nechifor despre PNL: nu am venit cu un partid care s\u0103 r\u0103stoarne c\u0103ru\u021ba s\u0103r\u0103ciei"},"content":{"rendered":"\n<p>\u00cen discursul pentru alegerile interne din PNL, la nivel jude\u021bean, dup\u0103 ce s-a l\u0103udat cu munca sa de prefect (\u0219i c\u00e2nd abia \u0219i-a dat seama c\u0103 e prefect, \u00een scurtul mandat anterior \u0219i \u00een cel de acum) Dan Nechifor, prefectul Boto\u0219aniului, candidat la Pre\u0219edin\u021bia PNL Boto\u0219ani, a vorbit despre proiectul s\u0103u pentru PNL. \u201dBoto\u0219ani este un jude\u021b care a fost \u0219i este fief al PSD-ului. Un jude\u021b \u00een care avem drumuri at\u00e2t de proaste \u00eenc\u00e2t nu-\u021bi vine s\u0103 crezi c\u0103 e\u0219ti \u00een Rom\u00e2nia \u0219i oameni at\u00e2t de s\u0103raci \u00eenc\u00e2t nu-\u021bi vine s\u0103 crezi c\u0103 e\u0219ti \u00een Europa. Un jude\u021b \u00een care suntem din ce \u00een ce mai pu\u021bini. Vizavi de acest lucru a fost \u0219i vina noastr\u0103, a liberalilor. Nu am venit cu o echip\u0103 care s\u0103 r\u0103stoarne c\u0103ru\u021ba s\u0103r\u0103ciei \u0219i s\u0103 deschid\u0103 boto\u0219\u0103nenilor ochii \u0219i dorin\u021ba de schimbare\u201d, a spus, printre altele, Dan Nechifor. Vezi mai jos tot discursul s\u0103u.<\/p>\n\n\n\n<div class=\"wp-block-group\"><div class=\"wp-block-group__inner-container is-layout-flow wp-block-group-is-layout-flow\">\n<iframe width=\"727\" height=\"409\" src=\"https:\/\/www.youtube.com\/embed\/KvQV5WAIrCM\" title=\"YouTube video player\" frameborder=\"0\" allow=\"accelerometer; autoplay; clipboard-write; encrypted-media; gyroscope; picture-in-picture\" allowfullscreen><\/iframe> \n<\/div><\/div>\n","protected":false},"excerpt":{"rendered":"<p>\u00cen discursul pentru alegerile interne din PNL, la nivel jude\u021bean, dup\u0103 ce s-a l\u0103udat cu&#8230;<\/p>\n","protected":false},"author":1,"featured_media":5899,"comment_status":"open","ping_status":"open","sticky":false,"template":"","format":"standard","meta":{"footnotes":""},"categories":[6],"tags":[],"class_list":["post-5898","post","type-post","status-publish","format-standard","has-post-thumbnail","hentry","category-politica"],"yoast_head":"<!-- This site is optimized with the Yoast SEO plugin v27.4 - https:\/\/yoast.com\/product\/yoast-seo-wordpress\/ -->\n<title>Prefectul Nechifor despre PNL: nu am venit cu un partid care s\u0103 r\u0103stoarne c\u0103ru\u021ba s\u0103r\u0103ciei - Curierul Regional<\/title>\n<meta name=\"robots\" content=\"index, follow, max-snippet:-1, max-image-preview:large, max-video-preview:-1\" \/>\n<link rel=\"canonical\" href=\"https:\/\/curierulsatelor.ro\/wp\/2021\/07\/03\/prefectul-nechifor-despre-pnl-nu-am-venit-cu-un-partid-care-sa-rastoarne-caruta-saraciei\/\" \/>\n<meta property=\"og:locale\" content=\"ro_RO\" \/>\n<meta property=\"og:type\" content=\"article\" \/>\n<meta property=\"og:title\" content=\"Prefectul Nechifor despre PNL: nu am venit cu un partid care s\u0103 r\u0103stoarne c\u0103ru\u021ba s\u0103r\u0103ciei - Curierul Regional\" \/>\n<meta property=\"og:description\" content=\"\u00cen discursul pentru alegerile interne din PNL, la nivel jude\u021bean, dup\u0103 ce s-a l\u0103udat cu...\" \/>\n<meta property=\"og:url\" content=\"https:\/\/curierulsatelor.ro\/wp\/2021\/07\/03\/prefectul-nechifor-despre-pnl-nu-am-venit-cu-un-partid-care-sa-rastoarne-caruta-saraciei\/\" \/>\n<meta property=\"og:site_name\" content=\"Curierul Regional\" \/>\n<meta property=\"article:published_time\" content=\"2021-07-03T10:02:07+00:00\" \/>\n<meta property=\"article:modified_time\" content=\"2021-07-03T10:02:09+00:00\" \/>\n<meta property=\"og:image\" content=\"https:\/\/curierulsatelor.ro\/wp\/wp-content\/uploads\/2021\/07\/Dan-Nechifor.jpg\" \/>\n\t<meta property=\"og:image:width\" content=\"1015\" \/>\n\t<meta property=\"og:image:height\" content=\"593\" \/>\n\t<meta property=\"og:image:type\" content=\"image\/jpeg\" \/>\n<meta name=\"author\" content=\"Marian Morosan\" \/>\n<meta name=\"twitter:card\" content=\"summary_large_image\" \/>\n<meta name=\"twitter:label1\" content=\"Scris de\" \/>\n\t<meta name=\"twitter:data1\" content=\"Marian Morosan\" \/>\n\t<meta name=\"twitter:label2\" content=\"Timp estimat pentru citire\" \/>\n\t<meta name=\"twitter:data2\" content=\"1 minut\" \/>\n<script type=\"application\/ld+json\" class=\"yoast-schema-graph\">{\"@context\":\"https:\\\/\\\/schema.org\",\"@graph\":[{\"@type\":\"Article\",\"@id\":\"https:\\\/\\\/curierulsatelor.ro\\\/wp\\\/2021\\\/07\\\/03\\\/prefectul-nechifor-despre-pnl-nu-am-venit-cu-un-partid-care-sa-rastoarne-caruta-saraciei\\\/#article\",\"isPartOf\":{\"@id\":\"https:\\\/\\\/curierulsatelor.ro\\\/wp\\\/2021\\\/07\\\/03\\\/prefectul-nechifor-despre-pnl-nu-am-venit-cu-un-partid-care-sa-rastoarne-caruta-saraciei\\\/\"},\"author\":{\"name\":\"Marian Morosan\",\"@id\":\"https:\\\/\\\/curierulsatelor.ro\\\/wp\\\/#\\\/schema\\\/person\\\/6f6b28a030e15d619a82894773d6e7b9\"},\"headline\":\"Prefectul Nechifor despre PNL: nu am venit cu un partid care s\u0103 r\u0103stoarne c\u0103ru\u021ba s\u0103r\u0103ciei\",\"datePublished\":\"2021-07-03T10:02:07+00:00\",\"dateModified\":\"2021-07-03T10:02:09+00:00\",\"mainEntityOfPage\":{\"@id\":\"https:\\\/\\\/curierulsatelor.ro\\\/wp\\\/2021\\\/07\\\/03\\\/prefectul-nechifor-despre-pnl-nu-am-venit-cu-un-partid-care-sa-rastoarne-caruta-saraciei\\\/\"},\"wordCount\":199,\"commentCount\":0,\"publisher\":{\"@id\":\"https:\\\/\\\/curierulsatelor.ro\\\/wp\\\/#organization\"},\"image\":{\"@id\":\"https:\\\/\\\/curierulsatelor.ro\\\/wp\\\/2021\\\/07\\\/03\\\/prefectul-nechifor-despre-pnl-nu-am-venit-cu-un-partid-care-sa-rastoarne-caruta-saraciei\\\/#primaryimage\"},\"thumbnailUrl\":\"https:\\\/\\\/curierulsatelor.ro\\\/wp\\\/wp-content\\\/uploads\\\/2021\\\/07\\\/Dan-Nechifor.jpg\",\"articleSection\":[\"Politica\"],\"inLanguage\":\"ro-RO\",\"potentialAction\":[{\"@type\":\"CommentAction\",\"name\":\"Comment\",\"target\":[\"https:\\\/\\\/curierulsatelor.ro\\\/wp\\\/2021\\\/07\\\/03\\\/prefectul-nechifor-despre-pnl-nu-am-venit-cu-un-partid-care-sa-rastoarne-caruta-saraciei\\\/#respond\"]}]},{\"@type\":\"WebPage\",\"@id\":\"https:\\\/\\\/curierulsatelor.ro\\\/wp\\\/2021\\\/07\\\/03\\\/prefectul-nechifor-despre-pnl-nu-am-venit-cu-un-partid-care-sa-rastoarne-caruta-saraciei\\\/\",\"url\":\"https:\\\/\\\/curierulsatelor.ro\\\/wp\\\/2021\\\/07\\\/03\\\/prefectul-nechifor-despre-pnl-nu-am-venit-cu-un-partid-care-sa-rastoarne-caruta-saraciei\\\/\",\"name\":\"Prefectul Nechifor despre PNL: nu am venit cu un partid care s\u0103 r\u0103stoarne c\u0103ru\u021ba s\u0103r\u0103ciei - Curierul Regional\",\"isPartOf\":{\"@id\":\"https:\\\/\\\/curierulsatelor.ro\\\/wp\\\/#website\"},\"primaryImageOfPage\":{\"@id\":\"https:\\\/\\\/curierulsatelor.ro\\\/wp\\\/2021\\\/07\\\/03\\\/prefectul-nechifor-despre-pnl-nu-am-venit-cu-un-partid-care-sa-rastoarne-caruta-saraciei\\\/#primaryimage\"},\"image\":{\"@id\":\"https:\\\/\\\/curierulsatelor.ro\\\/wp\\\/2021\\\/07\\\/03\\\/prefectul-nechifor-despre-pnl-nu-am-venit-cu-un-partid-care-sa-rastoarne-caruta-saraciei\\\/#primaryimage\"},\"thumbnailUrl\":\"https:\\\/\\\/curierulsatelor.ro\\\/wp\\\/wp-content\\\/uploads\\\/2021\\\/07\\\/Dan-Nechifor.jpg\",\"datePublished\":\"2021-07-03T10:02:07+00:00\",\"dateModified\":\"2021-07-03T10:02:09+00:00\",\"breadcrumb\":{\"@id\":\"https:\\\/\\\/curierulsatelor.ro\\\/wp\\\/2021\\\/07\\\/03\\\/prefectul-nechifor-despre-pnl-nu-am-venit-cu-un-partid-care-sa-rastoarne-caruta-saraciei\\\/#breadcrumb\"},\"inLanguage\":\"ro-RO\",\"potentialAction\":[{\"@type\":\"ReadAction\",\"target\":[\"https:\\\/\\\/curierulsatelor.ro\\\/wp\\\/2021\\\/07\\\/03\\\/prefectul-nechifor-despre-pnl-nu-am-venit-cu-un-partid-care-sa-rastoarne-caruta-saraciei\\\/\"]}]},{\"@type\":\"ImageObject\",\"inLanguage\":\"ro-RO\",\"@id\":\"https:\\\/\\\/curierulsatelor.ro\\\/wp\\\/2021\\\/07\\\/03\\\/prefectul-nechifor-despre-pnl-nu-am-venit-cu-un-partid-care-sa-rastoarne-caruta-saraciei\\\/#primaryimage\",\"url\":\"https:\\\/\\\/curierulsatelor.ro\\\/wp\\\/wp-content\\\/uploads\\\/2021\\\/07\\\/Dan-Nechifor.jpg\",\"contentUrl\":\"https:\\\/\\\/curierulsatelor.ro\\\/wp\\\/wp-content\\\/uploads\\\/2021\\\/07\\\/Dan-Nechifor.jpg\",\"width\":1015,\"height\":593},{\"@type\":\"BreadcrumbList\",\"@id\":\"https:\\\/\\\/curierulsatelor.ro\\\/wp\\\/2021\\\/07\\\/03\\\/prefectul-nechifor-despre-pnl-nu-am-venit-cu-un-partid-care-sa-rastoarne-caruta-saraciei\\\/#breadcrumb\",\"itemListElement\":[{\"@type\":\"ListItem\",\"position\":1,\"name\":\"Prima pagin\u0103\",\"item\":\"https:\\\/\\\/curierulsatelor.ro\\\/wp\\\/\"},{\"@type\":\"ListItem\",\"position\":2,\"name\":\"Prefectul Nechifor despre PNL: nu am venit cu un partid care s\u0103 r\u0103stoarne c\u0103ru\u021ba s\u0103r\u0103ciei\"}]},{\"@type\":\"WebSite\",\"@id\":\"https:\\\/\\\/curierulsatelor.ro\\\/wp\\\/#website\",\"url\":\"https:\\\/\\\/curierulsatelor.ro\\\/wp\\\/\",\"name\":\"Curierul Regional\",\"description\":\"\",\"publisher\":{\"@id\":\"https:\\\/\\\/curierulsatelor.ro\\\/wp\\\/#organization\"},\"potentialAction\":[{\"@type\":\"SearchAction\",\"target\":{\"@type\":\"EntryPoint\",\"urlTemplate\":\"https:\\\/\\\/curierulsatelor.ro\\\/wp\\\/?s={search_term_string}\"},\"query-input\":{\"@type\":\"PropertyValueSpecification\",\"valueRequired\":true,\"valueName\":\"search_term_string\"}}],\"inLanguage\":\"ro-RO\"},{\"@type\":\"Organization\",\"@id\":\"https:\\\/\\\/curierulsatelor.ro\\\/wp\\\/#organization\",\"name\":\"Curierul Regional\",\"url\":\"https:\\\/\\\/curierulsatelor.ro\\\/wp\\\/\",\"logo\":{\"@type\":\"ImageObject\",\"inLanguage\":\"ro-RO\",\"@id\":\"https:\\\/\\\/curierulsatelor.ro\\\/wp\\\/#\\\/schema\\\/logo\\\/image\\\/\",\"url\":\"https:\\\/\\\/curierulsatelor.ro\\\/wp\\\/wp-content\\\/uploads\\\/2020\\\/01\\\/Curierul-Regional-si-Curierul-satelor-logo-header.png\",\"contentUrl\":\"https:\\\/\\\/curierulsatelor.ro\\\/wp\\\/wp-content\\\/uploads\\\/2020\\\/01\\\/Curierul-Regional-si-Curierul-satelor-logo-header.png\",\"width\":2943,\"height\":685,\"caption\":\"Curierul Regional\"},\"image\":{\"@id\":\"https:\\\/\\\/curierulsatelor.ro\\\/wp\\\/#\\\/schema\\\/logo\\\/image\\\/\"}},{\"@type\":\"Person\",\"@id\":\"https:\\\/\\\/curierulsatelor.ro\\\/wp\\\/#\\\/schema\\\/person\\\/6f6b28a030e15d619a82894773d6e7b9\",\"name\":\"Marian Morosan\",\"image\":{\"@type\":\"ImageObject\",\"inLanguage\":\"ro-RO\",\"@id\":\"https:\\\/\\\/secure.gravatar.com\\\/avatar\\\/2e833cc9ab99e6bca46266d4ad9030d308346ff7ff0b6b955c29b74cafaf064b?s=96&d=mm&r=g\",\"url\":\"https:\\\/\\\/secure.gravatar.com\\\/avatar\\\/2e833cc9ab99e6bca46266d4ad9030d308346ff7ff0b6b955c29b74cafaf064b?s=96&d=mm&r=g\",\"contentUrl\":\"https:\\\/\\\/secure.gravatar.com\\\/avatar\\\/2e833cc9ab99e6bca46266d4ad9030d308346ff7ff0b6b955c29b74cafaf064b?s=96&d=mm&r=g\",\"caption\":\"Marian Morosan\"},\"description\":\"Copiilor no\u015ftri li se preg\u0103te\u015fte, incon\u015ftient, o lume de joben ciuruit, din care niciodat\u0103 nu iese iepura\u015ful. Doar panglicile politicilor sociale roase de moliile cu \u015ftaif din ultimele decenii. Suntem oropsi\u0163i, suntem dispera\u0163i, manipula\u0163i p\u00e2n\u0103 acolo \u00eenc\u00e2t ne bucur\u0103m s\u0103 fim masa de manevr\u0103 a unora \u015fi s\u0103 sus\u0163inem c\u0103 a\u015fa e normal. Acum \u00eel \u00een\u0163eleg pe Cioran, dar \u00eel \u00een\u0163eleg mai bine \u015fi pe Preda. \u015ei m\u0103 g\u00e2ndesc iar, cu groaz\u0103, la copilul meu. Cel pu\u0163in eu nu \u00eemi doresc s\u0103 \u015ftiu c\u0103 micu\u0163ul meu va fi singur, cu sufletul descul\u0163, prin jungla mileniului III ! https:\\\/\\\/curierulsatelor.ro\\\/wp\\\/2019\\\/10\\\/16\\\/cu-sufletul-descult-prin-jungla-mileniului-iii-editorial\\\/\",\"sameAs\":[\"http:\\\/\\\/admin\"],\"url\":\"https:\\\/\\\/curierulsatelor.ro\\\/wp\\\/author\\\/admin\\\/\"}]}<\/script>\n<!-- \/ Yoast SEO plugin. -->","yoast_head_json":{"title":"Prefectul Nechifor despre PNL: nu am venit cu un partid care s\u0103 r\u0103stoarne c\u0103ru\u021ba s\u0103r\u0103ciei - Curierul Regional","robots":{"index":"index","follow":"follow","max-snippet":"max-snippet:-1","max-image-preview":"max-image-preview:large","max-video-preview":"max-video-preview:-1"},"canonical":"https:\/\/curierulsatelor.ro\/wp\/2021\/07\/03\/prefectul-nechifor-despre-pnl-nu-am-venit-cu-un-partid-care-sa-rastoarne-caruta-saraciei\/","og_locale":"ro_RO","og_type":"article","og_title":"Prefectul Nechifor despre PNL: nu am venit cu un partid care s\u0103 r\u0103stoarne c\u0103ru\u021ba s\u0103r\u0103ciei - Curierul Regional","og_description":"\u00cen discursul pentru alegerile interne din PNL, la nivel jude\u021bean, dup\u0103 ce s-a l\u0103udat cu...","og_url":"https:\/\/curierulsatelor.ro\/wp\/2021\/07\/03\/prefectul-nechifor-despre-pnl-nu-am-venit-cu-un-partid-care-sa-rastoarne-caruta-saraciei\/","og_site_name":"Curierul Regional","article_published_time":"2021-07-03T10:02:07+00:00","article_modified_time":"2021-07-03T10:02:09+00:00","og_image":[{"width":1015,"height":593,"url":"https:\/\/curierulsatelor.ro\/wp\/wp-content\/uploads\/2021\/07\/Dan-Nechifor.jpg","type":"image\/jpeg"}],"author":"Marian Morosan","twitter_card":"summary_large_image","twitter_misc":{"Scris de":"Marian Morosan","Timp estimat pentru citire":"1 minut"},"schema":{"@context":"https:\/\/schema.org","@graph":[{"@type":"Article","@id":"https:\/\/curierulsatelor.ro\/wp\/2021\/07\/03\/prefectul-nechifor-despre-pnl-nu-am-venit-cu-un-partid-care-sa-rastoarne-caruta-saraciei\/#article","isPartOf":{"@id":"https:\/\/curierulsatelor.ro\/wp\/2021\/07\/03\/prefectul-nechifor-despre-pnl-nu-am-venit-cu-un-partid-care-sa-rastoarne-caruta-saraciei\/"},"author":{"name":"Marian Morosan","@id":"https:\/\/curierulsatelor.ro\/wp\/#\/schema\/person\/6f6b28a030e15d619a82894773d6e7b9"},"headline":"Prefectul Nechifor despre PNL: nu am venit cu un partid care s\u0103 r\u0103stoarne c\u0103ru\u021ba s\u0103r\u0103ciei","datePublished":"2021-07-03T10:02:07+00:00","dateModified":"2021-07-03T10:02:09+00:00","mainEntityOfPage":{"@id":"https:\/\/curierulsatelor.ro\/wp\/2021\/07\/03\/prefectul-nechifor-despre-pnl-nu-am-venit-cu-un-partid-care-sa-rastoarne-caruta-saraciei\/"},"wordCount":199,"commentCount":0,"publisher":{"@id":"https:\/\/curierulsatelor.ro\/wp\/#organization"},"image":{"@id":"https:\/\/curierulsatelor.ro\/wp\/2021\/07\/03\/prefectul-nechifor-despre-pnl-nu-am-venit-cu-un-partid-care-sa-rastoarne-caruta-saraciei\/#primaryimage"},"thumbnailUrl":"https:\/\/curierulsatelor.ro\/wp\/wp-content\/uploads\/2021\/07\/Dan-Nechifor.jpg","articleSection":["Politica"],"inLanguage":"ro-RO","potentialAction":[{"@type":"CommentAction","name":"Comment","target":["https:\/\/curierulsatelor.ro\/wp\/2021\/07\/03\/prefectul-nechifor-despre-pnl-nu-am-venit-cu-un-partid-care-sa-rastoarne-caruta-saraciei\/#respond"]}]},{"@type":"WebPage","@id":"https:\/\/curierulsatelor.ro\/wp\/2021\/07\/03\/prefectul-nechifor-despre-pnl-nu-am-venit-cu-un-partid-care-sa-rastoarne-caruta-saraciei\/","url":"https:\/\/curierulsatelor.ro\/wp\/2021\/07\/03\/prefectul-nechifor-despre-pnl-nu-am-venit-cu-un-partid-care-sa-rastoarne-caruta-saraciei\/","name":"Prefectul Nechifor despre PNL: nu am venit cu un partid care s\u0103 r\u0103stoarne c\u0103ru\u021ba s\u0103r\u0103ciei - Curierul Regional","isPartOf":{"@id":"https:\/\/curierulsatelor.ro\/wp\/#website"},"primaryImageOfPage":{"@id":"https:\/\/curierulsatelor.ro\/wp\/2021\/07\/03\/prefectul-nechifor-despre-pnl-nu-am-venit-cu-un-partid-care-sa-rastoarne-caruta-saraciei\/#primaryimage"},"image":{"@id":"https:\/\/curierulsatelor.ro\/wp\/2021\/07\/03\/prefectul-nechifor-despre-pnl-nu-am-venit-cu-un-partid-care-sa-rastoarne-caruta-saraciei\/#primaryimage"},"thumbnailUrl":"https:\/\/curierulsatelor.ro\/wp\/wp-content\/uploads\/2021\/07\/Dan-Nechifor.jpg","datePublished":"2021-07-03T10:02:07+00:00","dateModified":"2021-07-03T10:02:09+00:00","breadcrumb":{"@id":"https:\/\/curierulsatelor.ro\/wp\/2021\/07\/03\/prefectul-nechifor-despre-pnl-nu-am-venit-cu-un-partid-care-sa-rastoarne-caruta-saraciei\/#breadcrumb"},"inLanguage":"ro-RO","potentialAction":[{"@type":"ReadAction","target":["https:\/\/curierulsatelor.ro\/wp\/2021\/07\/03\/prefectul-nechifor-despre-pnl-nu-am-venit-cu-un-partid-care-sa-rastoarne-caruta-saraciei\/"]}]},{"@type":"ImageObject","inLanguage":"ro-RO","@id":"https:\/\/curierulsatelor.ro\/wp\/2021\/07\/03\/prefectul-nechifor-despre-pnl-nu-am-venit-cu-un-partid-care-sa-rastoarne-caruta-saraciei\/#primaryimage","url":"https:\/\/curierulsatelor.ro\/wp\/wp-content\/uploads\/2021\/07\/Dan-Nechifor.jpg","contentUrl":"https:\/\/curierulsatelor.ro\/wp\/wp-content\/uploads\/2021\/07\/Dan-Nechifor.jpg","width":1015,"height":593},{"@type":"BreadcrumbList","@id":"https:\/\/curierulsatelor.ro\/wp\/2021\/07\/03\/prefectul-nechifor-despre-pnl-nu-am-venit-cu-un-partid-care-sa-rastoarne-caruta-saraciei\/#breadcrumb","itemListElement":[{"@type":"ListItem","position":1,"name":"Prima pagin\u0103","item":"https:\/\/curierulsatelor.ro\/wp\/"},{"@type":"ListItem","position":2,"name":"Prefectul Nechifor despre PNL: nu am venit cu un partid care s\u0103 r\u0103stoarne c\u0103ru\u021ba s\u0103r\u0103ciei"}]},{"@type":"WebSite","@id":"https:\/\/curierulsatelor.ro\/wp\/#website","url":"https:\/\/curierulsatelor.ro\/wp\/","name":"Curierul Regional","description":"","publisher":{"@id":"https:\/\/curierulsatelor.ro\/wp\/#organization"},"potentialAction":[{"@type":"SearchAction","target":{"@type":"EntryPoint","urlTemplate":"https:\/\/curierulsatelor.ro\/wp\/?s={search_term_string}"},"query-input":{"@type":"PropertyValueSpecification","valueRequired":true,"valueName":"search_term_string"}}],"inLanguage":"ro-RO"},{"@type":"Organization","@id":"https:\/\/curierulsatelor.ro\/wp\/#organization","name":"Curierul Regional","url":"https:\/\/curierulsatelor.ro\/wp\/","logo":{"@type":"ImageObject","inLanguage":"ro-RO","@id":"https:\/\/curierulsatelor.ro\/wp\/#\/schema\/logo\/image\/","url":"https:\/\/curierulsatelor.ro\/wp\/wp-content\/uploads\/2020\/01\/Curierul-Regional-si-Curierul-satelor-logo-header.png","contentUrl":"https:\/\/curierulsatelor.ro\/wp\/wp-content\/uploads\/2020\/01\/Curierul-Regional-si-Curierul-satelor-logo-header.png","width":2943,"height":685,"caption":"Curierul Regional"},"image":{"@id":"https:\/\/curierulsatelor.ro\/wp\/#\/schema\/logo\/image\/"}},{"@type":"Person","@id":"https:\/\/curierulsatelor.ro\/wp\/#\/schema\/person\/6f6b28a030e15d619a82894773d6e7b9","name":"Marian Morosan","image":{"@type":"ImageObject","inLanguage":"ro-RO","@id":"https:\/\/secure.gravatar.com\/avatar\/2e833cc9ab99e6bca46266d4ad9030d308346ff7ff0b6b955c29b74cafaf064b?s=96&d=mm&r=g","url":"https:\/\/secure.gravatar.com\/avatar\/2e833cc9ab99e6bca46266d4ad9030d308346ff7ff0b6b955c29b74cafaf064b?s=96&d=mm&r=g","contentUrl":"https:\/\/secure.gravatar.com\/avatar\/2e833cc9ab99e6bca46266d4ad9030d308346ff7ff0b6b955c29b74cafaf064b?s=96&d=mm&r=g","caption":"Marian Morosan"},"description":"Copiilor no\u015ftri li se preg\u0103te\u015fte, incon\u015ftient, o lume de joben ciuruit, din care niciodat\u0103 nu iese iepura\u015ful. Doar panglicile politicilor sociale roase de moliile cu \u015ftaif din ultimele decenii. Suntem oropsi\u0163i, suntem dispera\u0163i, manipula\u0163i p\u00e2n\u0103 acolo \u00eenc\u00e2t ne bucur\u0103m s\u0103 fim masa de manevr\u0103 a unora \u015fi s\u0103 sus\u0163inem c\u0103 a\u015fa e normal. Acum \u00eel \u00een\u0163eleg pe Cioran, dar \u00eel \u00een\u0163eleg mai bine \u015fi pe Preda. \u015ei m\u0103 g\u00e2ndesc iar, cu groaz\u0103, la copilul meu. Cel pu\u0163in eu nu \u00eemi doresc s\u0103 \u015ftiu c\u0103 micu\u0163ul meu va fi singur, cu sufletul descul\u0163, prin jungla mileniului III ! https:\/\/curierulsatelor.ro\/wp\/2019\/10\/16\/cu-sufletul-descult-prin-jungla-mileniului-iii-editorial\/","sameAs":["http:\/\/admin"],"url":"https:\/\/curierulsatelor.ro\/wp\/author\/admin\/"}]}},"_links":{"self":[{"href":"https:\/\/curierulsatelor.ro\/wp\/wp-json\/wp\/v2\/posts\/5898","targetHints":{"allow":["GET"]}}],"collection":[{"href":"https:\/\/curierulsatelor.ro\/wp\/wp-json\/wp\/v2\/posts"}],"about":[{"href":"https:\/\/curierulsatelor.ro\/wp\/wp-json\/wp\/v2\/types\/post"}],"author":[{"embeddable":true,"href":"https:\/\/curierulsatelor.ro\/wp\/wp-json\/wp\/v2\/users\/1"}],"replies":[{"embeddable":true,"href":"https:\/\/curierulsatelor.ro\/wp\/wp-json\/wp\/v2\/comments?post=5898"}],"version-history":[{"count":2,"href":"https:\/\/curierulsatelor.ro\/wp\/wp-json\/wp\/v2\/posts\/5898\/revisions"}],"predecessor-version":[{"id":5901,"href":"https:\/\/curierulsatelor.ro\/wp\/wp-json\/wp\/v2\/posts\/5898\/revisions\/5901"}],"wp:featuredmedia":[{"embeddable":true,"href":"https:\/\/curierulsatelor.ro\/wp\/wp-json\/wp\/v2\/media\/5899"}],"wp:attachment":[{"href":"https:\/\/curierulsatelor.ro\/wp\/wp-json\/wp\/v2\/media?parent=5898"}],"wp:term":[{"taxonomy":"category","embeddable":true,"href":"https:\/\/curierulsatelor.ro\/wp\/wp-json\/wp\/v2\/categories?post=5898"},{"taxonomy":"post_tag","embeddable":true,"href":"https:\/\/curierulsatelor.ro\/wp\/wp-json\/wp\/v2\/tags?post=5898"}],"curies":[{"name":"wp","href":"https:\/\/api.w.org\/{rel}","templated":true}]}}