{"id":6067,"date":"2021-08-17T16:11:39","date_gmt":"2021-08-17T16:11:39","guid":{"rendered":"https:\/\/curierulsatelor.ro\/wp\/?p=6067"},"modified":"2021-08-17T16:11:40","modified_gmt":"2021-08-17T16:11:40","slug":"balanovici-alde-inflatia-va-ajunge-la-56-la-sfarsitul-anului-iar-romanii-vor-fi-striviti-de-datorii","status":"publish","type":"post","link":"https:\/\/curierulsatelor.ro\/wp\/2021\/08\/17\/balanovici-alde-inflatia-va-ajunge-la-56-la-sfarsitul-anului-iar-romanii-vor-fi-striviti-de-datorii\/","title":{"rendered":"Balanovici, ALDE: Infla\u0163ia va ajunge la 5,6% la sf\u00e2r\u015fitul anului, iar rom\u00e2nii vor fi strivi\u0163i de datorii"},"content":{"rendered":"\n<p>Banca Na\u0163ional\u0103 a Rom\u00e2niei (BNR) a publicat raportul asupra infla\u0163iei pe luna august, prognoz\u00e2nd o infla\u0163ie de 5,6% la sf\u00e2r\u015fitul acestui an.<\/p>\n\n\n\n<p>Cel mai important element care a determinat aceast\u0103 prognoz\u0103 sumbr\u0103 este dinamica pre\u0163urilor gazelor naturale \u015fi energiei electrice, precum \u015fi ale alimentelor. Toate acestea se intercaleaz\u0103 cu celelalte efecte economico-sociale generate de pandemie \u015fi care, cumulate cu lipsa m\u0103surile coerente de sprijin corelate cu m\u0103suri antiinflationiste, pot duce inevitabil la colapsul economic al Rom\u00e2niei \u015fi la agravarea problemelor sociale din \u0163ara noastr\u0103.<\/p>\n\n\n\n<p>Pe fondul infla\u0163iei care deja tinde s\u0103 devin\u0103 galopant\u0103, mediul economic se deterioreaz\u0103 vizibil, cre\u015fterile aberante de pre\u0163uri gener\u00e2nd sc\u0103derea puterii de cump\u0103rare a monedei na\u0163ionale, ceea ce implic\u0103 o sc\u0103derea real\u0103 a performan\u0163elor economiei, dar determin\u0103 \u015fi \u00een\u0103sprirea politicilor monetare \u015fi financiare.<\/p>\n\n\n\n<p>Rezultatul direct al infla\u0163iei este \u00eenr\u0103ut\u0103\u0163irea st\u0103rii economice \u015fi sociale a rom\u00e2nilor, standardul de via\u0163\u0103 al popula\u0163iei resim\u0163ind o puternic\u0103 descre\u015ftere, \u00een condi\u0163iile \u00een are pre\u0163urile continu\u0103 trendul ascendent, num\u0103rul de taxe \u015fi impozite cre\u015fte, micii \u00eentreprinz\u0103tori \u00eenchid por\u0163ile r\u0103pu\u015fi de poverile fiscale, resimt lipsa total\u0103 a sprijinului din partea unui stat puternic \u015fi aplecat spre nevoia cet\u0103\u0163eanului. \u015ei dac\u0103 introducem \u00een ecua\u0163ie \u015fi criza de pe piata for\u0163ei de munc\u0103, nu putem dec\u00e2t s\u0103 ne g\u00e2ndim la ce e mai r\u0103u.<\/p>\n\n\n\n<p>Guvernul trebuie s\u0103 protejeze interesele na\u0163ionale, altfel rom\u00e2nii se simt determina\u0163i s\u0103 apuce calea str\u0103in\u0103t\u0103\u0163ii, iar cei care r\u0103m\u00e2n \u00een \u0163ar\u0103 s\u0103 munceasc\u0103 p\u00e2n\u0103 mor \u015fi totodat\u0103 s\u0103 pl\u0103teasc\u0103 \u00eemprumuturi f\u0103cute pe garan\u0163ia poporului rom\u00e2n.<br><\/p>\n\n\n\n<p>Monica Balanovici \u2013 Membru Biroul Politic Teritorial ALDE Boto\u015fani<\/p>\n","protected":false},"excerpt":{"rendered":"<p>Banca Na\u0163ional\u0103 a Rom\u00e2niei (BNR) a publicat raportul asupra infla\u0163iei pe luna august, prognoz\u00e2nd o&#8230;<\/p>\n","protected":false},"author":1,"featured_media":6068,"comment_status":"open","ping_status":"open","sticky":false,"template":"","format":"standard","meta":{"footnotes":""},"categories":[14,8],"tags":[],"class_list":["post-6067","post","type-post","status-publish","format-standard","has-post-thumbnail","hentry","category-alde","category-comunicate"],"yoast_head":"<!-- This site is optimized with the Yoast SEO plugin v27.4 - https:\/\/yoast.com\/product\/yoast-seo-wordpress\/ -->\n<title>Balanovici, ALDE: Infla\u0163ia va ajunge la 5,6% la sf\u00e2r\u015fitul anului, iar rom\u00e2nii vor fi strivi\u0163i de datorii - Curierul Regional<\/title>\n<meta name=\"robots\" content=\"index, follow, max-snippet:-1, max-image-preview:large, max-video-preview:-1\" \/>\n<link rel=\"canonical\" href=\"https:\/\/curierulsatelor.ro\/wp\/2021\/08\/17\/balanovici-alde-inflatia-va-ajunge-la-56-la-sfarsitul-anului-iar-romanii-vor-fi-striviti-de-datorii\/\" \/>\n<meta property=\"og:locale\" content=\"ro_RO\" \/>\n<meta property=\"og:type\" content=\"article\" \/>\n<meta property=\"og:title\" content=\"Balanovici, ALDE: Infla\u0163ia va ajunge la 5,6% la sf\u00e2r\u015fitul anului, iar rom\u00e2nii vor fi strivi\u0163i de datorii - Curierul Regional\" \/>\n<meta property=\"og:description\" content=\"Banca Na\u0163ional\u0103 a Rom\u00e2niei (BNR) a publicat raportul asupra infla\u0163iei pe luna august, prognoz\u00e2nd o...\" \/>\n<meta property=\"og:url\" content=\"https:\/\/curierulsatelor.ro\/wp\/2021\/08\/17\/balanovici-alde-inflatia-va-ajunge-la-56-la-sfarsitul-anului-iar-romanii-vor-fi-striviti-de-datorii\/\" \/>\n<meta property=\"og:site_name\" content=\"Curierul Regional\" \/>\n<meta property=\"article:published_time\" content=\"2021-08-17T16:11:39+00:00\" \/>\n<meta property=\"article:modified_time\" content=\"2021-08-17T16:11:40+00:00\" \/>\n<meta property=\"og:image\" content=\"https:\/\/curierulsatelor.ro\/wp\/wp-content\/uploads\/2021\/08\/Monica-Balanovici.jpeg\" \/>\n\t<meta property=\"og:image:width\" content=\"1075\" \/>\n\t<meta property=\"og:image:height\" content=\"1287\" \/>\n\t<meta property=\"og:image:type\" content=\"image\/jpeg\" \/>\n<meta name=\"author\" content=\"Marian Morosan\" \/>\n<meta name=\"twitter:card\" content=\"summary_large_image\" \/>\n<meta name=\"twitter:label1\" content=\"Scris de\" \/>\n\t<meta name=\"twitter:data1\" content=\"Marian Morosan\" \/>\n\t<meta name=\"twitter:label2\" content=\"Timp estimat pentru citire\" \/>\n\t<meta name=\"twitter:data2\" content=\"2 minute\" \/>\n<script type=\"application\/ld+json\" class=\"yoast-schema-graph\">{\"@context\":\"https:\\\/\\\/schema.org\",\"@graph\":[{\"@type\":\"Article\",\"@id\":\"https:\\\/\\\/curierulsatelor.ro\\\/wp\\\/2021\\\/08\\\/17\\\/balanovici-alde-inflatia-va-ajunge-la-56-la-sfarsitul-anului-iar-romanii-vor-fi-striviti-de-datorii\\\/#article\",\"isPartOf\":{\"@id\":\"https:\\\/\\\/curierulsatelor.ro\\\/wp\\\/2021\\\/08\\\/17\\\/balanovici-alde-inflatia-va-ajunge-la-56-la-sfarsitul-anului-iar-romanii-vor-fi-striviti-de-datorii\\\/\"},\"author\":{\"name\":\"Marian Morosan\",\"@id\":\"https:\\\/\\\/curierulsatelor.ro\\\/wp\\\/#\\\/schema\\\/person\\\/6f6b28a030e15d619a82894773d6e7b9\"},\"headline\":\"Balanovici, ALDE: Infla\u0163ia va ajunge la 5,6% la sf\u00e2r\u015fitul anului, iar rom\u00e2nii vor fi strivi\u0163i de datorii\",\"datePublished\":\"2021-08-17T16:11:39+00:00\",\"dateModified\":\"2021-08-17T16:11:40+00:00\",\"mainEntityOfPage\":{\"@id\":\"https:\\\/\\\/curierulsatelor.ro\\\/wp\\\/2021\\\/08\\\/17\\\/balanovici-alde-inflatia-va-ajunge-la-56-la-sfarsitul-anului-iar-romanii-vor-fi-striviti-de-datorii\\\/\"},\"wordCount\":329,\"commentCount\":0,\"publisher\":{\"@id\":\"https:\\\/\\\/curierulsatelor.ro\\\/wp\\\/#organization\"},\"image\":{\"@id\":\"https:\\\/\\\/curierulsatelor.ro\\\/wp\\\/2021\\\/08\\\/17\\\/balanovici-alde-inflatia-va-ajunge-la-56-la-sfarsitul-anului-iar-romanii-vor-fi-striviti-de-datorii\\\/#primaryimage\"},\"thumbnailUrl\":\"https:\\\/\\\/curierulsatelor.ro\\\/wp\\\/wp-content\\\/uploads\\\/2021\\\/08\\\/Monica-Balanovici.jpeg\",\"articleSection\":[\"ALDE\",\"Comunicate\"],\"inLanguage\":\"ro-RO\",\"potentialAction\":[{\"@type\":\"CommentAction\",\"name\":\"Comment\",\"target\":[\"https:\\\/\\\/curierulsatelor.ro\\\/wp\\\/2021\\\/08\\\/17\\\/balanovici-alde-inflatia-va-ajunge-la-56-la-sfarsitul-anului-iar-romanii-vor-fi-striviti-de-datorii\\\/#respond\"]}]},{\"@type\":\"WebPage\",\"@id\":\"https:\\\/\\\/curierulsatelor.ro\\\/wp\\\/2021\\\/08\\\/17\\\/balanovici-alde-inflatia-va-ajunge-la-56-la-sfarsitul-anului-iar-romanii-vor-fi-striviti-de-datorii\\\/\",\"url\":\"https:\\\/\\\/curierulsatelor.ro\\\/wp\\\/2021\\\/08\\\/17\\\/balanovici-alde-inflatia-va-ajunge-la-56-la-sfarsitul-anului-iar-romanii-vor-fi-striviti-de-datorii\\\/\",\"name\":\"Balanovici, ALDE: Infla\u0163ia va ajunge la 5,6% la sf\u00e2r\u015fitul anului, iar rom\u00e2nii vor fi strivi\u0163i de datorii - Curierul Regional\",\"isPartOf\":{\"@id\":\"https:\\\/\\\/curierulsatelor.ro\\\/wp\\\/#website\"},\"primaryImageOfPage\":{\"@id\":\"https:\\\/\\\/curierulsatelor.ro\\\/wp\\\/2021\\\/08\\\/17\\\/balanovici-alde-inflatia-va-ajunge-la-56-la-sfarsitul-anului-iar-romanii-vor-fi-striviti-de-datorii\\\/#primaryimage\"},\"image\":{\"@id\":\"https:\\\/\\\/curierulsatelor.ro\\\/wp\\\/2021\\\/08\\\/17\\\/balanovici-alde-inflatia-va-ajunge-la-56-la-sfarsitul-anului-iar-romanii-vor-fi-striviti-de-datorii\\\/#primaryimage\"},\"thumbnailUrl\":\"https:\\\/\\\/curierulsatelor.ro\\\/wp\\\/wp-content\\\/uploads\\\/2021\\\/08\\\/Monica-Balanovici.jpeg\",\"datePublished\":\"2021-08-17T16:11:39+00:00\",\"dateModified\":\"2021-08-17T16:11:40+00:00\",\"breadcrumb\":{\"@id\":\"https:\\\/\\\/curierulsatelor.ro\\\/wp\\\/2021\\\/08\\\/17\\\/balanovici-alde-inflatia-va-ajunge-la-56-la-sfarsitul-anului-iar-romanii-vor-fi-striviti-de-datorii\\\/#breadcrumb\"},\"inLanguage\":\"ro-RO\",\"potentialAction\":[{\"@type\":\"ReadAction\",\"target\":[\"https:\\\/\\\/curierulsatelor.ro\\\/wp\\\/2021\\\/08\\\/17\\\/balanovici-alde-inflatia-va-ajunge-la-56-la-sfarsitul-anului-iar-romanii-vor-fi-striviti-de-datorii\\\/\"]}]},{\"@type\":\"ImageObject\",\"inLanguage\":\"ro-RO\",\"@id\":\"https:\\\/\\\/curierulsatelor.ro\\\/wp\\\/2021\\\/08\\\/17\\\/balanovici-alde-inflatia-va-ajunge-la-56-la-sfarsitul-anului-iar-romanii-vor-fi-striviti-de-datorii\\\/#primaryimage\",\"url\":\"https:\\\/\\\/curierulsatelor.ro\\\/wp\\\/wp-content\\\/uploads\\\/2021\\\/08\\\/Monica-Balanovici.jpeg\",\"contentUrl\":\"https:\\\/\\\/curierulsatelor.ro\\\/wp\\\/wp-content\\\/uploads\\\/2021\\\/08\\\/Monica-Balanovici.jpeg\",\"width\":1075,\"height\":1287},{\"@type\":\"BreadcrumbList\",\"@id\":\"https:\\\/\\\/curierulsatelor.ro\\\/wp\\\/2021\\\/08\\\/17\\\/balanovici-alde-inflatia-va-ajunge-la-56-la-sfarsitul-anului-iar-romanii-vor-fi-striviti-de-datorii\\\/#breadcrumb\",\"itemListElement\":[{\"@type\":\"ListItem\",\"position\":1,\"name\":\"Prima pagin\u0103\",\"item\":\"https:\\\/\\\/curierulsatelor.ro\\\/wp\\\/\"},{\"@type\":\"ListItem\",\"position\":2,\"name\":\"Balanovici, ALDE: Infla\u0163ia va ajunge la 5,6% la sf\u00e2r\u015fitul anului, iar rom\u00e2nii vor fi strivi\u0163i de datorii\"}]},{\"@type\":\"WebSite\",\"@id\":\"https:\\\/\\\/curierulsatelor.ro\\\/wp\\\/#website\",\"url\":\"https:\\\/\\\/curierulsatelor.ro\\\/wp\\\/\",\"name\":\"Curierul Regional\",\"description\":\"\",\"publisher\":{\"@id\":\"https:\\\/\\\/curierulsatelor.ro\\\/wp\\\/#organization\"},\"potentialAction\":[{\"@type\":\"SearchAction\",\"target\":{\"@type\":\"EntryPoint\",\"urlTemplate\":\"https:\\\/\\\/curierulsatelor.ro\\\/wp\\\/?s={search_term_string}\"},\"query-input\":{\"@type\":\"PropertyValueSpecification\",\"valueRequired\":true,\"valueName\":\"search_term_string\"}}],\"inLanguage\":\"ro-RO\"},{\"@type\":\"Organization\",\"@id\":\"https:\\\/\\\/curierulsatelor.ro\\\/wp\\\/#organization\",\"name\":\"Curierul Regional\",\"url\":\"https:\\\/\\\/curierulsatelor.ro\\\/wp\\\/\",\"logo\":{\"@type\":\"ImageObject\",\"inLanguage\":\"ro-RO\",\"@id\":\"https:\\\/\\\/curierulsatelor.ro\\\/wp\\\/#\\\/schema\\\/logo\\\/image\\\/\",\"url\":\"https:\\\/\\\/curierulsatelor.ro\\\/wp\\\/wp-content\\\/uploads\\\/2020\\\/01\\\/Curierul-Regional-si-Curierul-satelor-logo-header.png\",\"contentUrl\":\"https:\\\/\\\/curierulsatelor.ro\\\/wp\\\/wp-content\\\/uploads\\\/2020\\\/01\\\/Curierul-Regional-si-Curierul-satelor-logo-header.png\",\"width\":2943,\"height\":685,\"caption\":\"Curierul Regional\"},\"image\":{\"@id\":\"https:\\\/\\\/curierulsatelor.ro\\\/wp\\\/#\\\/schema\\\/logo\\\/image\\\/\"}},{\"@type\":\"Person\",\"@id\":\"https:\\\/\\\/curierulsatelor.ro\\\/wp\\\/#\\\/schema\\\/person\\\/6f6b28a030e15d619a82894773d6e7b9\",\"name\":\"Marian Morosan\",\"image\":{\"@type\":\"ImageObject\",\"inLanguage\":\"ro-RO\",\"@id\":\"https:\\\/\\\/secure.gravatar.com\\\/avatar\\\/2e833cc9ab99e6bca46266d4ad9030d308346ff7ff0b6b955c29b74cafaf064b?s=96&d=mm&r=g\",\"url\":\"https:\\\/\\\/secure.gravatar.com\\\/avatar\\\/2e833cc9ab99e6bca46266d4ad9030d308346ff7ff0b6b955c29b74cafaf064b?s=96&d=mm&r=g\",\"contentUrl\":\"https:\\\/\\\/secure.gravatar.com\\\/avatar\\\/2e833cc9ab99e6bca46266d4ad9030d308346ff7ff0b6b955c29b74cafaf064b?s=96&d=mm&r=g\",\"caption\":\"Marian Morosan\"},\"description\":\"Copiilor no\u015ftri li se preg\u0103te\u015fte, incon\u015ftient, o lume de joben ciuruit, din care niciodat\u0103 nu iese iepura\u015ful. Doar panglicile politicilor sociale roase de moliile cu \u015ftaif din ultimele decenii. Suntem oropsi\u0163i, suntem dispera\u0163i, manipula\u0163i p\u00e2n\u0103 acolo \u00eenc\u00e2t ne bucur\u0103m s\u0103 fim masa de manevr\u0103 a unora \u015fi s\u0103 sus\u0163inem c\u0103 a\u015fa e normal. Acum \u00eel \u00een\u0163eleg pe Cioran, dar \u00eel \u00een\u0163eleg mai bine \u015fi pe Preda. \u015ei m\u0103 g\u00e2ndesc iar, cu groaz\u0103, la copilul meu. Cel pu\u0163in eu nu \u00eemi doresc s\u0103 \u015ftiu c\u0103 micu\u0163ul meu va fi singur, cu sufletul descul\u0163, prin jungla mileniului III ! https:\\\/\\\/curierulsatelor.ro\\\/wp\\\/2019\\\/10\\\/16\\\/cu-sufletul-descult-prin-jungla-mileniului-iii-editorial\\\/\",\"sameAs\":[\"http:\\\/\\\/admin\"],\"url\":\"https:\\\/\\\/curierulsatelor.ro\\\/wp\\\/author\\\/admin\\\/\"}]}<\/script>\n<!-- \/ Yoast SEO plugin. -->","yoast_head_json":{"title":"Balanovici, ALDE: Infla\u0163ia va ajunge la 5,6% la sf\u00e2r\u015fitul anului, iar rom\u00e2nii vor fi strivi\u0163i de datorii - Curierul Regional","robots":{"index":"index","follow":"follow","max-snippet":"max-snippet:-1","max-image-preview":"max-image-preview:large","max-video-preview":"max-video-preview:-1"},"canonical":"https:\/\/curierulsatelor.ro\/wp\/2021\/08\/17\/balanovici-alde-inflatia-va-ajunge-la-56-la-sfarsitul-anului-iar-romanii-vor-fi-striviti-de-datorii\/","og_locale":"ro_RO","og_type":"article","og_title":"Balanovici, ALDE: Infla\u0163ia va ajunge la 5,6% la sf\u00e2r\u015fitul anului, iar rom\u00e2nii vor fi strivi\u0163i de datorii - Curierul Regional","og_description":"Banca Na\u0163ional\u0103 a Rom\u00e2niei (BNR) a publicat raportul asupra infla\u0163iei pe luna august, prognoz\u00e2nd o...","og_url":"https:\/\/curierulsatelor.ro\/wp\/2021\/08\/17\/balanovici-alde-inflatia-va-ajunge-la-56-la-sfarsitul-anului-iar-romanii-vor-fi-striviti-de-datorii\/","og_site_name":"Curierul Regional","article_published_time":"2021-08-17T16:11:39+00:00","article_modified_time":"2021-08-17T16:11:40+00:00","og_image":[{"width":1075,"height":1287,"url":"https:\/\/curierulsatelor.ro\/wp\/wp-content\/uploads\/2021\/08\/Monica-Balanovici.jpeg","type":"image\/jpeg"}],"author":"Marian Morosan","twitter_card":"summary_large_image","twitter_misc":{"Scris de":"Marian Morosan","Timp estimat pentru citire":"2 minute"},"schema":{"@context":"https:\/\/schema.org","@graph":[{"@type":"Article","@id":"https:\/\/curierulsatelor.ro\/wp\/2021\/08\/17\/balanovici-alde-inflatia-va-ajunge-la-56-la-sfarsitul-anului-iar-romanii-vor-fi-striviti-de-datorii\/#article","isPartOf":{"@id":"https:\/\/curierulsatelor.ro\/wp\/2021\/08\/17\/balanovici-alde-inflatia-va-ajunge-la-56-la-sfarsitul-anului-iar-romanii-vor-fi-striviti-de-datorii\/"},"author":{"name":"Marian Morosan","@id":"https:\/\/curierulsatelor.ro\/wp\/#\/schema\/person\/6f6b28a030e15d619a82894773d6e7b9"},"headline":"Balanovici, ALDE: Infla\u0163ia va ajunge la 5,6% la sf\u00e2r\u015fitul anului, iar rom\u00e2nii vor fi strivi\u0163i de datorii","datePublished":"2021-08-17T16:11:39+00:00","dateModified":"2021-08-17T16:11:40+00:00","mainEntityOfPage":{"@id":"https:\/\/curierulsatelor.ro\/wp\/2021\/08\/17\/balanovici-alde-inflatia-va-ajunge-la-56-la-sfarsitul-anului-iar-romanii-vor-fi-striviti-de-datorii\/"},"wordCount":329,"commentCount":0,"publisher":{"@id":"https:\/\/curierulsatelor.ro\/wp\/#organization"},"image":{"@id":"https:\/\/curierulsatelor.ro\/wp\/2021\/08\/17\/balanovici-alde-inflatia-va-ajunge-la-56-la-sfarsitul-anului-iar-romanii-vor-fi-striviti-de-datorii\/#primaryimage"},"thumbnailUrl":"https:\/\/curierulsatelor.ro\/wp\/wp-content\/uploads\/2021\/08\/Monica-Balanovici.jpeg","articleSection":["ALDE","Comunicate"],"inLanguage":"ro-RO","potentialAction":[{"@type":"CommentAction","name":"Comment","target":["https:\/\/curierulsatelor.ro\/wp\/2021\/08\/17\/balanovici-alde-inflatia-va-ajunge-la-56-la-sfarsitul-anului-iar-romanii-vor-fi-striviti-de-datorii\/#respond"]}]},{"@type":"WebPage","@id":"https:\/\/curierulsatelor.ro\/wp\/2021\/08\/17\/balanovici-alde-inflatia-va-ajunge-la-56-la-sfarsitul-anului-iar-romanii-vor-fi-striviti-de-datorii\/","url":"https:\/\/curierulsatelor.ro\/wp\/2021\/08\/17\/balanovici-alde-inflatia-va-ajunge-la-56-la-sfarsitul-anului-iar-romanii-vor-fi-striviti-de-datorii\/","name":"Balanovici, ALDE: Infla\u0163ia va ajunge la 5,6% la sf\u00e2r\u015fitul anului, iar rom\u00e2nii vor fi strivi\u0163i de datorii - Curierul Regional","isPartOf":{"@id":"https:\/\/curierulsatelor.ro\/wp\/#website"},"primaryImageOfPage":{"@id":"https:\/\/curierulsatelor.ro\/wp\/2021\/08\/17\/balanovici-alde-inflatia-va-ajunge-la-56-la-sfarsitul-anului-iar-romanii-vor-fi-striviti-de-datorii\/#primaryimage"},"image":{"@id":"https:\/\/curierulsatelor.ro\/wp\/2021\/08\/17\/balanovici-alde-inflatia-va-ajunge-la-56-la-sfarsitul-anului-iar-romanii-vor-fi-striviti-de-datorii\/#primaryimage"},"thumbnailUrl":"https:\/\/curierulsatelor.ro\/wp\/wp-content\/uploads\/2021\/08\/Monica-Balanovici.jpeg","datePublished":"2021-08-17T16:11:39+00:00","dateModified":"2021-08-17T16:11:40+00:00","breadcrumb":{"@id":"https:\/\/curierulsatelor.ro\/wp\/2021\/08\/17\/balanovici-alde-inflatia-va-ajunge-la-56-la-sfarsitul-anului-iar-romanii-vor-fi-striviti-de-datorii\/#breadcrumb"},"inLanguage":"ro-RO","potentialAction":[{"@type":"ReadAction","target":["https:\/\/curierulsatelor.ro\/wp\/2021\/08\/17\/balanovici-alde-inflatia-va-ajunge-la-56-la-sfarsitul-anului-iar-romanii-vor-fi-striviti-de-datorii\/"]}]},{"@type":"ImageObject","inLanguage":"ro-RO","@id":"https:\/\/curierulsatelor.ro\/wp\/2021\/08\/17\/balanovici-alde-inflatia-va-ajunge-la-56-la-sfarsitul-anului-iar-romanii-vor-fi-striviti-de-datorii\/#primaryimage","url":"https:\/\/curierulsatelor.ro\/wp\/wp-content\/uploads\/2021\/08\/Monica-Balanovici.jpeg","contentUrl":"https:\/\/curierulsatelor.ro\/wp\/wp-content\/uploads\/2021\/08\/Monica-Balanovici.jpeg","width":1075,"height":1287},{"@type":"BreadcrumbList","@id":"https:\/\/curierulsatelor.ro\/wp\/2021\/08\/17\/balanovici-alde-inflatia-va-ajunge-la-56-la-sfarsitul-anului-iar-romanii-vor-fi-striviti-de-datorii\/#breadcrumb","itemListElement":[{"@type":"ListItem","position":1,"name":"Prima pagin\u0103","item":"https:\/\/curierulsatelor.ro\/wp\/"},{"@type":"ListItem","position":2,"name":"Balanovici, ALDE: Infla\u0163ia va ajunge la 5,6% la sf\u00e2r\u015fitul anului, iar rom\u00e2nii vor fi strivi\u0163i de datorii"}]},{"@type":"WebSite","@id":"https:\/\/curierulsatelor.ro\/wp\/#website","url":"https:\/\/curierulsatelor.ro\/wp\/","name":"Curierul Regional","description":"","publisher":{"@id":"https:\/\/curierulsatelor.ro\/wp\/#organization"},"potentialAction":[{"@type":"SearchAction","target":{"@type":"EntryPoint","urlTemplate":"https:\/\/curierulsatelor.ro\/wp\/?s={search_term_string}"},"query-input":{"@type":"PropertyValueSpecification","valueRequired":true,"valueName":"search_term_string"}}],"inLanguage":"ro-RO"},{"@type":"Organization","@id":"https:\/\/curierulsatelor.ro\/wp\/#organization","name":"Curierul Regional","url":"https:\/\/curierulsatelor.ro\/wp\/","logo":{"@type":"ImageObject","inLanguage":"ro-RO","@id":"https:\/\/curierulsatelor.ro\/wp\/#\/schema\/logo\/image\/","url":"https:\/\/curierulsatelor.ro\/wp\/wp-content\/uploads\/2020\/01\/Curierul-Regional-si-Curierul-satelor-logo-header.png","contentUrl":"https:\/\/curierulsatelor.ro\/wp\/wp-content\/uploads\/2020\/01\/Curierul-Regional-si-Curierul-satelor-logo-header.png","width":2943,"height":685,"caption":"Curierul Regional"},"image":{"@id":"https:\/\/curierulsatelor.ro\/wp\/#\/schema\/logo\/image\/"}},{"@type":"Person","@id":"https:\/\/curierulsatelor.ro\/wp\/#\/schema\/person\/6f6b28a030e15d619a82894773d6e7b9","name":"Marian Morosan","image":{"@type":"ImageObject","inLanguage":"ro-RO","@id":"https:\/\/secure.gravatar.com\/avatar\/2e833cc9ab99e6bca46266d4ad9030d308346ff7ff0b6b955c29b74cafaf064b?s=96&d=mm&r=g","url":"https:\/\/secure.gravatar.com\/avatar\/2e833cc9ab99e6bca46266d4ad9030d308346ff7ff0b6b955c29b74cafaf064b?s=96&d=mm&r=g","contentUrl":"https:\/\/secure.gravatar.com\/avatar\/2e833cc9ab99e6bca46266d4ad9030d308346ff7ff0b6b955c29b74cafaf064b?s=96&d=mm&r=g","caption":"Marian Morosan"},"description":"Copiilor no\u015ftri li se preg\u0103te\u015fte, incon\u015ftient, o lume de joben ciuruit, din care niciodat\u0103 nu iese iepura\u015ful. Doar panglicile politicilor sociale roase de moliile cu \u015ftaif din ultimele decenii. Suntem oropsi\u0163i, suntem dispera\u0163i, manipula\u0163i p\u00e2n\u0103 acolo \u00eenc\u00e2t ne bucur\u0103m s\u0103 fim masa de manevr\u0103 a unora \u015fi s\u0103 sus\u0163inem c\u0103 a\u015fa e normal. Acum \u00eel \u00een\u0163eleg pe Cioran, dar \u00eel \u00een\u0163eleg mai bine \u015fi pe Preda. \u015ei m\u0103 g\u00e2ndesc iar, cu groaz\u0103, la copilul meu. Cel pu\u0163in eu nu \u00eemi doresc s\u0103 \u015ftiu c\u0103 micu\u0163ul meu va fi singur, cu sufletul descul\u0163, prin jungla mileniului III ! https:\/\/curierulsatelor.ro\/wp\/2019\/10\/16\/cu-sufletul-descult-prin-jungla-mileniului-iii-editorial\/","sameAs":["http:\/\/admin"],"url":"https:\/\/curierulsatelor.ro\/wp\/author\/admin\/"}]}},"_links":{"self":[{"href":"https:\/\/curierulsatelor.ro\/wp\/wp-json\/wp\/v2\/posts\/6067","targetHints":{"allow":["GET"]}}],"collection":[{"href":"https:\/\/curierulsatelor.ro\/wp\/wp-json\/wp\/v2\/posts"}],"about":[{"href":"https:\/\/curierulsatelor.ro\/wp\/wp-json\/wp\/v2\/types\/post"}],"author":[{"embeddable":true,"href":"https:\/\/curierulsatelor.ro\/wp\/wp-json\/wp\/v2\/users\/1"}],"replies":[{"embeddable":true,"href":"https:\/\/curierulsatelor.ro\/wp\/wp-json\/wp\/v2\/comments?post=6067"}],"version-history":[{"count":1,"href":"https:\/\/curierulsatelor.ro\/wp\/wp-json\/wp\/v2\/posts\/6067\/revisions"}],"predecessor-version":[{"id":6069,"href":"https:\/\/curierulsatelor.ro\/wp\/wp-json\/wp\/v2\/posts\/6067\/revisions\/6069"}],"wp:featuredmedia":[{"embeddable":true,"href":"https:\/\/curierulsatelor.ro\/wp\/wp-json\/wp\/v2\/media\/6068"}],"wp:attachment":[{"href":"https:\/\/curierulsatelor.ro\/wp\/wp-json\/wp\/v2\/media?parent=6067"}],"wp:term":[{"taxonomy":"category","embeddable":true,"href":"https:\/\/curierulsatelor.ro\/wp\/wp-json\/wp\/v2\/categories?post=6067"},{"taxonomy":"post_tag","embeddable":true,"href":"https:\/\/curierulsatelor.ro\/wp\/wp-json\/wp\/v2\/tags?post=6067"}],"curies":[{"name":"wp","href":"https:\/\/api.w.org\/{rel}","templated":true}]}}