{"id":6267,"date":"2021-09-22T04:49:52","date_gmt":"2021-09-22T04:49:52","guid":{"rendered":"https:\/\/curierulsatelor.ro\/wp\/?p=6267"},"modified":"2021-09-22T04:49:53","modified_gmt":"2021-09-22T04:49:53","slug":"costea-consilier-alde-la-calarasi-ruptura-intre-realitatea-romanilor-si-cea-a-guvernantilor","status":"publish","type":"post","link":"https:\/\/curierulsatelor.ro\/wp\/2021\/09\/22\/costea-consilier-alde-la-calarasi-ruptura-intre-realitatea-romanilor-si-cea-a-guvernantilor\/","title":{"rendered":"Costea, consilier ALDE la C\u0103l\u0103ra\u0219i: Ruptur\u0103 \u00eentre realitatea rom\u00e2nilor \u0219i cea a guvernan\u021bilor!"},"content":{"rendered":"\n<p>Preocup\u0103rile rom\u00e2nilor sunt cu totul altele dec\u00e2t cele ale politicienilor afla\u021bi la putere!<\/p>\n\n\n\n<p>B\u0103t\u0103lia politic\u0103 este prea pu\u021bin important\u0103 pentru oameni. Lor le pas\u0103 de problemele reale: facturile majorate la energie, scumpirile \u00een lan\u021b, traiul tot mai greu, m\u0103surile de combatere a pandemiei etc.<\/p>\n\n\n\n<p>Acestea sunt adev\u0103ratele probleme ale oamenilor de care ar trebui s\u0103 se \u00eengrijeasc\u0103 cei care se afl\u0103 at\u00e2t la guvernare, c\u00e2t \u0219i \u00een Parlament.<\/p>\n\n\n\n<p>Sper ca dup\u0103 Congresul PNL din aceast\u0103 s\u0103pt\u0103m\u00e2n\u0103 lucrurile s\u0103 reintre \u00een normal, iar guvernul \u0219i partidele de guvern\u0103m\u00e2nt s\u0103 fie mai preocupate de oameni \u0219i mai pu\u021bin de b\u0103t\u0103liile politice. Suficient a fost pus\u0103 Rom\u00e2nia pe pauz\u0103 timp de 3 luni de zile.<\/p>\n\n\n\n<p>Pavel Costea \u2013 Consilier Local ALDE Comuna C\u0103l\u0103ra\u015fi<\/p>\n","protected":false},"excerpt":{"rendered":"<p>Preocup\u0103rile rom\u00e2nilor sunt cu totul altele dec\u00e2t cele ale politicienilor afla\u021bi la putere! B\u0103t\u0103lia politic\u0103&#8230;<\/p>\n","protected":false},"author":1,"featured_media":6268,"comment_status":"open","ping_status":"open","sticky":false,"template":"","format":"standard","meta":{"footnotes":""},"categories":[14,8],"tags":[],"class_list":["post-6267","post","type-post","status-publish","format-standard","has-post-thumbnail","hentry","category-alde","category-comunicate"],"yoast_head":"<!-- This site is optimized with the Yoast SEO plugin v27.4 - https:\/\/yoast.com\/product\/yoast-seo-wordpress\/ -->\n<title>Costea, consilier ALDE la C\u0103l\u0103ra\u0219i: Ruptur\u0103 \u00eentre realitatea rom\u00e2nilor \u0219i cea a guvernan\u021bilor! - Curierul Regional<\/title>\n<meta name=\"robots\" content=\"index, follow, max-snippet:-1, max-image-preview:large, max-video-preview:-1\" \/>\n<link rel=\"canonical\" href=\"https:\/\/curierulsatelor.ro\/wp\/2021\/09\/22\/costea-consilier-alde-la-calarasi-ruptura-intre-realitatea-romanilor-si-cea-a-guvernantilor\/\" \/>\n<meta property=\"og:locale\" content=\"ro_RO\" \/>\n<meta property=\"og:type\" content=\"article\" \/>\n<meta property=\"og:title\" content=\"Costea, consilier ALDE la C\u0103l\u0103ra\u0219i: Ruptur\u0103 \u00eentre realitatea rom\u00e2nilor \u0219i cea a guvernan\u021bilor! - Curierul Regional\" \/>\n<meta property=\"og:description\" content=\"Preocup\u0103rile rom\u00e2nilor sunt cu totul altele dec\u00e2t cele ale politicienilor afla\u021bi la putere! B\u0103t\u0103lia politic\u0103...\" \/>\n<meta property=\"og:url\" content=\"https:\/\/curierulsatelor.ro\/wp\/2021\/09\/22\/costea-consilier-alde-la-calarasi-ruptura-intre-realitatea-romanilor-si-cea-a-guvernantilor\/\" \/>\n<meta property=\"og:site_name\" content=\"Curierul Regional\" \/>\n<meta property=\"article:published_time\" content=\"2021-09-22T04:49:52+00:00\" \/>\n<meta property=\"article:modified_time\" content=\"2021-09-22T04:49:53+00:00\" \/>\n<meta property=\"og:image\" content=\"https:\/\/curierulsatelor.ro\/wp\/wp-content\/uploads\/2021\/09\/Pavel-Costea.jpeg\" \/>\n\t<meta property=\"og:image:width\" content=\"1078\" \/>\n\t<meta property=\"og:image:height\" content=\"880\" \/>\n\t<meta property=\"og:image:type\" content=\"image\/jpeg\" \/>\n<meta name=\"author\" content=\"Marian Morosan\" \/>\n<meta name=\"twitter:card\" content=\"summary_large_image\" \/>\n<meta name=\"twitter:label1\" content=\"Scris de\" \/>\n\t<meta name=\"twitter:data1\" content=\"Marian Morosan\" \/>\n\t<meta name=\"twitter:label2\" content=\"Timp estimat pentru citire\" \/>\n\t<meta name=\"twitter:data2\" content=\"1 minut\" \/>\n<script type=\"application\/ld+json\" class=\"yoast-schema-graph\">{\"@context\":\"https:\\\/\\\/schema.org\",\"@graph\":[{\"@type\":\"Article\",\"@id\":\"https:\\\/\\\/curierulsatelor.ro\\\/wp\\\/2021\\\/09\\\/22\\\/costea-consilier-alde-la-calarasi-ruptura-intre-realitatea-romanilor-si-cea-a-guvernantilor\\\/#article\",\"isPartOf\":{\"@id\":\"https:\\\/\\\/curierulsatelor.ro\\\/wp\\\/2021\\\/09\\\/22\\\/costea-consilier-alde-la-calarasi-ruptura-intre-realitatea-romanilor-si-cea-a-guvernantilor\\\/\"},\"author\":{\"name\":\"Marian Morosan\",\"@id\":\"https:\\\/\\\/curierulsatelor.ro\\\/wp\\\/#\\\/schema\\\/person\\\/6f6b28a030e15d619a82894773d6e7b9\"},\"headline\":\"Costea, consilier ALDE la C\u0103l\u0103ra\u0219i: Ruptur\u0103 \u00eentre realitatea rom\u00e2nilor \u0219i cea a guvernan\u021bilor!\",\"datePublished\":\"2021-09-22T04:49:52+00:00\",\"dateModified\":\"2021-09-22T04:49:53+00:00\",\"mainEntityOfPage\":{\"@id\":\"https:\\\/\\\/curierulsatelor.ro\\\/wp\\\/2021\\\/09\\\/22\\\/costea-consilier-alde-la-calarasi-ruptura-intre-realitatea-romanilor-si-cea-a-guvernantilor\\\/\"},\"wordCount\":159,\"commentCount\":0,\"publisher\":{\"@id\":\"https:\\\/\\\/curierulsatelor.ro\\\/wp\\\/#organization\"},\"image\":{\"@id\":\"https:\\\/\\\/curierulsatelor.ro\\\/wp\\\/2021\\\/09\\\/22\\\/costea-consilier-alde-la-calarasi-ruptura-intre-realitatea-romanilor-si-cea-a-guvernantilor\\\/#primaryimage\"},\"thumbnailUrl\":\"https:\\\/\\\/curierulsatelor.ro\\\/wp\\\/wp-content\\\/uploads\\\/2021\\\/09\\\/Pavel-Costea.jpeg\",\"articleSection\":[\"ALDE\",\"Comunicate\"],\"inLanguage\":\"ro-RO\",\"potentialAction\":[{\"@type\":\"CommentAction\",\"name\":\"Comment\",\"target\":[\"https:\\\/\\\/curierulsatelor.ro\\\/wp\\\/2021\\\/09\\\/22\\\/costea-consilier-alde-la-calarasi-ruptura-intre-realitatea-romanilor-si-cea-a-guvernantilor\\\/#respond\"]}]},{\"@type\":\"WebPage\",\"@id\":\"https:\\\/\\\/curierulsatelor.ro\\\/wp\\\/2021\\\/09\\\/22\\\/costea-consilier-alde-la-calarasi-ruptura-intre-realitatea-romanilor-si-cea-a-guvernantilor\\\/\",\"url\":\"https:\\\/\\\/curierulsatelor.ro\\\/wp\\\/2021\\\/09\\\/22\\\/costea-consilier-alde-la-calarasi-ruptura-intre-realitatea-romanilor-si-cea-a-guvernantilor\\\/\",\"name\":\"Costea, consilier ALDE la C\u0103l\u0103ra\u0219i: Ruptur\u0103 \u00eentre realitatea rom\u00e2nilor \u0219i cea a guvernan\u021bilor! - Curierul Regional\",\"isPartOf\":{\"@id\":\"https:\\\/\\\/curierulsatelor.ro\\\/wp\\\/#website\"},\"primaryImageOfPage\":{\"@id\":\"https:\\\/\\\/curierulsatelor.ro\\\/wp\\\/2021\\\/09\\\/22\\\/costea-consilier-alde-la-calarasi-ruptura-intre-realitatea-romanilor-si-cea-a-guvernantilor\\\/#primaryimage\"},\"image\":{\"@id\":\"https:\\\/\\\/curierulsatelor.ro\\\/wp\\\/2021\\\/09\\\/22\\\/costea-consilier-alde-la-calarasi-ruptura-intre-realitatea-romanilor-si-cea-a-guvernantilor\\\/#primaryimage\"},\"thumbnailUrl\":\"https:\\\/\\\/curierulsatelor.ro\\\/wp\\\/wp-content\\\/uploads\\\/2021\\\/09\\\/Pavel-Costea.jpeg\",\"datePublished\":\"2021-09-22T04:49:52+00:00\",\"dateModified\":\"2021-09-22T04:49:53+00:00\",\"breadcrumb\":{\"@id\":\"https:\\\/\\\/curierulsatelor.ro\\\/wp\\\/2021\\\/09\\\/22\\\/costea-consilier-alde-la-calarasi-ruptura-intre-realitatea-romanilor-si-cea-a-guvernantilor\\\/#breadcrumb\"},\"inLanguage\":\"ro-RO\",\"potentialAction\":[{\"@type\":\"ReadAction\",\"target\":[\"https:\\\/\\\/curierulsatelor.ro\\\/wp\\\/2021\\\/09\\\/22\\\/costea-consilier-alde-la-calarasi-ruptura-intre-realitatea-romanilor-si-cea-a-guvernantilor\\\/\"]}]},{\"@type\":\"ImageObject\",\"inLanguage\":\"ro-RO\",\"@id\":\"https:\\\/\\\/curierulsatelor.ro\\\/wp\\\/2021\\\/09\\\/22\\\/costea-consilier-alde-la-calarasi-ruptura-intre-realitatea-romanilor-si-cea-a-guvernantilor\\\/#primaryimage\",\"url\":\"https:\\\/\\\/curierulsatelor.ro\\\/wp\\\/wp-content\\\/uploads\\\/2021\\\/09\\\/Pavel-Costea.jpeg\",\"contentUrl\":\"https:\\\/\\\/curierulsatelor.ro\\\/wp\\\/wp-content\\\/uploads\\\/2021\\\/09\\\/Pavel-Costea.jpeg\",\"width\":1078,\"height\":880},{\"@type\":\"BreadcrumbList\",\"@id\":\"https:\\\/\\\/curierulsatelor.ro\\\/wp\\\/2021\\\/09\\\/22\\\/costea-consilier-alde-la-calarasi-ruptura-intre-realitatea-romanilor-si-cea-a-guvernantilor\\\/#breadcrumb\",\"itemListElement\":[{\"@type\":\"ListItem\",\"position\":1,\"name\":\"Prima pagin\u0103\",\"item\":\"https:\\\/\\\/curierulsatelor.ro\\\/wp\\\/\"},{\"@type\":\"ListItem\",\"position\":2,\"name\":\"Costea, consilier ALDE la C\u0103l\u0103ra\u0219i: Ruptur\u0103 \u00eentre realitatea rom\u00e2nilor \u0219i cea a guvernan\u021bilor!\"}]},{\"@type\":\"WebSite\",\"@id\":\"https:\\\/\\\/curierulsatelor.ro\\\/wp\\\/#website\",\"url\":\"https:\\\/\\\/curierulsatelor.ro\\\/wp\\\/\",\"name\":\"Curierul Regional\",\"description\":\"\",\"publisher\":{\"@id\":\"https:\\\/\\\/curierulsatelor.ro\\\/wp\\\/#organization\"},\"potentialAction\":[{\"@type\":\"SearchAction\",\"target\":{\"@type\":\"EntryPoint\",\"urlTemplate\":\"https:\\\/\\\/curierulsatelor.ro\\\/wp\\\/?s={search_term_string}\"},\"query-input\":{\"@type\":\"PropertyValueSpecification\",\"valueRequired\":true,\"valueName\":\"search_term_string\"}}],\"inLanguage\":\"ro-RO\"},{\"@type\":\"Organization\",\"@id\":\"https:\\\/\\\/curierulsatelor.ro\\\/wp\\\/#organization\",\"name\":\"Curierul Regional\",\"url\":\"https:\\\/\\\/curierulsatelor.ro\\\/wp\\\/\",\"logo\":{\"@type\":\"ImageObject\",\"inLanguage\":\"ro-RO\",\"@id\":\"https:\\\/\\\/curierulsatelor.ro\\\/wp\\\/#\\\/schema\\\/logo\\\/image\\\/\",\"url\":\"https:\\\/\\\/curierulsatelor.ro\\\/wp\\\/wp-content\\\/uploads\\\/2020\\\/01\\\/Curierul-Regional-si-Curierul-satelor-logo-header.png\",\"contentUrl\":\"https:\\\/\\\/curierulsatelor.ro\\\/wp\\\/wp-content\\\/uploads\\\/2020\\\/01\\\/Curierul-Regional-si-Curierul-satelor-logo-header.png\",\"width\":2943,\"height\":685,\"caption\":\"Curierul Regional\"},\"image\":{\"@id\":\"https:\\\/\\\/curierulsatelor.ro\\\/wp\\\/#\\\/schema\\\/logo\\\/image\\\/\"}},{\"@type\":\"Person\",\"@id\":\"https:\\\/\\\/curierulsatelor.ro\\\/wp\\\/#\\\/schema\\\/person\\\/6f6b28a030e15d619a82894773d6e7b9\",\"name\":\"Marian Morosan\",\"image\":{\"@type\":\"ImageObject\",\"inLanguage\":\"ro-RO\",\"@id\":\"https:\\\/\\\/secure.gravatar.com\\\/avatar\\\/2e833cc9ab99e6bca46266d4ad9030d308346ff7ff0b6b955c29b74cafaf064b?s=96&d=mm&r=g\",\"url\":\"https:\\\/\\\/secure.gravatar.com\\\/avatar\\\/2e833cc9ab99e6bca46266d4ad9030d308346ff7ff0b6b955c29b74cafaf064b?s=96&d=mm&r=g\",\"contentUrl\":\"https:\\\/\\\/secure.gravatar.com\\\/avatar\\\/2e833cc9ab99e6bca46266d4ad9030d308346ff7ff0b6b955c29b74cafaf064b?s=96&d=mm&r=g\",\"caption\":\"Marian Morosan\"},\"description\":\"Copiilor no\u015ftri li se preg\u0103te\u015fte, incon\u015ftient, o lume de joben ciuruit, din care niciodat\u0103 nu iese iepura\u015ful. Doar panglicile politicilor sociale roase de moliile cu \u015ftaif din ultimele decenii. Suntem oropsi\u0163i, suntem dispera\u0163i, manipula\u0163i p\u00e2n\u0103 acolo \u00eenc\u00e2t ne bucur\u0103m s\u0103 fim masa de manevr\u0103 a unora \u015fi s\u0103 sus\u0163inem c\u0103 a\u015fa e normal. Acum \u00eel \u00een\u0163eleg pe Cioran, dar \u00eel \u00een\u0163eleg mai bine \u015fi pe Preda. \u015ei m\u0103 g\u00e2ndesc iar, cu groaz\u0103, la copilul meu. Cel pu\u0163in eu nu \u00eemi doresc s\u0103 \u015ftiu c\u0103 micu\u0163ul meu va fi singur, cu sufletul descul\u0163, prin jungla mileniului III ! https:\\\/\\\/curierulsatelor.ro\\\/wp\\\/2019\\\/10\\\/16\\\/cu-sufletul-descult-prin-jungla-mileniului-iii-editorial\\\/\",\"sameAs\":[\"http:\\\/\\\/admin\"],\"url\":\"https:\\\/\\\/curierulsatelor.ro\\\/wp\\\/author\\\/admin\\\/\"}]}<\/script>\n<!-- \/ Yoast SEO plugin. -->","yoast_head_json":{"title":"Costea, consilier ALDE la C\u0103l\u0103ra\u0219i: Ruptur\u0103 \u00eentre realitatea rom\u00e2nilor \u0219i cea a guvernan\u021bilor! - Curierul Regional","robots":{"index":"index","follow":"follow","max-snippet":"max-snippet:-1","max-image-preview":"max-image-preview:large","max-video-preview":"max-video-preview:-1"},"canonical":"https:\/\/curierulsatelor.ro\/wp\/2021\/09\/22\/costea-consilier-alde-la-calarasi-ruptura-intre-realitatea-romanilor-si-cea-a-guvernantilor\/","og_locale":"ro_RO","og_type":"article","og_title":"Costea, consilier ALDE la C\u0103l\u0103ra\u0219i: Ruptur\u0103 \u00eentre realitatea rom\u00e2nilor \u0219i cea a guvernan\u021bilor! - Curierul Regional","og_description":"Preocup\u0103rile rom\u00e2nilor sunt cu totul altele dec\u00e2t cele ale politicienilor afla\u021bi la putere! B\u0103t\u0103lia politic\u0103...","og_url":"https:\/\/curierulsatelor.ro\/wp\/2021\/09\/22\/costea-consilier-alde-la-calarasi-ruptura-intre-realitatea-romanilor-si-cea-a-guvernantilor\/","og_site_name":"Curierul Regional","article_published_time":"2021-09-22T04:49:52+00:00","article_modified_time":"2021-09-22T04:49:53+00:00","og_image":[{"width":1078,"height":880,"url":"https:\/\/curierulsatelor.ro\/wp\/wp-content\/uploads\/2021\/09\/Pavel-Costea.jpeg","type":"image\/jpeg"}],"author":"Marian Morosan","twitter_card":"summary_large_image","twitter_misc":{"Scris de":"Marian Morosan","Timp estimat pentru citire":"1 minut"},"schema":{"@context":"https:\/\/schema.org","@graph":[{"@type":"Article","@id":"https:\/\/curierulsatelor.ro\/wp\/2021\/09\/22\/costea-consilier-alde-la-calarasi-ruptura-intre-realitatea-romanilor-si-cea-a-guvernantilor\/#article","isPartOf":{"@id":"https:\/\/curierulsatelor.ro\/wp\/2021\/09\/22\/costea-consilier-alde-la-calarasi-ruptura-intre-realitatea-romanilor-si-cea-a-guvernantilor\/"},"author":{"name":"Marian Morosan","@id":"https:\/\/curierulsatelor.ro\/wp\/#\/schema\/person\/6f6b28a030e15d619a82894773d6e7b9"},"headline":"Costea, consilier ALDE la C\u0103l\u0103ra\u0219i: Ruptur\u0103 \u00eentre realitatea rom\u00e2nilor \u0219i cea a guvernan\u021bilor!","datePublished":"2021-09-22T04:49:52+00:00","dateModified":"2021-09-22T04:49:53+00:00","mainEntityOfPage":{"@id":"https:\/\/curierulsatelor.ro\/wp\/2021\/09\/22\/costea-consilier-alde-la-calarasi-ruptura-intre-realitatea-romanilor-si-cea-a-guvernantilor\/"},"wordCount":159,"commentCount":0,"publisher":{"@id":"https:\/\/curierulsatelor.ro\/wp\/#organization"},"image":{"@id":"https:\/\/curierulsatelor.ro\/wp\/2021\/09\/22\/costea-consilier-alde-la-calarasi-ruptura-intre-realitatea-romanilor-si-cea-a-guvernantilor\/#primaryimage"},"thumbnailUrl":"https:\/\/curierulsatelor.ro\/wp\/wp-content\/uploads\/2021\/09\/Pavel-Costea.jpeg","articleSection":["ALDE","Comunicate"],"inLanguage":"ro-RO","potentialAction":[{"@type":"CommentAction","name":"Comment","target":["https:\/\/curierulsatelor.ro\/wp\/2021\/09\/22\/costea-consilier-alde-la-calarasi-ruptura-intre-realitatea-romanilor-si-cea-a-guvernantilor\/#respond"]}]},{"@type":"WebPage","@id":"https:\/\/curierulsatelor.ro\/wp\/2021\/09\/22\/costea-consilier-alde-la-calarasi-ruptura-intre-realitatea-romanilor-si-cea-a-guvernantilor\/","url":"https:\/\/curierulsatelor.ro\/wp\/2021\/09\/22\/costea-consilier-alde-la-calarasi-ruptura-intre-realitatea-romanilor-si-cea-a-guvernantilor\/","name":"Costea, consilier ALDE la C\u0103l\u0103ra\u0219i: Ruptur\u0103 \u00eentre realitatea rom\u00e2nilor \u0219i cea a guvernan\u021bilor! - Curierul Regional","isPartOf":{"@id":"https:\/\/curierulsatelor.ro\/wp\/#website"},"primaryImageOfPage":{"@id":"https:\/\/curierulsatelor.ro\/wp\/2021\/09\/22\/costea-consilier-alde-la-calarasi-ruptura-intre-realitatea-romanilor-si-cea-a-guvernantilor\/#primaryimage"},"image":{"@id":"https:\/\/curierulsatelor.ro\/wp\/2021\/09\/22\/costea-consilier-alde-la-calarasi-ruptura-intre-realitatea-romanilor-si-cea-a-guvernantilor\/#primaryimage"},"thumbnailUrl":"https:\/\/curierulsatelor.ro\/wp\/wp-content\/uploads\/2021\/09\/Pavel-Costea.jpeg","datePublished":"2021-09-22T04:49:52+00:00","dateModified":"2021-09-22T04:49:53+00:00","breadcrumb":{"@id":"https:\/\/curierulsatelor.ro\/wp\/2021\/09\/22\/costea-consilier-alde-la-calarasi-ruptura-intre-realitatea-romanilor-si-cea-a-guvernantilor\/#breadcrumb"},"inLanguage":"ro-RO","potentialAction":[{"@type":"ReadAction","target":["https:\/\/curierulsatelor.ro\/wp\/2021\/09\/22\/costea-consilier-alde-la-calarasi-ruptura-intre-realitatea-romanilor-si-cea-a-guvernantilor\/"]}]},{"@type":"ImageObject","inLanguage":"ro-RO","@id":"https:\/\/curierulsatelor.ro\/wp\/2021\/09\/22\/costea-consilier-alde-la-calarasi-ruptura-intre-realitatea-romanilor-si-cea-a-guvernantilor\/#primaryimage","url":"https:\/\/curierulsatelor.ro\/wp\/wp-content\/uploads\/2021\/09\/Pavel-Costea.jpeg","contentUrl":"https:\/\/curierulsatelor.ro\/wp\/wp-content\/uploads\/2021\/09\/Pavel-Costea.jpeg","width":1078,"height":880},{"@type":"BreadcrumbList","@id":"https:\/\/curierulsatelor.ro\/wp\/2021\/09\/22\/costea-consilier-alde-la-calarasi-ruptura-intre-realitatea-romanilor-si-cea-a-guvernantilor\/#breadcrumb","itemListElement":[{"@type":"ListItem","position":1,"name":"Prima pagin\u0103","item":"https:\/\/curierulsatelor.ro\/wp\/"},{"@type":"ListItem","position":2,"name":"Costea, consilier ALDE la C\u0103l\u0103ra\u0219i: Ruptur\u0103 \u00eentre realitatea rom\u00e2nilor \u0219i cea a guvernan\u021bilor!"}]},{"@type":"WebSite","@id":"https:\/\/curierulsatelor.ro\/wp\/#website","url":"https:\/\/curierulsatelor.ro\/wp\/","name":"Curierul Regional","description":"","publisher":{"@id":"https:\/\/curierulsatelor.ro\/wp\/#organization"},"potentialAction":[{"@type":"SearchAction","target":{"@type":"EntryPoint","urlTemplate":"https:\/\/curierulsatelor.ro\/wp\/?s={search_term_string}"},"query-input":{"@type":"PropertyValueSpecification","valueRequired":true,"valueName":"search_term_string"}}],"inLanguage":"ro-RO"},{"@type":"Organization","@id":"https:\/\/curierulsatelor.ro\/wp\/#organization","name":"Curierul Regional","url":"https:\/\/curierulsatelor.ro\/wp\/","logo":{"@type":"ImageObject","inLanguage":"ro-RO","@id":"https:\/\/curierulsatelor.ro\/wp\/#\/schema\/logo\/image\/","url":"https:\/\/curierulsatelor.ro\/wp\/wp-content\/uploads\/2020\/01\/Curierul-Regional-si-Curierul-satelor-logo-header.png","contentUrl":"https:\/\/curierulsatelor.ro\/wp\/wp-content\/uploads\/2020\/01\/Curierul-Regional-si-Curierul-satelor-logo-header.png","width":2943,"height":685,"caption":"Curierul Regional"},"image":{"@id":"https:\/\/curierulsatelor.ro\/wp\/#\/schema\/logo\/image\/"}},{"@type":"Person","@id":"https:\/\/curierulsatelor.ro\/wp\/#\/schema\/person\/6f6b28a030e15d619a82894773d6e7b9","name":"Marian Morosan","image":{"@type":"ImageObject","inLanguage":"ro-RO","@id":"https:\/\/secure.gravatar.com\/avatar\/2e833cc9ab99e6bca46266d4ad9030d308346ff7ff0b6b955c29b74cafaf064b?s=96&d=mm&r=g","url":"https:\/\/secure.gravatar.com\/avatar\/2e833cc9ab99e6bca46266d4ad9030d308346ff7ff0b6b955c29b74cafaf064b?s=96&d=mm&r=g","contentUrl":"https:\/\/secure.gravatar.com\/avatar\/2e833cc9ab99e6bca46266d4ad9030d308346ff7ff0b6b955c29b74cafaf064b?s=96&d=mm&r=g","caption":"Marian Morosan"},"description":"Copiilor no\u015ftri li se preg\u0103te\u015fte, incon\u015ftient, o lume de joben ciuruit, din care niciodat\u0103 nu iese iepura\u015ful. Doar panglicile politicilor sociale roase de moliile cu \u015ftaif din ultimele decenii. Suntem oropsi\u0163i, suntem dispera\u0163i, manipula\u0163i p\u00e2n\u0103 acolo \u00eenc\u00e2t ne bucur\u0103m s\u0103 fim masa de manevr\u0103 a unora \u015fi s\u0103 sus\u0163inem c\u0103 a\u015fa e normal. Acum \u00eel \u00een\u0163eleg pe Cioran, dar \u00eel \u00een\u0163eleg mai bine \u015fi pe Preda. \u015ei m\u0103 g\u00e2ndesc iar, cu groaz\u0103, la copilul meu. Cel pu\u0163in eu nu \u00eemi doresc s\u0103 \u015ftiu c\u0103 micu\u0163ul meu va fi singur, cu sufletul descul\u0163, prin jungla mileniului III ! https:\/\/curierulsatelor.ro\/wp\/2019\/10\/16\/cu-sufletul-descult-prin-jungla-mileniului-iii-editorial\/","sameAs":["http:\/\/admin"],"url":"https:\/\/curierulsatelor.ro\/wp\/author\/admin\/"}]}},"_links":{"self":[{"href":"https:\/\/curierulsatelor.ro\/wp\/wp-json\/wp\/v2\/posts\/6267","targetHints":{"allow":["GET"]}}],"collection":[{"href":"https:\/\/curierulsatelor.ro\/wp\/wp-json\/wp\/v2\/posts"}],"about":[{"href":"https:\/\/curierulsatelor.ro\/wp\/wp-json\/wp\/v2\/types\/post"}],"author":[{"embeddable":true,"href":"https:\/\/curierulsatelor.ro\/wp\/wp-json\/wp\/v2\/users\/1"}],"replies":[{"embeddable":true,"href":"https:\/\/curierulsatelor.ro\/wp\/wp-json\/wp\/v2\/comments?post=6267"}],"version-history":[{"count":1,"href":"https:\/\/curierulsatelor.ro\/wp\/wp-json\/wp\/v2\/posts\/6267\/revisions"}],"predecessor-version":[{"id":6269,"href":"https:\/\/curierulsatelor.ro\/wp\/wp-json\/wp\/v2\/posts\/6267\/revisions\/6269"}],"wp:featuredmedia":[{"embeddable":true,"href":"https:\/\/curierulsatelor.ro\/wp\/wp-json\/wp\/v2\/media\/6268"}],"wp:attachment":[{"href":"https:\/\/curierulsatelor.ro\/wp\/wp-json\/wp\/v2\/media?parent=6267"}],"wp:term":[{"taxonomy":"category","embeddable":true,"href":"https:\/\/curierulsatelor.ro\/wp\/wp-json\/wp\/v2\/categories?post=6267"},{"taxonomy":"post_tag","embeddable":true,"href":"https:\/\/curierulsatelor.ro\/wp\/wp-json\/wp\/v2\/tags?post=6267"}],"curies":[{"name":"wp","href":"https:\/\/api.w.org\/{rel}","templated":true}]}}