{"id":6485,"date":"2021-10-14T04:39:42","date_gmt":"2021-10-14T04:39:42","guid":{"rendered":"https:\/\/curierulsatelor.ro\/wp\/?p=6485"},"modified":"2021-10-14T04:39:43","modified_gmt":"2021-10-14T04:39:43","slug":"pavel-consilier-alde-unteni-romania-bate-un-nou-record-cea-mai-mare-inflatie-din-ultimii-11-ani","status":"publish","type":"post","link":"https:\/\/curierulsatelor.ro\/wp\/2021\/10\/14\/pavel-consilier-alde-unteni-romania-bate-un-nou-record-cea-mai-mare-inflatie-din-ultimii-11-ani\/","title":{"rendered":"Pavel, consilier ALDE Un\u021beni: Rom\u00e2nia bate un nou record: cea mai mare infla\u021bie din ultimii 11 ani!"},"content":{"rendered":"\n<p>Rom\u00e2nia a b\u0103tut un nou record \u0219i \u00een plan economic, nu doar \u00een cazul infect\u0103rilor cu Covid-19 sau al deceselor din cauza acestui virus distructiv. Infla\u021bia pe luna septembrie a ajuns la 6,3%, \u00een cre\u0219tere cu 16% fa\u021b\u0103 de luna august 2021 (c\u00e2nd a fost 5,3%) \u0219i cu 139% fa\u021b\u0103 de luna decembrie 2020 (c\u00e2nd era 2,6%). La aceste cifre se adaug\u0103 \u0219i sc\u0103derea veniturilor. Salariul mediu net a sc\u0103zut \u00een august \u0219i el cu 58 de lei fa\u021b\u0103 de luna iulie.<\/p>\n\n\n\n<p>Suntem \u00een aceast\u0103 situa\u021bie neagr\u0103 pentru rom\u00e2ni din cauza crizelor continue pe care le travers\u0103m. Pe l\u00e2ng\u0103 criza sanitar\u0103, care a dus la o criz\u0103 economic\u0103, cei care azi sunt \u00een Parlament au creat artificial \u0219i o criz\u0103 politic\u0103.<\/p>\n\n\n\n<p>Incertitudinea care plute\u0219te \u00een aer face ca lucrurile s\u0103 nu fie clare cu privire la viitor. Acest lucru genereaz\u0103 tensiuni sociale, iar \u00een unele cazuri drame sociale.<\/p>\n\n\n\n<p>Suntem \u00eentr-o situa\u021bie \u00een care avem oameni care nu se vaccineaz\u0103, lucru ce pune presiune pe spitalele din \u00eentreaga \u021bar\u0103. Sunt, de asemenea, presiuni mari pe bugetul \u021b\u0103rii, dar \u0219i al comunit\u0103\u021bilor locale. \u00cen fa\u021ba acestor crize, statul pare incapabil s\u0103 reac\u021bioneze. Ar fi \u0219i greu s\u0103 reac\u021bioneze at\u00e2ta vreme c\u00e2t Rom\u00e2nia nu are un Guvern cu puteri depline.<\/p>\n\n\n\n<p>P\u00e2n\u0103 nu se stabilizeaz\u0103 situa\u021bia medical\u0103, cea politic\u0103 \u0219i cea economic\u0103 avem acest risc infla\u021bionist. De infla\u021bie nu putem s\u0103 sc\u0103p\u0103m foarte u\u0219or, iar cei mai afecta\u021bi de infla\u021bie sunt cei cu venituri reduse, care nu se pot proteja \u00een fa\u021ba acestui fenomen.<\/p>\n\n\n\n<p>Infla\u021bia accentueaz\u0103 inegalit\u0103\u021bile sociale \u0219i s\u0103r\u0103ce\u0219te popula\u021bia. Aceast\u0103 s\u0103r\u0103cire a popula\u021biei \u00eenseamn\u0103 sc\u0103derea puterii de cump\u0103rare care duce mai departe la reducerea consumului. Mai departe ajungem la o c\u0103dere economic\u0103.<\/p>\n\n\n\n<p>Lucrurile nu arat\u0103 deloc bine \u00een Rom\u00e2nia azi \u0219i nici nu sunt perspective pozitive pentru viitor. M\u0103 g\u00e2ndesc cu groaz\u0103 la perioada urm\u0103toare. Mi-e team\u0103 c\u0103 vom vedea oameni care vor m\u00e2nca mai prost calitativ \u0219i mai ieftin, f\u0103r\u0103 s\u0103 conteze c\u0103 le afecteaz\u0103 s\u0103n\u0103tatea. Mai groaz\u0103 \u00eemi este de aceast\u0103 iarn\u0103, atunci c\u00e2nd vom vedea oameni care vor \u00eenc\u0103lzi doar o camer\u0103 \u0219i nu toat\u0103 casa doar pentru a nu pl\u0103ti mult la energie. O s\u0103 vedem iar oameni care vor ajunge s\u0103 \u00eenchid\u0103 c\u0103ldura \u0219i s\u0103 foloseasc\u0103 aragazul sau aeroterma pentru a se \u00eenc\u0103lzi.<\/p>\n\n\n\n<p>Viitorul nu este deloc unul roz! De aceea, \u00een aceast\u0103 perioad\u0103, cei care au \u00een m\u00e2ini puterea de decizie ar trebui s\u0103 ac\u021bioneze responsabil, s\u0103 se g\u00e2ndeasc\u0103 la binele rom\u00e2nilor \u0219i mai pu\u021bin la jocurile lor politice. Politicienii au \u00een propriile m\u00e2ini m\u0103car \u00eencheierea crizei politice \u00een care ne-au afundat.<\/p>\n\n\n\n<p>Dac\u0103 responsabilitatea va fi doar de fa\u021bad\u0103, atunci cei care vor pl\u0103ti toat\u0103 aceast\u0103 incon\u0219tien\u021b\u0103 a parlamentarilor vor fi rom\u00e2nii! Nu vreau s\u0103 m\u0103 g\u00e2ndesc la ce consecin\u021be vor urma dac\u0103 aceast\u0103 criz\u0103 politic\u0103 va fi prelungit\u0103 la nesf\u00e2r\u0219it.<\/p>\n\n\n\n<p>Petru Pavel \u2013 Consilier Local ALDE Comuna Un\u0163eni<\/p>\n","protected":false},"excerpt":{"rendered":"<p>Rom\u00e2nia a b\u0103tut un nou record \u0219i \u00een plan economic, nu doar \u00een cazul infect\u0103rilor&#8230;<\/p>\n","protected":false},"author":1,"featured_media":6486,"comment_status":"open","ping_status":"open","sticky":false,"template":"","format":"standard","meta":{"footnotes":""},"categories":[14,8],"tags":[],"class_list":["post-6485","post","type-post","status-publish","format-standard","has-post-thumbnail","hentry","category-alde","category-comunicate"],"yoast_head":"<!-- This site is optimized with the Yoast SEO plugin v27.4 - https:\/\/yoast.com\/product\/yoast-seo-wordpress\/ -->\n<title>Pavel, consilier ALDE Un\u021beni: Rom\u00e2nia bate un nou record: cea mai mare infla\u021bie din ultimii 11 ani! - Curierul Regional<\/title>\n<meta name=\"robots\" content=\"index, follow, max-snippet:-1, max-image-preview:large, max-video-preview:-1\" \/>\n<link rel=\"canonical\" href=\"https:\/\/curierulsatelor.ro\/wp\/2021\/10\/14\/pavel-consilier-alde-unteni-romania-bate-un-nou-record-cea-mai-mare-inflatie-din-ultimii-11-ani\/\" \/>\n<meta property=\"og:locale\" content=\"ro_RO\" \/>\n<meta property=\"og:type\" content=\"article\" \/>\n<meta property=\"og:title\" content=\"Pavel, consilier ALDE Un\u021beni: Rom\u00e2nia bate un nou record: cea mai mare infla\u021bie din ultimii 11 ani! - Curierul Regional\" \/>\n<meta property=\"og:description\" content=\"Rom\u00e2nia a b\u0103tut un nou record \u0219i \u00een plan economic, nu doar \u00een cazul infect\u0103rilor...\" \/>\n<meta property=\"og:url\" content=\"https:\/\/curierulsatelor.ro\/wp\/2021\/10\/14\/pavel-consilier-alde-unteni-romania-bate-un-nou-record-cea-mai-mare-inflatie-din-ultimii-11-ani\/\" \/>\n<meta property=\"og:site_name\" content=\"Curierul Regional\" \/>\n<meta property=\"article:published_time\" content=\"2021-10-14T04:39:42+00:00\" \/>\n<meta property=\"article:modified_time\" content=\"2021-10-14T04:39:43+00:00\" \/>\n<meta property=\"og:image\" content=\"https:\/\/curierulsatelor.ro\/wp\/wp-content\/uploads\/2021\/10\/Pavel-Petru.jpeg\" \/>\n\t<meta property=\"og:image:width\" content=\"924\" \/>\n\t<meta property=\"og:image:height\" content=\"522\" \/>\n\t<meta property=\"og:image:type\" content=\"image\/jpeg\" \/>\n<meta name=\"author\" content=\"Marian Morosan\" \/>\n<meta name=\"twitter:card\" content=\"summary_large_image\" \/>\n<meta name=\"twitter:label1\" content=\"Scris de\" \/>\n\t<meta name=\"twitter:data1\" content=\"Marian Morosan\" \/>\n\t<meta name=\"twitter:label2\" content=\"Timp estimat pentru citire\" \/>\n\t<meta name=\"twitter:data2\" content=\"3 minute\" \/>\n<script type=\"application\/ld+json\" class=\"yoast-schema-graph\">{\"@context\":\"https:\\\/\\\/schema.org\",\"@graph\":[{\"@type\":\"Article\",\"@id\":\"https:\\\/\\\/curierulsatelor.ro\\\/wp\\\/2021\\\/10\\\/14\\\/pavel-consilier-alde-unteni-romania-bate-un-nou-record-cea-mai-mare-inflatie-din-ultimii-11-ani\\\/#article\",\"isPartOf\":{\"@id\":\"https:\\\/\\\/curierulsatelor.ro\\\/wp\\\/2021\\\/10\\\/14\\\/pavel-consilier-alde-unteni-romania-bate-un-nou-record-cea-mai-mare-inflatie-din-ultimii-11-ani\\\/\"},\"author\":{\"name\":\"Marian Morosan\",\"@id\":\"https:\\\/\\\/curierulsatelor.ro\\\/wp\\\/#\\\/schema\\\/person\\\/6f6b28a030e15d619a82894773d6e7b9\"},\"headline\":\"Pavel, consilier ALDE Un\u021beni: Rom\u00e2nia bate un nou record: cea mai mare infla\u021bie din ultimii 11 ani!\",\"datePublished\":\"2021-10-14T04:39:42+00:00\",\"dateModified\":\"2021-10-14T04:39:43+00:00\",\"mainEntityOfPage\":{\"@id\":\"https:\\\/\\\/curierulsatelor.ro\\\/wp\\\/2021\\\/10\\\/14\\\/pavel-consilier-alde-unteni-romania-bate-un-nou-record-cea-mai-mare-inflatie-din-ultimii-11-ani\\\/\"},\"wordCount\":555,\"commentCount\":0,\"publisher\":{\"@id\":\"https:\\\/\\\/curierulsatelor.ro\\\/wp\\\/#organization\"},\"image\":{\"@id\":\"https:\\\/\\\/curierulsatelor.ro\\\/wp\\\/2021\\\/10\\\/14\\\/pavel-consilier-alde-unteni-romania-bate-un-nou-record-cea-mai-mare-inflatie-din-ultimii-11-ani\\\/#primaryimage\"},\"thumbnailUrl\":\"https:\\\/\\\/curierulsatelor.ro\\\/wp\\\/wp-content\\\/uploads\\\/2021\\\/10\\\/Pavel-Petru.jpeg\",\"articleSection\":[\"ALDE\",\"Comunicate\"],\"inLanguage\":\"ro-RO\",\"potentialAction\":[{\"@type\":\"CommentAction\",\"name\":\"Comment\",\"target\":[\"https:\\\/\\\/curierulsatelor.ro\\\/wp\\\/2021\\\/10\\\/14\\\/pavel-consilier-alde-unteni-romania-bate-un-nou-record-cea-mai-mare-inflatie-din-ultimii-11-ani\\\/#respond\"]}]},{\"@type\":\"WebPage\",\"@id\":\"https:\\\/\\\/curierulsatelor.ro\\\/wp\\\/2021\\\/10\\\/14\\\/pavel-consilier-alde-unteni-romania-bate-un-nou-record-cea-mai-mare-inflatie-din-ultimii-11-ani\\\/\",\"url\":\"https:\\\/\\\/curierulsatelor.ro\\\/wp\\\/2021\\\/10\\\/14\\\/pavel-consilier-alde-unteni-romania-bate-un-nou-record-cea-mai-mare-inflatie-din-ultimii-11-ani\\\/\",\"name\":\"Pavel, consilier ALDE Un\u021beni: Rom\u00e2nia bate un nou record: cea mai mare infla\u021bie din ultimii 11 ani! - Curierul Regional\",\"isPartOf\":{\"@id\":\"https:\\\/\\\/curierulsatelor.ro\\\/wp\\\/#website\"},\"primaryImageOfPage\":{\"@id\":\"https:\\\/\\\/curierulsatelor.ro\\\/wp\\\/2021\\\/10\\\/14\\\/pavel-consilier-alde-unteni-romania-bate-un-nou-record-cea-mai-mare-inflatie-din-ultimii-11-ani\\\/#primaryimage\"},\"image\":{\"@id\":\"https:\\\/\\\/curierulsatelor.ro\\\/wp\\\/2021\\\/10\\\/14\\\/pavel-consilier-alde-unteni-romania-bate-un-nou-record-cea-mai-mare-inflatie-din-ultimii-11-ani\\\/#primaryimage\"},\"thumbnailUrl\":\"https:\\\/\\\/curierulsatelor.ro\\\/wp\\\/wp-content\\\/uploads\\\/2021\\\/10\\\/Pavel-Petru.jpeg\",\"datePublished\":\"2021-10-14T04:39:42+00:00\",\"dateModified\":\"2021-10-14T04:39:43+00:00\",\"breadcrumb\":{\"@id\":\"https:\\\/\\\/curierulsatelor.ro\\\/wp\\\/2021\\\/10\\\/14\\\/pavel-consilier-alde-unteni-romania-bate-un-nou-record-cea-mai-mare-inflatie-din-ultimii-11-ani\\\/#breadcrumb\"},\"inLanguage\":\"ro-RO\",\"potentialAction\":[{\"@type\":\"ReadAction\",\"target\":[\"https:\\\/\\\/curierulsatelor.ro\\\/wp\\\/2021\\\/10\\\/14\\\/pavel-consilier-alde-unteni-romania-bate-un-nou-record-cea-mai-mare-inflatie-din-ultimii-11-ani\\\/\"]}]},{\"@type\":\"ImageObject\",\"inLanguage\":\"ro-RO\",\"@id\":\"https:\\\/\\\/curierulsatelor.ro\\\/wp\\\/2021\\\/10\\\/14\\\/pavel-consilier-alde-unteni-romania-bate-un-nou-record-cea-mai-mare-inflatie-din-ultimii-11-ani\\\/#primaryimage\",\"url\":\"https:\\\/\\\/curierulsatelor.ro\\\/wp\\\/wp-content\\\/uploads\\\/2021\\\/10\\\/Pavel-Petru.jpeg\",\"contentUrl\":\"https:\\\/\\\/curierulsatelor.ro\\\/wp\\\/wp-content\\\/uploads\\\/2021\\\/10\\\/Pavel-Petru.jpeg\",\"width\":924,\"height\":522},{\"@type\":\"BreadcrumbList\",\"@id\":\"https:\\\/\\\/curierulsatelor.ro\\\/wp\\\/2021\\\/10\\\/14\\\/pavel-consilier-alde-unteni-romania-bate-un-nou-record-cea-mai-mare-inflatie-din-ultimii-11-ani\\\/#breadcrumb\",\"itemListElement\":[{\"@type\":\"ListItem\",\"position\":1,\"name\":\"Prima pagin\u0103\",\"item\":\"https:\\\/\\\/curierulsatelor.ro\\\/wp\\\/\"},{\"@type\":\"ListItem\",\"position\":2,\"name\":\"Pavel, consilier ALDE Un\u021beni: Rom\u00e2nia bate un nou record: cea mai mare infla\u021bie din ultimii 11 ani!\"}]},{\"@type\":\"WebSite\",\"@id\":\"https:\\\/\\\/curierulsatelor.ro\\\/wp\\\/#website\",\"url\":\"https:\\\/\\\/curierulsatelor.ro\\\/wp\\\/\",\"name\":\"Curierul Regional\",\"description\":\"\",\"publisher\":{\"@id\":\"https:\\\/\\\/curierulsatelor.ro\\\/wp\\\/#organization\"},\"potentialAction\":[{\"@type\":\"SearchAction\",\"target\":{\"@type\":\"EntryPoint\",\"urlTemplate\":\"https:\\\/\\\/curierulsatelor.ro\\\/wp\\\/?s={search_term_string}\"},\"query-input\":{\"@type\":\"PropertyValueSpecification\",\"valueRequired\":true,\"valueName\":\"search_term_string\"}}],\"inLanguage\":\"ro-RO\"},{\"@type\":\"Organization\",\"@id\":\"https:\\\/\\\/curierulsatelor.ro\\\/wp\\\/#organization\",\"name\":\"Curierul Regional\",\"url\":\"https:\\\/\\\/curierulsatelor.ro\\\/wp\\\/\",\"logo\":{\"@type\":\"ImageObject\",\"inLanguage\":\"ro-RO\",\"@id\":\"https:\\\/\\\/curierulsatelor.ro\\\/wp\\\/#\\\/schema\\\/logo\\\/image\\\/\",\"url\":\"https:\\\/\\\/curierulsatelor.ro\\\/wp\\\/wp-content\\\/uploads\\\/2020\\\/01\\\/Curierul-Regional-si-Curierul-satelor-logo-header.png\",\"contentUrl\":\"https:\\\/\\\/curierulsatelor.ro\\\/wp\\\/wp-content\\\/uploads\\\/2020\\\/01\\\/Curierul-Regional-si-Curierul-satelor-logo-header.png\",\"width\":2943,\"height\":685,\"caption\":\"Curierul Regional\"},\"image\":{\"@id\":\"https:\\\/\\\/curierulsatelor.ro\\\/wp\\\/#\\\/schema\\\/logo\\\/image\\\/\"}},{\"@type\":\"Person\",\"@id\":\"https:\\\/\\\/curierulsatelor.ro\\\/wp\\\/#\\\/schema\\\/person\\\/6f6b28a030e15d619a82894773d6e7b9\",\"name\":\"Marian Morosan\",\"image\":{\"@type\":\"ImageObject\",\"inLanguage\":\"ro-RO\",\"@id\":\"https:\\\/\\\/secure.gravatar.com\\\/avatar\\\/2e833cc9ab99e6bca46266d4ad9030d308346ff7ff0b6b955c29b74cafaf064b?s=96&d=mm&r=g\",\"url\":\"https:\\\/\\\/secure.gravatar.com\\\/avatar\\\/2e833cc9ab99e6bca46266d4ad9030d308346ff7ff0b6b955c29b74cafaf064b?s=96&d=mm&r=g\",\"contentUrl\":\"https:\\\/\\\/secure.gravatar.com\\\/avatar\\\/2e833cc9ab99e6bca46266d4ad9030d308346ff7ff0b6b955c29b74cafaf064b?s=96&d=mm&r=g\",\"caption\":\"Marian Morosan\"},\"description\":\"Copiilor no\u015ftri li se preg\u0103te\u015fte, incon\u015ftient, o lume de joben ciuruit, din care niciodat\u0103 nu iese iepura\u015ful. Doar panglicile politicilor sociale roase de moliile cu \u015ftaif din ultimele decenii. Suntem oropsi\u0163i, suntem dispera\u0163i, manipula\u0163i p\u00e2n\u0103 acolo \u00eenc\u00e2t ne bucur\u0103m s\u0103 fim masa de manevr\u0103 a unora \u015fi s\u0103 sus\u0163inem c\u0103 a\u015fa e normal. Acum \u00eel \u00een\u0163eleg pe Cioran, dar \u00eel \u00een\u0163eleg mai bine \u015fi pe Preda. \u015ei m\u0103 g\u00e2ndesc iar, cu groaz\u0103, la copilul meu. Cel pu\u0163in eu nu \u00eemi doresc s\u0103 \u015ftiu c\u0103 micu\u0163ul meu va fi singur, cu sufletul descul\u0163, prin jungla mileniului III ! https:\\\/\\\/curierulsatelor.ro\\\/wp\\\/2019\\\/10\\\/16\\\/cu-sufletul-descult-prin-jungla-mileniului-iii-editorial\\\/\",\"sameAs\":[\"http:\\\/\\\/admin\"],\"url\":\"https:\\\/\\\/curierulsatelor.ro\\\/wp\\\/author\\\/admin\\\/\"}]}<\/script>\n<!-- \/ Yoast SEO plugin. -->","yoast_head_json":{"title":"Pavel, consilier ALDE Un\u021beni: Rom\u00e2nia bate un nou record: cea mai mare infla\u021bie din ultimii 11 ani! - Curierul Regional","robots":{"index":"index","follow":"follow","max-snippet":"max-snippet:-1","max-image-preview":"max-image-preview:large","max-video-preview":"max-video-preview:-1"},"canonical":"https:\/\/curierulsatelor.ro\/wp\/2021\/10\/14\/pavel-consilier-alde-unteni-romania-bate-un-nou-record-cea-mai-mare-inflatie-din-ultimii-11-ani\/","og_locale":"ro_RO","og_type":"article","og_title":"Pavel, consilier ALDE Un\u021beni: Rom\u00e2nia bate un nou record: cea mai mare infla\u021bie din ultimii 11 ani! - Curierul Regional","og_description":"Rom\u00e2nia a b\u0103tut un nou record \u0219i \u00een plan economic, nu doar \u00een cazul infect\u0103rilor...","og_url":"https:\/\/curierulsatelor.ro\/wp\/2021\/10\/14\/pavel-consilier-alde-unteni-romania-bate-un-nou-record-cea-mai-mare-inflatie-din-ultimii-11-ani\/","og_site_name":"Curierul Regional","article_published_time":"2021-10-14T04:39:42+00:00","article_modified_time":"2021-10-14T04:39:43+00:00","og_image":[{"width":924,"height":522,"url":"https:\/\/curierulsatelor.ro\/wp\/wp-content\/uploads\/2021\/10\/Pavel-Petru.jpeg","type":"image\/jpeg"}],"author":"Marian Morosan","twitter_card":"summary_large_image","twitter_misc":{"Scris de":"Marian Morosan","Timp estimat pentru citire":"3 minute"},"schema":{"@context":"https:\/\/schema.org","@graph":[{"@type":"Article","@id":"https:\/\/curierulsatelor.ro\/wp\/2021\/10\/14\/pavel-consilier-alde-unteni-romania-bate-un-nou-record-cea-mai-mare-inflatie-din-ultimii-11-ani\/#article","isPartOf":{"@id":"https:\/\/curierulsatelor.ro\/wp\/2021\/10\/14\/pavel-consilier-alde-unteni-romania-bate-un-nou-record-cea-mai-mare-inflatie-din-ultimii-11-ani\/"},"author":{"name":"Marian Morosan","@id":"https:\/\/curierulsatelor.ro\/wp\/#\/schema\/person\/6f6b28a030e15d619a82894773d6e7b9"},"headline":"Pavel, consilier ALDE Un\u021beni: Rom\u00e2nia bate un nou record: cea mai mare infla\u021bie din ultimii 11 ani!","datePublished":"2021-10-14T04:39:42+00:00","dateModified":"2021-10-14T04:39:43+00:00","mainEntityOfPage":{"@id":"https:\/\/curierulsatelor.ro\/wp\/2021\/10\/14\/pavel-consilier-alde-unteni-romania-bate-un-nou-record-cea-mai-mare-inflatie-din-ultimii-11-ani\/"},"wordCount":555,"commentCount":0,"publisher":{"@id":"https:\/\/curierulsatelor.ro\/wp\/#organization"},"image":{"@id":"https:\/\/curierulsatelor.ro\/wp\/2021\/10\/14\/pavel-consilier-alde-unteni-romania-bate-un-nou-record-cea-mai-mare-inflatie-din-ultimii-11-ani\/#primaryimage"},"thumbnailUrl":"https:\/\/curierulsatelor.ro\/wp\/wp-content\/uploads\/2021\/10\/Pavel-Petru.jpeg","articleSection":["ALDE","Comunicate"],"inLanguage":"ro-RO","potentialAction":[{"@type":"CommentAction","name":"Comment","target":["https:\/\/curierulsatelor.ro\/wp\/2021\/10\/14\/pavel-consilier-alde-unteni-romania-bate-un-nou-record-cea-mai-mare-inflatie-din-ultimii-11-ani\/#respond"]}]},{"@type":"WebPage","@id":"https:\/\/curierulsatelor.ro\/wp\/2021\/10\/14\/pavel-consilier-alde-unteni-romania-bate-un-nou-record-cea-mai-mare-inflatie-din-ultimii-11-ani\/","url":"https:\/\/curierulsatelor.ro\/wp\/2021\/10\/14\/pavel-consilier-alde-unteni-romania-bate-un-nou-record-cea-mai-mare-inflatie-din-ultimii-11-ani\/","name":"Pavel, consilier ALDE Un\u021beni: Rom\u00e2nia bate un nou record: cea mai mare infla\u021bie din ultimii 11 ani! - Curierul Regional","isPartOf":{"@id":"https:\/\/curierulsatelor.ro\/wp\/#website"},"primaryImageOfPage":{"@id":"https:\/\/curierulsatelor.ro\/wp\/2021\/10\/14\/pavel-consilier-alde-unteni-romania-bate-un-nou-record-cea-mai-mare-inflatie-din-ultimii-11-ani\/#primaryimage"},"image":{"@id":"https:\/\/curierulsatelor.ro\/wp\/2021\/10\/14\/pavel-consilier-alde-unteni-romania-bate-un-nou-record-cea-mai-mare-inflatie-din-ultimii-11-ani\/#primaryimage"},"thumbnailUrl":"https:\/\/curierulsatelor.ro\/wp\/wp-content\/uploads\/2021\/10\/Pavel-Petru.jpeg","datePublished":"2021-10-14T04:39:42+00:00","dateModified":"2021-10-14T04:39:43+00:00","breadcrumb":{"@id":"https:\/\/curierulsatelor.ro\/wp\/2021\/10\/14\/pavel-consilier-alde-unteni-romania-bate-un-nou-record-cea-mai-mare-inflatie-din-ultimii-11-ani\/#breadcrumb"},"inLanguage":"ro-RO","potentialAction":[{"@type":"ReadAction","target":["https:\/\/curierulsatelor.ro\/wp\/2021\/10\/14\/pavel-consilier-alde-unteni-romania-bate-un-nou-record-cea-mai-mare-inflatie-din-ultimii-11-ani\/"]}]},{"@type":"ImageObject","inLanguage":"ro-RO","@id":"https:\/\/curierulsatelor.ro\/wp\/2021\/10\/14\/pavel-consilier-alde-unteni-romania-bate-un-nou-record-cea-mai-mare-inflatie-din-ultimii-11-ani\/#primaryimage","url":"https:\/\/curierulsatelor.ro\/wp\/wp-content\/uploads\/2021\/10\/Pavel-Petru.jpeg","contentUrl":"https:\/\/curierulsatelor.ro\/wp\/wp-content\/uploads\/2021\/10\/Pavel-Petru.jpeg","width":924,"height":522},{"@type":"BreadcrumbList","@id":"https:\/\/curierulsatelor.ro\/wp\/2021\/10\/14\/pavel-consilier-alde-unteni-romania-bate-un-nou-record-cea-mai-mare-inflatie-din-ultimii-11-ani\/#breadcrumb","itemListElement":[{"@type":"ListItem","position":1,"name":"Prima pagin\u0103","item":"https:\/\/curierulsatelor.ro\/wp\/"},{"@type":"ListItem","position":2,"name":"Pavel, consilier ALDE Un\u021beni: Rom\u00e2nia bate un nou record: cea mai mare infla\u021bie din ultimii 11 ani!"}]},{"@type":"WebSite","@id":"https:\/\/curierulsatelor.ro\/wp\/#website","url":"https:\/\/curierulsatelor.ro\/wp\/","name":"Curierul Regional","description":"","publisher":{"@id":"https:\/\/curierulsatelor.ro\/wp\/#organization"},"potentialAction":[{"@type":"SearchAction","target":{"@type":"EntryPoint","urlTemplate":"https:\/\/curierulsatelor.ro\/wp\/?s={search_term_string}"},"query-input":{"@type":"PropertyValueSpecification","valueRequired":true,"valueName":"search_term_string"}}],"inLanguage":"ro-RO"},{"@type":"Organization","@id":"https:\/\/curierulsatelor.ro\/wp\/#organization","name":"Curierul Regional","url":"https:\/\/curierulsatelor.ro\/wp\/","logo":{"@type":"ImageObject","inLanguage":"ro-RO","@id":"https:\/\/curierulsatelor.ro\/wp\/#\/schema\/logo\/image\/","url":"https:\/\/curierulsatelor.ro\/wp\/wp-content\/uploads\/2020\/01\/Curierul-Regional-si-Curierul-satelor-logo-header.png","contentUrl":"https:\/\/curierulsatelor.ro\/wp\/wp-content\/uploads\/2020\/01\/Curierul-Regional-si-Curierul-satelor-logo-header.png","width":2943,"height":685,"caption":"Curierul Regional"},"image":{"@id":"https:\/\/curierulsatelor.ro\/wp\/#\/schema\/logo\/image\/"}},{"@type":"Person","@id":"https:\/\/curierulsatelor.ro\/wp\/#\/schema\/person\/6f6b28a030e15d619a82894773d6e7b9","name":"Marian Morosan","image":{"@type":"ImageObject","inLanguage":"ro-RO","@id":"https:\/\/secure.gravatar.com\/avatar\/2e833cc9ab99e6bca46266d4ad9030d308346ff7ff0b6b955c29b74cafaf064b?s=96&d=mm&r=g","url":"https:\/\/secure.gravatar.com\/avatar\/2e833cc9ab99e6bca46266d4ad9030d308346ff7ff0b6b955c29b74cafaf064b?s=96&d=mm&r=g","contentUrl":"https:\/\/secure.gravatar.com\/avatar\/2e833cc9ab99e6bca46266d4ad9030d308346ff7ff0b6b955c29b74cafaf064b?s=96&d=mm&r=g","caption":"Marian Morosan"},"description":"Copiilor no\u015ftri li se preg\u0103te\u015fte, incon\u015ftient, o lume de joben ciuruit, din care niciodat\u0103 nu iese iepura\u015ful. Doar panglicile politicilor sociale roase de moliile cu \u015ftaif din ultimele decenii. Suntem oropsi\u0163i, suntem dispera\u0163i, manipula\u0163i p\u00e2n\u0103 acolo \u00eenc\u00e2t ne bucur\u0103m s\u0103 fim masa de manevr\u0103 a unora \u015fi s\u0103 sus\u0163inem c\u0103 a\u015fa e normal. Acum \u00eel \u00een\u0163eleg pe Cioran, dar \u00eel \u00een\u0163eleg mai bine \u015fi pe Preda. \u015ei m\u0103 g\u00e2ndesc iar, cu groaz\u0103, la copilul meu. Cel pu\u0163in eu nu \u00eemi doresc s\u0103 \u015ftiu c\u0103 micu\u0163ul meu va fi singur, cu sufletul descul\u0163, prin jungla mileniului III ! https:\/\/curierulsatelor.ro\/wp\/2019\/10\/16\/cu-sufletul-descult-prin-jungla-mileniului-iii-editorial\/","sameAs":["http:\/\/admin"],"url":"https:\/\/curierulsatelor.ro\/wp\/author\/admin\/"}]}},"_links":{"self":[{"href":"https:\/\/curierulsatelor.ro\/wp\/wp-json\/wp\/v2\/posts\/6485","targetHints":{"allow":["GET"]}}],"collection":[{"href":"https:\/\/curierulsatelor.ro\/wp\/wp-json\/wp\/v2\/posts"}],"about":[{"href":"https:\/\/curierulsatelor.ro\/wp\/wp-json\/wp\/v2\/types\/post"}],"author":[{"embeddable":true,"href":"https:\/\/curierulsatelor.ro\/wp\/wp-json\/wp\/v2\/users\/1"}],"replies":[{"embeddable":true,"href":"https:\/\/curierulsatelor.ro\/wp\/wp-json\/wp\/v2\/comments?post=6485"}],"version-history":[{"count":1,"href":"https:\/\/curierulsatelor.ro\/wp\/wp-json\/wp\/v2\/posts\/6485\/revisions"}],"predecessor-version":[{"id":6487,"href":"https:\/\/curierulsatelor.ro\/wp\/wp-json\/wp\/v2\/posts\/6485\/revisions\/6487"}],"wp:featuredmedia":[{"embeddable":true,"href":"https:\/\/curierulsatelor.ro\/wp\/wp-json\/wp\/v2\/media\/6486"}],"wp:attachment":[{"href":"https:\/\/curierulsatelor.ro\/wp\/wp-json\/wp\/v2\/media?parent=6485"}],"wp:term":[{"taxonomy":"category","embeddable":true,"href":"https:\/\/curierulsatelor.ro\/wp\/wp-json\/wp\/v2\/categories?post=6485"},{"taxonomy":"post_tag","embeddable":true,"href":"https:\/\/curierulsatelor.ro\/wp\/wp-json\/wp\/v2\/tags?post=6485"}],"curies":[{"name":"wp","href":"https:\/\/api.w.org\/{rel}","templated":true}]}}