{"id":6953,"date":"2021-12-06T04:48:20","date_gmt":"2021-12-06T04:48:20","guid":{"rendered":"https:\/\/curierulsatelor.ro\/wp\/?p=6953"},"modified":"2021-12-06T04:48:23","modified_gmt":"2021-12-06T04:48:23","slug":"ucenicii-lui-mos-nicolae-de-la-botosani-sunt-tineri-cu-inimi-darnice","status":"publish","type":"post","link":"https:\/\/curierulsatelor.ro\/wp\/2021\/12\/06\/ucenicii-lui-mos-nicolae-de-la-botosani-sunt-tineri-cu-inimi-darnice\/","title":{"rendered":"Ucenicii lui Mo\u0219 Nicolae de la Boto\u0219ani sunt tineri cu inimi darnice"},"content":{"rendered":"\n<p>Mo\u0219 Nicolae are ucenici tineri la Boto\u0219ani, care se bucur\u0103, la fel ca el, de bucuria celor mici, surprin\u0219i cu daruri. Darurile au fost duse la copii cu nevoi speciale de c\u0103tre o echip\u0103 de  tineri energici, \u00eenso\u021bi\u021bi de liderul lor, Radu Grigora\u0219. Ceea ce nu a spus nimeni este c\u0103 Mo\u0219 Nicolae \u0219i ucenicii s\u0103i au c\u0103l\u0103torit anul acesta cu RVG. TNL Boto\u0219ani a lansat un nou proiect de mare anvergur\u0103 \u0219i anume <a href=\"https:\/\/www.facebook.com\/hashtag\/maratonul?__eep__=6&amp;__cft__[0]=AZWuxwwwqxImLI4wkGFCNJtK_MHf7OG8J9RwpmoersvL6Hqvw-DVOduCkMnskSGWOoOtGOYkf5wtxmgA2PRuuuQgV__wgFeiVdi4K65oyyQYbPwb8CoemB3CsWn6DZ6uN2GIFWg00uXohvM-xcnespds&amp;__tn__=*NK-R\">Maratonul<\/a> lui Mo\u0219 Nicolae-Edi\u021bia I.  \u201dNe-am propus ca anul acesta s\u0103 contribuim cu necesarul pentru 5 centre din Municipiul Boto\u0219ani. \u0102n aceste centre  am \u00eent\u00e2lnit copii deosebi\u021bi, cu pove\u0219ti deosebite \u0219i cu un suflet mare, plin de iubire \u0219i inocen\u021b\u0103. Am fost \u00eent\u00e2mpina\u021bi cu drag, cu z\u00e2mbete p\u00e2n\u0103 la urechi \u0219i bra\u021be larg deschise. Ne bucur\u0103m c\u0103 pe l\u00e2ng\u0103 alte produse, le-am putut oferi \u0219i c\u00e2te un br\u0103du\u021b \u00eempodobit  \u00een jurul c\u0103ruia s\u0103 se \u00eent\u00e2lneasc\u0103 \u0219i s\u0103 spun\u0103 pove\u0219ti frumoase, s\u0103 viseze \u0219i s\u0103 spere!  Mul\u021bumim tuturor colegilor care s-au implicat \u00een aceast\u0103 ac\u021biune \u0219i totodat\u0103 mul\u021bumim <a href=\"https:\/\/www.facebook.com\/hashtag\/lactosolomonescu?__eep__=6&amp;__cft__[0]=AZWuxwwwqxImLI4wkGFCNJtK_MHf7OG8J9RwpmoersvL6Hqvw-DVOduCkMnskSGWOoOtGOYkf5wtxmgA2PRuuuQgV__wgFeiVdi4K65oyyQYbPwb8CoemB3CsWn6DZ6uN2GIFWg00uXohvM-xcnespds&amp;__tn__=*NK-R\"> firmei LactoSolomonescu<\/a> pentru produsele donate acestei cauze.  Doar \u00eempreun\u0103 putem construi! Noi suntem echipa potrivit\u0103! Hai \u00een TNL, fii \u0219i tu ajutorul lui Mo\u0219 Nicolae\u201d, este mesajul tinerilor liberali, coordona\u021bi dec\u0103tre proasp\u0103tul pre\u0219edinte Radu Grigora\u0219. <\/p>\n\n\n\n<figure class=\"wp-block-image size-large\"><img fetchpriority=\"high\" decoding=\"async\" width=\"1024\" height=\"705\" src=\"https:\/\/curierulsatelor.ro\/wp\/wp-content\/uploads\/2021\/12\/264122221_2464345173695381_8329783478847821985_n-1024x705.jpg\" alt=\"\" class=\"wp-image-6954\" srcset=\"https:\/\/curierulsatelor.ro\/wp\/wp-content\/uploads\/2021\/12\/264122221_2464345173695381_8329783478847821985_n-1024x705.jpg 1024w, https:\/\/curierulsatelor.ro\/wp\/wp-content\/uploads\/2021\/12\/264122221_2464345173695381_8329783478847821985_n-300x207.jpg 300w, https:\/\/curierulsatelor.ro\/wp\/wp-content\/uploads\/2021\/12\/264122221_2464345173695381_8329783478847821985_n-768x529.jpg 768w, https:\/\/curierulsatelor.ro\/wp\/wp-content\/uploads\/2021\/12\/264122221_2464345173695381_8329783478847821985_n.jpg 1535w\" sizes=\"(max-width: 1024px) 100vw, 1024px\" \/><\/figure>\n\n\n\n<figure class=\"wp-block-image size-large\"><img decoding=\"async\" width=\"1024\" height=\"540\" src=\"https:\/\/curierulsatelor.ro\/wp\/wp-content\/uploads\/2021\/12\/264747223_2464345470362018_1363245758439946241_n-1024x540.jpg\" alt=\"\" class=\"wp-image-6955\" srcset=\"https:\/\/curierulsatelor.ro\/wp\/wp-content\/uploads\/2021\/12\/264747223_2464345470362018_1363245758439946241_n-1024x540.jpg 1024w, https:\/\/curierulsatelor.ro\/wp\/wp-content\/uploads\/2021\/12\/264747223_2464345470362018_1363245758439946241_n-300x158.jpg 300w, https:\/\/curierulsatelor.ro\/wp\/wp-content\/uploads\/2021\/12\/264747223_2464345470362018_1363245758439946241_n-768x405.jpg 768w, https:\/\/curierulsatelor.ro\/wp\/wp-content\/uploads\/2021\/12\/264747223_2464345470362018_1363245758439946241_n-1536x810.jpg 1536w, https:\/\/curierulsatelor.ro\/wp\/wp-content\/uploads\/2021\/12\/264747223_2464345470362018_1363245758439946241_n.jpg 1951w\" sizes=\"(max-width: 1024px) 100vw, 1024px\" \/><\/figure>\n\n\n\n<figure class=\"wp-block-image size-large\"><img decoding=\"async\" width=\"1024\" height=\"1024\" src=\"https:\/\/curierulsatelor.ro\/wp\/wp-content\/uploads\/2021\/12\/264843121_2464345157028716_7884740616387630577_n-1024x1024.jpg\" alt=\"\" class=\"wp-image-6956\" srcset=\"https:\/\/curierulsatelor.ro\/wp\/wp-content\/uploads\/2021\/12\/264843121_2464345157028716_7884740616387630577_n-1024x1023.jpg 1024w, https:\/\/curierulsatelor.ro\/wp\/wp-content\/uploads\/2021\/12\/264843121_2464345157028716_7884740616387630577_n-300x300.jpg 300w, https:\/\/curierulsatelor.ro\/wp\/wp-content\/uploads\/2021\/12\/264843121_2464345157028716_7884740616387630577_n-150x150.jpg 150w, https:\/\/curierulsatelor.ro\/wp\/wp-content\/uploads\/2021\/12\/264843121_2464345157028716_7884740616387630577_n-768x767.jpg 768w, https:\/\/curierulsatelor.ro\/wp\/wp-content\/uploads\/2021\/12\/264843121_2464345157028716_7884740616387630577_n.jpg 1530w\" sizes=\"(max-width: 1024px) 100vw, 1024px\" \/><\/figure>\n\n\n\n<p><\/p>\n","protected":false},"excerpt":{"rendered":"<p>Mo\u0219 Nicolae are ucenici tineri la Boto\u0219ani, care se bucur\u0103, la fel ca el, de&#8230;<\/p>\n","protected":false},"author":1,"featured_media":6957,"comment_status":"open","ping_status":"open","sticky":false,"template":"","format":"standard","meta":{"footnotes":""},"categories":[6,7,11],"tags":[],"class_list":["post-6953","post","type-post","status-publish","format-standard","has-post-thumbnail","hentry","category-politica","category-social","category-stiri"],"yoast_head":"<!-- This site is optimized with the Yoast SEO plugin v27.4 - https:\/\/yoast.com\/product\/yoast-seo-wordpress\/ -->\n<title>Ucenicii lui Mo\u0219 Nicolae de la Boto\u0219ani sunt tineri cu inimi darnice - Curierul Regional<\/title>\n<meta name=\"robots\" content=\"index, follow, max-snippet:-1, max-image-preview:large, max-video-preview:-1\" \/>\n<link rel=\"canonical\" href=\"https:\/\/curierulsatelor.ro\/wp\/2021\/12\/06\/ucenicii-lui-mos-nicolae-de-la-botosani-sunt-tineri-cu-inimi-darnice\/\" \/>\n<meta property=\"og:locale\" content=\"ro_RO\" \/>\n<meta property=\"og:type\" content=\"article\" \/>\n<meta property=\"og:title\" content=\"Ucenicii lui Mo\u0219 Nicolae de la Boto\u0219ani sunt tineri cu inimi darnice - Curierul Regional\" \/>\n<meta property=\"og:description\" content=\"Mo\u0219 Nicolae are ucenici tineri la Boto\u0219ani, care se bucur\u0103, la fel ca el, de...\" \/>\n<meta property=\"og:url\" content=\"https:\/\/curierulsatelor.ro\/wp\/2021\/12\/06\/ucenicii-lui-mos-nicolae-de-la-botosani-sunt-tineri-cu-inimi-darnice\/\" \/>\n<meta property=\"og:site_name\" content=\"Curierul Regional\" \/>\n<meta property=\"article:published_time\" content=\"2021-12-06T04:48:20+00:00\" \/>\n<meta property=\"article:modified_time\" content=\"2021-12-06T04:48:23+00:00\" \/>\n<meta property=\"og:image\" content=\"https:\/\/curierulsatelor.ro\/wp\/wp-content\/uploads\/2021\/12\/Mos-Nicolae-Radu-Grigoras-RVG-PNL-TNL-Botosani.jpg\" \/>\n\t<meta property=\"og:image:width\" content=\"1200\" \/>\n\t<meta property=\"og:image:height\" content=\"630\" \/>\n\t<meta property=\"og:image:type\" content=\"image\/jpeg\" \/>\n<meta name=\"author\" content=\"Marian Morosan\" \/>\n<meta name=\"twitter:card\" content=\"summary_large_image\" \/>\n<meta name=\"twitter:label1\" content=\"Scris de\" \/>\n\t<meta name=\"twitter:data1\" content=\"Marian Morosan\" \/>\n\t<meta name=\"twitter:label2\" content=\"Timp estimat pentru citire\" \/>\n\t<meta name=\"twitter:data2\" content=\"1 minut\" \/>\n<script type=\"application\/ld+json\" class=\"yoast-schema-graph\">{\"@context\":\"https:\\\/\\\/schema.org\",\"@graph\":[{\"@type\":\"Article\",\"@id\":\"https:\\\/\\\/curierulsatelor.ro\\\/wp\\\/2021\\\/12\\\/06\\\/ucenicii-lui-mos-nicolae-de-la-botosani-sunt-tineri-cu-inimi-darnice\\\/#article\",\"isPartOf\":{\"@id\":\"https:\\\/\\\/curierulsatelor.ro\\\/wp\\\/2021\\\/12\\\/06\\\/ucenicii-lui-mos-nicolae-de-la-botosani-sunt-tineri-cu-inimi-darnice\\\/\"},\"author\":{\"name\":\"Marian Morosan\",\"@id\":\"https:\\\/\\\/curierulsatelor.ro\\\/wp\\\/#\\\/schema\\\/person\\\/6f6b28a030e15d619a82894773d6e7b9\"},\"headline\":\"Ucenicii lui Mo\u0219 Nicolae de la Boto\u0219ani sunt tineri cu inimi darnice\",\"datePublished\":\"2021-12-06T04:48:20+00:00\",\"dateModified\":\"2021-12-06T04:48:23+00:00\",\"mainEntityOfPage\":{\"@id\":\"https:\\\/\\\/curierulsatelor.ro\\\/wp\\\/2021\\\/12\\\/06\\\/ucenicii-lui-mos-nicolae-de-la-botosani-sunt-tineri-cu-inimi-darnice\\\/\"},\"wordCount\":251,\"commentCount\":0,\"publisher\":{\"@id\":\"https:\\\/\\\/curierulsatelor.ro\\\/wp\\\/#organization\"},\"image\":{\"@id\":\"https:\\\/\\\/curierulsatelor.ro\\\/wp\\\/2021\\\/12\\\/06\\\/ucenicii-lui-mos-nicolae-de-la-botosani-sunt-tineri-cu-inimi-darnice\\\/#primaryimage\"},\"thumbnailUrl\":\"https:\\\/\\\/curierulsatelor.ro\\\/wp\\\/wp-content\\\/uploads\\\/2021\\\/12\\\/Mos-Nicolae-Radu-Grigoras-RVG-PNL-TNL-Botosani.jpg\",\"articleSection\":[\"Politica\",\"Social\",\"Stiri\"],\"inLanguage\":\"ro-RO\",\"potentialAction\":[{\"@type\":\"CommentAction\",\"name\":\"Comment\",\"target\":[\"https:\\\/\\\/curierulsatelor.ro\\\/wp\\\/2021\\\/12\\\/06\\\/ucenicii-lui-mos-nicolae-de-la-botosani-sunt-tineri-cu-inimi-darnice\\\/#respond\"]}]},{\"@type\":\"WebPage\",\"@id\":\"https:\\\/\\\/curierulsatelor.ro\\\/wp\\\/2021\\\/12\\\/06\\\/ucenicii-lui-mos-nicolae-de-la-botosani-sunt-tineri-cu-inimi-darnice\\\/\",\"url\":\"https:\\\/\\\/curierulsatelor.ro\\\/wp\\\/2021\\\/12\\\/06\\\/ucenicii-lui-mos-nicolae-de-la-botosani-sunt-tineri-cu-inimi-darnice\\\/\",\"name\":\"Ucenicii lui Mo\u0219 Nicolae de la Boto\u0219ani sunt tineri cu inimi darnice - Curierul Regional\",\"isPartOf\":{\"@id\":\"https:\\\/\\\/curierulsatelor.ro\\\/wp\\\/#website\"},\"primaryImageOfPage\":{\"@id\":\"https:\\\/\\\/curierulsatelor.ro\\\/wp\\\/2021\\\/12\\\/06\\\/ucenicii-lui-mos-nicolae-de-la-botosani-sunt-tineri-cu-inimi-darnice\\\/#primaryimage\"},\"image\":{\"@id\":\"https:\\\/\\\/curierulsatelor.ro\\\/wp\\\/2021\\\/12\\\/06\\\/ucenicii-lui-mos-nicolae-de-la-botosani-sunt-tineri-cu-inimi-darnice\\\/#primaryimage\"},\"thumbnailUrl\":\"https:\\\/\\\/curierulsatelor.ro\\\/wp\\\/wp-content\\\/uploads\\\/2021\\\/12\\\/Mos-Nicolae-Radu-Grigoras-RVG-PNL-TNL-Botosani.jpg\",\"datePublished\":\"2021-12-06T04:48:20+00:00\",\"dateModified\":\"2021-12-06T04:48:23+00:00\",\"breadcrumb\":{\"@id\":\"https:\\\/\\\/curierulsatelor.ro\\\/wp\\\/2021\\\/12\\\/06\\\/ucenicii-lui-mos-nicolae-de-la-botosani-sunt-tineri-cu-inimi-darnice\\\/#breadcrumb\"},\"inLanguage\":\"ro-RO\",\"potentialAction\":[{\"@type\":\"ReadAction\",\"target\":[\"https:\\\/\\\/curierulsatelor.ro\\\/wp\\\/2021\\\/12\\\/06\\\/ucenicii-lui-mos-nicolae-de-la-botosani-sunt-tineri-cu-inimi-darnice\\\/\"]}]},{\"@type\":\"ImageObject\",\"inLanguage\":\"ro-RO\",\"@id\":\"https:\\\/\\\/curierulsatelor.ro\\\/wp\\\/2021\\\/12\\\/06\\\/ucenicii-lui-mos-nicolae-de-la-botosani-sunt-tineri-cu-inimi-darnice\\\/#primaryimage\",\"url\":\"https:\\\/\\\/curierulsatelor.ro\\\/wp\\\/wp-content\\\/uploads\\\/2021\\\/12\\\/Mos-Nicolae-Radu-Grigoras-RVG-PNL-TNL-Botosani.jpg\",\"contentUrl\":\"https:\\\/\\\/curierulsatelor.ro\\\/wp\\\/wp-content\\\/uploads\\\/2021\\\/12\\\/Mos-Nicolae-Radu-Grigoras-RVG-PNL-TNL-Botosani.jpg\",\"width\":1200,\"height\":630},{\"@type\":\"BreadcrumbList\",\"@id\":\"https:\\\/\\\/curierulsatelor.ro\\\/wp\\\/2021\\\/12\\\/06\\\/ucenicii-lui-mos-nicolae-de-la-botosani-sunt-tineri-cu-inimi-darnice\\\/#breadcrumb\",\"itemListElement\":[{\"@type\":\"ListItem\",\"position\":1,\"name\":\"Prima pagin\u0103\",\"item\":\"https:\\\/\\\/curierulsatelor.ro\\\/wp\\\/\"},{\"@type\":\"ListItem\",\"position\":2,\"name\":\"Ucenicii lui Mo\u0219 Nicolae de la Boto\u0219ani sunt tineri cu inimi darnice\"}]},{\"@type\":\"WebSite\",\"@id\":\"https:\\\/\\\/curierulsatelor.ro\\\/wp\\\/#website\",\"url\":\"https:\\\/\\\/curierulsatelor.ro\\\/wp\\\/\",\"name\":\"Curierul Regional\",\"description\":\"\",\"publisher\":{\"@id\":\"https:\\\/\\\/curierulsatelor.ro\\\/wp\\\/#organization\"},\"potentialAction\":[{\"@type\":\"SearchAction\",\"target\":{\"@type\":\"EntryPoint\",\"urlTemplate\":\"https:\\\/\\\/curierulsatelor.ro\\\/wp\\\/?s={search_term_string}\"},\"query-input\":{\"@type\":\"PropertyValueSpecification\",\"valueRequired\":true,\"valueName\":\"search_term_string\"}}],\"inLanguage\":\"ro-RO\"},{\"@type\":\"Organization\",\"@id\":\"https:\\\/\\\/curierulsatelor.ro\\\/wp\\\/#organization\",\"name\":\"Curierul Regional\",\"url\":\"https:\\\/\\\/curierulsatelor.ro\\\/wp\\\/\",\"logo\":{\"@type\":\"ImageObject\",\"inLanguage\":\"ro-RO\",\"@id\":\"https:\\\/\\\/curierulsatelor.ro\\\/wp\\\/#\\\/schema\\\/logo\\\/image\\\/\",\"url\":\"https:\\\/\\\/curierulsatelor.ro\\\/wp\\\/wp-content\\\/uploads\\\/2020\\\/01\\\/Curierul-Regional-si-Curierul-satelor-logo-header.png\",\"contentUrl\":\"https:\\\/\\\/curierulsatelor.ro\\\/wp\\\/wp-content\\\/uploads\\\/2020\\\/01\\\/Curierul-Regional-si-Curierul-satelor-logo-header.png\",\"width\":2943,\"height\":685,\"caption\":\"Curierul Regional\"},\"image\":{\"@id\":\"https:\\\/\\\/curierulsatelor.ro\\\/wp\\\/#\\\/schema\\\/logo\\\/image\\\/\"}},{\"@type\":\"Person\",\"@id\":\"https:\\\/\\\/curierulsatelor.ro\\\/wp\\\/#\\\/schema\\\/person\\\/6f6b28a030e15d619a82894773d6e7b9\",\"name\":\"Marian Morosan\",\"image\":{\"@type\":\"ImageObject\",\"inLanguage\":\"ro-RO\",\"@id\":\"https:\\\/\\\/secure.gravatar.com\\\/avatar\\\/2e833cc9ab99e6bca46266d4ad9030d308346ff7ff0b6b955c29b74cafaf064b?s=96&d=mm&r=g\",\"url\":\"https:\\\/\\\/secure.gravatar.com\\\/avatar\\\/2e833cc9ab99e6bca46266d4ad9030d308346ff7ff0b6b955c29b74cafaf064b?s=96&d=mm&r=g\",\"contentUrl\":\"https:\\\/\\\/secure.gravatar.com\\\/avatar\\\/2e833cc9ab99e6bca46266d4ad9030d308346ff7ff0b6b955c29b74cafaf064b?s=96&d=mm&r=g\",\"caption\":\"Marian Morosan\"},\"description\":\"Copiilor no\u015ftri li se preg\u0103te\u015fte, incon\u015ftient, o lume de joben ciuruit, din care niciodat\u0103 nu iese iepura\u015ful. Doar panglicile politicilor sociale roase de moliile cu \u015ftaif din ultimele decenii. Suntem oropsi\u0163i, suntem dispera\u0163i, manipula\u0163i p\u00e2n\u0103 acolo \u00eenc\u00e2t ne bucur\u0103m s\u0103 fim masa de manevr\u0103 a unora \u015fi s\u0103 sus\u0163inem c\u0103 a\u015fa e normal. Acum \u00eel \u00een\u0163eleg pe Cioran, dar \u00eel \u00een\u0163eleg mai bine \u015fi pe Preda. \u015ei m\u0103 g\u00e2ndesc iar, cu groaz\u0103, la copilul meu. Cel pu\u0163in eu nu \u00eemi doresc s\u0103 \u015ftiu c\u0103 micu\u0163ul meu va fi singur, cu sufletul descul\u0163, prin jungla mileniului III ! https:\\\/\\\/curierulsatelor.ro\\\/wp\\\/2019\\\/10\\\/16\\\/cu-sufletul-descult-prin-jungla-mileniului-iii-editorial\\\/\",\"sameAs\":[\"http:\\\/\\\/admin\"],\"url\":\"https:\\\/\\\/curierulsatelor.ro\\\/wp\\\/author\\\/admin\\\/\"}]}<\/script>\n<!-- \/ Yoast SEO plugin. -->","yoast_head_json":{"title":"Ucenicii lui Mo\u0219 Nicolae de la Boto\u0219ani sunt tineri cu inimi darnice - Curierul Regional","robots":{"index":"index","follow":"follow","max-snippet":"max-snippet:-1","max-image-preview":"max-image-preview:large","max-video-preview":"max-video-preview:-1"},"canonical":"https:\/\/curierulsatelor.ro\/wp\/2021\/12\/06\/ucenicii-lui-mos-nicolae-de-la-botosani-sunt-tineri-cu-inimi-darnice\/","og_locale":"ro_RO","og_type":"article","og_title":"Ucenicii lui Mo\u0219 Nicolae de la Boto\u0219ani sunt tineri cu inimi darnice - Curierul Regional","og_description":"Mo\u0219 Nicolae are ucenici tineri la Boto\u0219ani, care se bucur\u0103, la fel ca el, de...","og_url":"https:\/\/curierulsatelor.ro\/wp\/2021\/12\/06\/ucenicii-lui-mos-nicolae-de-la-botosani-sunt-tineri-cu-inimi-darnice\/","og_site_name":"Curierul Regional","article_published_time":"2021-12-06T04:48:20+00:00","article_modified_time":"2021-12-06T04:48:23+00:00","og_image":[{"width":1200,"height":630,"url":"https:\/\/curierulsatelor.ro\/wp\/wp-content\/uploads\/2021\/12\/Mos-Nicolae-Radu-Grigoras-RVG-PNL-TNL-Botosani.jpg","type":"image\/jpeg"}],"author":"Marian Morosan","twitter_card":"summary_large_image","twitter_misc":{"Scris de":"Marian Morosan","Timp estimat pentru citire":"1 minut"},"schema":{"@context":"https:\/\/schema.org","@graph":[{"@type":"Article","@id":"https:\/\/curierulsatelor.ro\/wp\/2021\/12\/06\/ucenicii-lui-mos-nicolae-de-la-botosani-sunt-tineri-cu-inimi-darnice\/#article","isPartOf":{"@id":"https:\/\/curierulsatelor.ro\/wp\/2021\/12\/06\/ucenicii-lui-mos-nicolae-de-la-botosani-sunt-tineri-cu-inimi-darnice\/"},"author":{"name":"Marian Morosan","@id":"https:\/\/curierulsatelor.ro\/wp\/#\/schema\/person\/6f6b28a030e15d619a82894773d6e7b9"},"headline":"Ucenicii lui Mo\u0219 Nicolae de la Boto\u0219ani sunt tineri cu inimi darnice","datePublished":"2021-12-06T04:48:20+00:00","dateModified":"2021-12-06T04:48:23+00:00","mainEntityOfPage":{"@id":"https:\/\/curierulsatelor.ro\/wp\/2021\/12\/06\/ucenicii-lui-mos-nicolae-de-la-botosani-sunt-tineri-cu-inimi-darnice\/"},"wordCount":251,"commentCount":0,"publisher":{"@id":"https:\/\/curierulsatelor.ro\/wp\/#organization"},"image":{"@id":"https:\/\/curierulsatelor.ro\/wp\/2021\/12\/06\/ucenicii-lui-mos-nicolae-de-la-botosani-sunt-tineri-cu-inimi-darnice\/#primaryimage"},"thumbnailUrl":"https:\/\/curierulsatelor.ro\/wp\/wp-content\/uploads\/2021\/12\/Mos-Nicolae-Radu-Grigoras-RVG-PNL-TNL-Botosani.jpg","articleSection":["Politica","Social","Stiri"],"inLanguage":"ro-RO","potentialAction":[{"@type":"CommentAction","name":"Comment","target":["https:\/\/curierulsatelor.ro\/wp\/2021\/12\/06\/ucenicii-lui-mos-nicolae-de-la-botosani-sunt-tineri-cu-inimi-darnice\/#respond"]}]},{"@type":"WebPage","@id":"https:\/\/curierulsatelor.ro\/wp\/2021\/12\/06\/ucenicii-lui-mos-nicolae-de-la-botosani-sunt-tineri-cu-inimi-darnice\/","url":"https:\/\/curierulsatelor.ro\/wp\/2021\/12\/06\/ucenicii-lui-mos-nicolae-de-la-botosani-sunt-tineri-cu-inimi-darnice\/","name":"Ucenicii lui Mo\u0219 Nicolae de la Boto\u0219ani sunt tineri cu inimi darnice - Curierul Regional","isPartOf":{"@id":"https:\/\/curierulsatelor.ro\/wp\/#website"},"primaryImageOfPage":{"@id":"https:\/\/curierulsatelor.ro\/wp\/2021\/12\/06\/ucenicii-lui-mos-nicolae-de-la-botosani-sunt-tineri-cu-inimi-darnice\/#primaryimage"},"image":{"@id":"https:\/\/curierulsatelor.ro\/wp\/2021\/12\/06\/ucenicii-lui-mos-nicolae-de-la-botosani-sunt-tineri-cu-inimi-darnice\/#primaryimage"},"thumbnailUrl":"https:\/\/curierulsatelor.ro\/wp\/wp-content\/uploads\/2021\/12\/Mos-Nicolae-Radu-Grigoras-RVG-PNL-TNL-Botosani.jpg","datePublished":"2021-12-06T04:48:20+00:00","dateModified":"2021-12-06T04:48:23+00:00","breadcrumb":{"@id":"https:\/\/curierulsatelor.ro\/wp\/2021\/12\/06\/ucenicii-lui-mos-nicolae-de-la-botosani-sunt-tineri-cu-inimi-darnice\/#breadcrumb"},"inLanguage":"ro-RO","potentialAction":[{"@type":"ReadAction","target":["https:\/\/curierulsatelor.ro\/wp\/2021\/12\/06\/ucenicii-lui-mos-nicolae-de-la-botosani-sunt-tineri-cu-inimi-darnice\/"]}]},{"@type":"ImageObject","inLanguage":"ro-RO","@id":"https:\/\/curierulsatelor.ro\/wp\/2021\/12\/06\/ucenicii-lui-mos-nicolae-de-la-botosani-sunt-tineri-cu-inimi-darnice\/#primaryimage","url":"https:\/\/curierulsatelor.ro\/wp\/wp-content\/uploads\/2021\/12\/Mos-Nicolae-Radu-Grigoras-RVG-PNL-TNL-Botosani.jpg","contentUrl":"https:\/\/curierulsatelor.ro\/wp\/wp-content\/uploads\/2021\/12\/Mos-Nicolae-Radu-Grigoras-RVG-PNL-TNL-Botosani.jpg","width":1200,"height":630},{"@type":"BreadcrumbList","@id":"https:\/\/curierulsatelor.ro\/wp\/2021\/12\/06\/ucenicii-lui-mos-nicolae-de-la-botosani-sunt-tineri-cu-inimi-darnice\/#breadcrumb","itemListElement":[{"@type":"ListItem","position":1,"name":"Prima pagin\u0103","item":"https:\/\/curierulsatelor.ro\/wp\/"},{"@type":"ListItem","position":2,"name":"Ucenicii lui Mo\u0219 Nicolae de la Boto\u0219ani sunt tineri cu inimi darnice"}]},{"@type":"WebSite","@id":"https:\/\/curierulsatelor.ro\/wp\/#website","url":"https:\/\/curierulsatelor.ro\/wp\/","name":"Curierul Regional","description":"","publisher":{"@id":"https:\/\/curierulsatelor.ro\/wp\/#organization"},"potentialAction":[{"@type":"SearchAction","target":{"@type":"EntryPoint","urlTemplate":"https:\/\/curierulsatelor.ro\/wp\/?s={search_term_string}"},"query-input":{"@type":"PropertyValueSpecification","valueRequired":true,"valueName":"search_term_string"}}],"inLanguage":"ro-RO"},{"@type":"Organization","@id":"https:\/\/curierulsatelor.ro\/wp\/#organization","name":"Curierul Regional","url":"https:\/\/curierulsatelor.ro\/wp\/","logo":{"@type":"ImageObject","inLanguage":"ro-RO","@id":"https:\/\/curierulsatelor.ro\/wp\/#\/schema\/logo\/image\/","url":"https:\/\/curierulsatelor.ro\/wp\/wp-content\/uploads\/2020\/01\/Curierul-Regional-si-Curierul-satelor-logo-header.png","contentUrl":"https:\/\/curierulsatelor.ro\/wp\/wp-content\/uploads\/2020\/01\/Curierul-Regional-si-Curierul-satelor-logo-header.png","width":2943,"height":685,"caption":"Curierul Regional"},"image":{"@id":"https:\/\/curierulsatelor.ro\/wp\/#\/schema\/logo\/image\/"}},{"@type":"Person","@id":"https:\/\/curierulsatelor.ro\/wp\/#\/schema\/person\/6f6b28a030e15d619a82894773d6e7b9","name":"Marian Morosan","image":{"@type":"ImageObject","inLanguage":"ro-RO","@id":"https:\/\/secure.gravatar.com\/avatar\/2e833cc9ab99e6bca46266d4ad9030d308346ff7ff0b6b955c29b74cafaf064b?s=96&d=mm&r=g","url":"https:\/\/secure.gravatar.com\/avatar\/2e833cc9ab99e6bca46266d4ad9030d308346ff7ff0b6b955c29b74cafaf064b?s=96&d=mm&r=g","contentUrl":"https:\/\/secure.gravatar.com\/avatar\/2e833cc9ab99e6bca46266d4ad9030d308346ff7ff0b6b955c29b74cafaf064b?s=96&d=mm&r=g","caption":"Marian Morosan"},"description":"Copiilor no\u015ftri li se preg\u0103te\u015fte, incon\u015ftient, o lume de joben ciuruit, din care niciodat\u0103 nu iese iepura\u015ful. Doar panglicile politicilor sociale roase de moliile cu \u015ftaif din ultimele decenii. Suntem oropsi\u0163i, suntem dispera\u0163i, manipula\u0163i p\u00e2n\u0103 acolo \u00eenc\u00e2t ne bucur\u0103m s\u0103 fim masa de manevr\u0103 a unora \u015fi s\u0103 sus\u0163inem c\u0103 a\u015fa e normal. Acum \u00eel \u00een\u0163eleg pe Cioran, dar \u00eel \u00een\u0163eleg mai bine \u015fi pe Preda. \u015ei m\u0103 g\u00e2ndesc iar, cu groaz\u0103, la copilul meu. Cel pu\u0163in eu nu \u00eemi doresc s\u0103 \u015ftiu c\u0103 micu\u0163ul meu va fi singur, cu sufletul descul\u0163, prin jungla mileniului III ! https:\/\/curierulsatelor.ro\/wp\/2019\/10\/16\/cu-sufletul-descult-prin-jungla-mileniului-iii-editorial\/","sameAs":["http:\/\/admin"],"url":"https:\/\/curierulsatelor.ro\/wp\/author\/admin\/"}]}},"_links":{"self":[{"href":"https:\/\/curierulsatelor.ro\/wp\/wp-json\/wp\/v2\/posts\/6953","targetHints":{"allow":["GET"]}}],"collection":[{"href":"https:\/\/curierulsatelor.ro\/wp\/wp-json\/wp\/v2\/posts"}],"about":[{"href":"https:\/\/curierulsatelor.ro\/wp\/wp-json\/wp\/v2\/types\/post"}],"author":[{"embeddable":true,"href":"https:\/\/curierulsatelor.ro\/wp\/wp-json\/wp\/v2\/users\/1"}],"replies":[{"embeddable":true,"href":"https:\/\/curierulsatelor.ro\/wp\/wp-json\/wp\/v2\/comments?post=6953"}],"version-history":[{"count":1,"href":"https:\/\/curierulsatelor.ro\/wp\/wp-json\/wp\/v2\/posts\/6953\/revisions"}],"predecessor-version":[{"id":6958,"href":"https:\/\/curierulsatelor.ro\/wp\/wp-json\/wp\/v2\/posts\/6953\/revisions\/6958"}],"wp:featuredmedia":[{"embeddable":true,"href":"https:\/\/curierulsatelor.ro\/wp\/wp-json\/wp\/v2\/media\/6957"}],"wp:attachment":[{"href":"https:\/\/curierulsatelor.ro\/wp\/wp-json\/wp\/v2\/media?parent=6953"}],"wp:term":[{"taxonomy":"category","embeddable":true,"href":"https:\/\/curierulsatelor.ro\/wp\/wp-json\/wp\/v2\/categories?post=6953"},{"taxonomy":"post_tag","embeddable":true,"href":"https:\/\/curierulsatelor.ro\/wp\/wp-json\/wp\/v2\/tags?post=6953"}],"curies":[{"name":"wp","href":"https:\/\/api.w.org\/{rel}","templated":true}]}}