{"id":7128,"date":"2021-12-23T22:17:00","date_gmt":"2021-12-23T22:17:00","guid":{"rendered":"https:\/\/curierulsatelor.ro\/wp\/?p=7128"},"modified":"2021-12-23T22:17:01","modified_gmt":"2021-12-23T22:17:01","slug":"cosmin-epuras-felicitare-pentru-locuitorii-din-stauceni","status":"publish","type":"post","link":"https:\/\/curierulsatelor.ro\/wp\/2021\/12\/23\/cosmin-epuras-felicitare-pentru-locuitorii-din-stauceni\/","title":{"rendered":"Cosmin Epura\u0219, felicitare pentru locuitorii din St\u0103uceni"},"content":{"rendered":"\n<figure class=\"wp-block-image size-large\"><img fetchpriority=\"high\" decoding=\"async\" width=\"1024\" height=\"478\" src=\"https:\/\/curierulsatelor.ro\/wp\/wp-content\/uploads\/2021\/12\/Felicitare-Cozmin-Epuras-Stauceni-Craciun-Anul-Nou-1024x478.jpg\" alt=\"\" class=\"wp-image-7129\" srcset=\"https:\/\/curierulsatelor.ro\/wp\/wp-content\/uploads\/2021\/12\/Felicitare-Cozmin-Epuras-Stauceni-Craciun-Anul-Nou-1024x478.jpg 1024w, https:\/\/curierulsatelor.ro\/wp\/wp-content\/uploads\/2021\/12\/Felicitare-Cozmin-Epuras-Stauceni-Craciun-Anul-Nou-300x140.jpg 300w, https:\/\/curierulsatelor.ro\/wp\/wp-content\/uploads\/2021\/12\/Felicitare-Cozmin-Epuras-Stauceni-Craciun-Anul-Nou-768x358.jpg 768w, https:\/\/curierulsatelor.ro\/wp\/wp-content\/uploads\/2021\/12\/Felicitare-Cozmin-Epuras-Stauceni-Craciun-Anul-Nou-1536x717.jpg 1536w, https:\/\/curierulsatelor.ro\/wp\/wp-content\/uploads\/2021\/12\/Felicitare-Cozmin-Epuras-Stauceni-Craciun-Anul-Nou-2048x956.jpg 2048w\" sizes=\"(max-width: 1024px) 100vw, 1024px\" \/><\/figure>\n","protected":false},"excerpt":{"rendered":"","protected":false},"author":1,"featured_media":7129,"comment_status":"open","ping_status":"open","sticky":false,"template":"","format":"standard","meta":{"footnotes":""},"categories":[28],"tags":[],"class_list":["post-7128","post","type-post","status-publish","format-standard","has-post-thumbnail","hentry","category-felicitari"],"yoast_head":"<!-- This site is optimized with the Yoast SEO plugin v27.4 - https:\/\/yoast.com\/product\/yoast-seo-wordpress\/ -->\n<title>Cosmin Epura\u0219, felicitare pentru locuitorii din St\u0103uceni - Curierul Regional<\/title>\n<meta name=\"robots\" content=\"index, follow, max-snippet:-1, max-image-preview:large, max-video-preview:-1\" \/>\n<link rel=\"canonical\" href=\"https:\/\/curierulsatelor.ro\/wp\/2021\/12\/23\/cosmin-epuras-felicitare-pentru-locuitorii-din-stauceni\/\" \/>\n<meta property=\"og:locale\" content=\"ro_RO\" \/>\n<meta property=\"og:type\" content=\"article\" \/>\n<meta property=\"og:title\" content=\"Cosmin Epura\u0219, felicitare pentru locuitorii din St\u0103uceni - Curierul Regional\" \/>\n<meta property=\"og:url\" content=\"https:\/\/curierulsatelor.ro\/wp\/2021\/12\/23\/cosmin-epuras-felicitare-pentru-locuitorii-din-stauceni\/\" \/>\n<meta property=\"og:site_name\" content=\"Curierul Regional\" \/>\n<meta property=\"article:published_time\" content=\"2021-12-23T22:17:00+00:00\" \/>\n<meta property=\"article:modified_time\" content=\"2021-12-23T22:17:01+00:00\" \/>\n<meta property=\"og:image\" content=\"https:\/\/curierulsatelor.ro\/wp\/wp-content\/uploads\/2021\/12\/Felicitare-Cozmin-Epuras-Stauceni-Craciun-Anul-Nou-scaled.jpg\" \/>\n\t<meta property=\"og:image:width\" content=\"2560\" \/>\n\t<meta property=\"og:image:height\" content=\"1195\" \/>\n\t<meta property=\"og:image:type\" content=\"image\/jpeg\" \/>\n<meta name=\"author\" content=\"Marian Morosan\" \/>\n<meta name=\"twitter:card\" content=\"summary_large_image\" \/>\n<meta name=\"twitter:label1\" content=\"Scris de\" \/>\n\t<meta name=\"twitter:data1\" content=\"Marian Morosan\" \/>\n<script type=\"application\/ld+json\" class=\"yoast-schema-graph\">{\"@context\":\"https:\\\/\\\/schema.org\",\"@graph\":[{\"@type\":\"Article\",\"@id\":\"https:\\\/\\\/curierulsatelor.ro\\\/wp\\\/2021\\\/12\\\/23\\\/cosmin-epuras-felicitare-pentru-locuitorii-din-stauceni\\\/#article\",\"isPartOf\":{\"@id\":\"https:\\\/\\\/curierulsatelor.ro\\\/wp\\\/2021\\\/12\\\/23\\\/cosmin-epuras-felicitare-pentru-locuitorii-din-stauceni\\\/\"},\"author\":{\"name\":\"Marian Morosan\",\"@id\":\"https:\\\/\\\/curierulsatelor.ro\\\/wp\\\/#\\\/schema\\\/person\\\/6f6b28a030e15d619a82894773d6e7b9\"},\"headline\":\"Cosmin Epura\u0219, felicitare pentru locuitorii din St\u0103uceni\",\"datePublished\":\"2021-12-23T22:17:00+00:00\",\"dateModified\":\"2021-12-23T22:17:01+00:00\",\"mainEntityOfPage\":{\"@id\":\"https:\\\/\\\/curierulsatelor.ro\\\/wp\\\/2021\\\/12\\\/23\\\/cosmin-epuras-felicitare-pentru-locuitorii-din-stauceni\\\/\"},\"wordCount\":8,\"commentCount\":0,\"publisher\":{\"@id\":\"https:\\\/\\\/curierulsatelor.ro\\\/wp\\\/#organization\"},\"image\":{\"@id\":\"https:\\\/\\\/curierulsatelor.ro\\\/wp\\\/2021\\\/12\\\/23\\\/cosmin-epuras-felicitare-pentru-locuitorii-din-stauceni\\\/#primaryimage\"},\"thumbnailUrl\":\"https:\\\/\\\/curierulsatelor.ro\\\/wp\\\/wp-content\\\/uploads\\\/2021\\\/12\\\/Felicitare-Cozmin-Epuras-Stauceni-Craciun-Anul-Nou-scaled.jpg\",\"articleSection\":[\"Felicit\u0103ri\"],\"inLanguage\":\"ro-RO\",\"potentialAction\":[{\"@type\":\"CommentAction\",\"name\":\"Comment\",\"target\":[\"https:\\\/\\\/curierulsatelor.ro\\\/wp\\\/2021\\\/12\\\/23\\\/cosmin-epuras-felicitare-pentru-locuitorii-din-stauceni\\\/#respond\"]}]},{\"@type\":\"WebPage\",\"@id\":\"https:\\\/\\\/curierulsatelor.ro\\\/wp\\\/2021\\\/12\\\/23\\\/cosmin-epuras-felicitare-pentru-locuitorii-din-stauceni\\\/\",\"url\":\"https:\\\/\\\/curierulsatelor.ro\\\/wp\\\/2021\\\/12\\\/23\\\/cosmin-epuras-felicitare-pentru-locuitorii-din-stauceni\\\/\",\"name\":\"Cosmin Epura\u0219, felicitare pentru locuitorii din St\u0103uceni - Curierul Regional\",\"isPartOf\":{\"@id\":\"https:\\\/\\\/curierulsatelor.ro\\\/wp\\\/#website\"},\"primaryImageOfPage\":{\"@id\":\"https:\\\/\\\/curierulsatelor.ro\\\/wp\\\/2021\\\/12\\\/23\\\/cosmin-epuras-felicitare-pentru-locuitorii-din-stauceni\\\/#primaryimage\"},\"image\":{\"@id\":\"https:\\\/\\\/curierulsatelor.ro\\\/wp\\\/2021\\\/12\\\/23\\\/cosmin-epuras-felicitare-pentru-locuitorii-din-stauceni\\\/#primaryimage\"},\"thumbnailUrl\":\"https:\\\/\\\/curierulsatelor.ro\\\/wp\\\/wp-content\\\/uploads\\\/2021\\\/12\\\/Felicitare-Cozmin-Epuras-Stauceni-Craciun-Anul-Nou-scaled.jpg\",\"datePublished\":\"2021-12-23T22:17:00+00:00\",\"dateModified\":\"2021-12-23T22:17:01+00:00\",\"breadcrumb\":{\"@id\":\"https:\\\/\\\/curierulsatelor.ro\\\/wp\\\/2021\\\/12\\\/23\\\/cosmin-epuras-felicitare-pentru-locuitorii-din-stauceni\\\/#breadcrumb\"},\"inLanguage\":\"ro-RO\",\"potentialAction\":[{\"@type\":\"ReadAction\",\"target\":[\"https:\\\/\\\/curierulsatelor.ro\\\/wp\\\/2021\\\/12\\\/23\\\/cosmin-epuras-felicitare-pentru-locuitorii-din-stauceni\\\/\"]}]},{\"@type\":\"ImageObject\",\"inLanguage\":\"ro-RO\",\"@id\":\"https:\\\/\\\/curierulsatelor.ro\\\/wp\\\/2021\\\/12\\\/23\\\/cosmin-epuras-felicitare-pentru-locuitorii-din-stauceni\\\/#primaryimage\",\"url\":\"https:\\\/\\\/curierulsatelor.ro\\\/wp\\\/wp-content\\\/uploads\\\/2021\\\/12\\\/Felicitare-Cozmin-Epuras-Stauceni-Craciun-Anul-Nou-scaled.jpg\",\"contentUrl\":\"https:\\\/\\\/curierulsatelor.ro\\\/wp\\\/wp-content\\\/uploads\\\/2021\\\/12\\\/Felicitare-Cozmin-Epuras-Stauceni-Craciun-Anul-Nou-scaled.jpg\",\"width\":2560,\"height\":1195},{\"@type\":\"BreadcrumbList\",\"@id\":\"https:\\\/\\\/curierulsatelor.ro\\\/wp\\\/2021\\\/12\\\/23\\\/cosmin-epuras-felicitare-pentru-locuitorii-din-stauceni\\\/#breadcrumb\",\"itemListElement\":[{\"@type\":\"ListItem\",\"position\":1,\"name\":\"Prima pagin\u0103\",\"item\":\"https:\\\/\\\/curierulsatelor.ro\\\/wp\\\/\"},{\"@type\":\"ListItem\",\"position\":2,\"name\":\"Cosmin Epura\u0219, felicitare pentru locuitorii din St\u0103uceni\"}]},{\"@type\":\"WebSite\",\"@id\":\"https:\\\/\\\/curierulsatelor.ro\\\/wp\\\/#website\",\"url\":\"https:\\\/\\\/curierulsatelor.ro\\\/wp\\\/\",\"name\":\"Curierul Regional\",\"description\":\"\",\"publisher\":{\"@id\":\"https:\\\/\\\/curierulsatelor.ro\\\/wp\\\/#organization\"},\"potentialAction\":[{\"@type\":\"SearchAction\",\"target\":{\"@type\":\"EntryPoint\",\"urlTemplate\":\"https:\\\/\\\/curierulsatelor.ro\\\/wp\\\/?s={search_term_string}\"},\"query-input\":{\"@type\":\"PropertyValueSpecification\",\"valueRequired\":true,\"valueName\":\"search_term_string\"}}],\"inLanguage\":\"ro-RO\"},{\"@type\":\"Organization\",\"@id\":\"https:\\\/\\\/curierulsatelor.ro\\\/wp\\\/#organization\",\"name\":\"Curierul Regional\",\"url\":\"https:\\\/\\\/curierulsatelor.ro\\\/wp\\\/\",\"logo\":{\"@type\":\"ImageObject\",\"inLanguage\":\"ro-RO\",\"@id\":\"https:\\\/\\\/curierulsatelor.ro\\\/wp\\\/#\\\/schema\\\/logo\\\/image\\\/\",\"url\":\"https:\\\/\\\/curierulsatelor.ro\\\/wp\\\/wp-content\\\/uploads\\\/2020\\\/01\\\/Curierul-Regional-si-Curierul-satelor-logo-header.png\",\"contentUrl\":\"https:\\\/\\\/curierulsatelor.ro\\\/wp\\\/wp-content\\\/uploads\\\/2020\\\/01\\\/Curierul-Regional-si-Curierul-satelor-logo-header.png\",\"width\":2943,\"height\":685,\"caption\":\"Curierul Regional\"},\"image\":{\"@id\":\"https:\\\/\\\/curierulsatelor.ro\\\/wp\\\/#\\\/schema\\\/logo\\\/image\\\/\"}},{\"@type\":\"Person\",\"@id\":\"https:\\\/\\\/curierulsatelor.ro\\\/wp\\\/#\\\/schema\\\/person\\\/6f6b28a030e15d619a82894773d6e7b9\",\"name\":\"Marian Morosan\",\"image\":{\"@type\":\"ImageObject\",\"inLanguage\":\"ro-RO\",\"@id\":\"https:\\\/\\\/secure.gravatar.com\\\/avatar\\\/2e833cc9ab99e6bca46266d4ad9030d308346ff7ff0b6b955c29b74cafaf064b?s=96&d=mm&r=g\",\"url\":\"https:\\\/\\\/secure.gravatar.com\\\/avatar\\\/2e833cc9ab99e6bca46266d4ad9030d308346ff7ff0b6b955c29b74cafaf064b?s=96&d=mm&r=g\",\"contentUrl\":\"https:\\\/\\\/secure.gravatar.com\\\/avatar\\\/2e833cc9ab99e6bca46266d4ad9030d308346ff7ff0b6b955c29b74cafaf064b?s=96&d=mm&r=g\",\"caption\":\"Marian Morosan\"},\"description\":\"Copiilor no\u015ftri li se preg\u0103te\u015fte, incon\u015ftient, o lume de joben ciuruit, din care niciodat\u0103 nu iese iepura\u015ful. Doar panglicile politicilor sociale roase de moliile cu \u015ftaif din ultimele decenii. Suntem oropsi\u0163i, suntem dispera\u0163i, manipula\u0163i p\u00e2n\u0103 acolo \u00eenc\u00e2t ne bucur\u0103m s\u0103 fim masa de manevr\u0103 a unora \u015fi s\u0103 sus\u0163inem c\u0103 a\u015fa e normal. Acum \u00eel \u00een\u0163eleg pe Cioran, dar \u00eel \u00een\u0163eleg mai bine \u015fi pe Preda. \u015ei m\u0103 g\u00e2ndesc iar, cu groaz\u0103, la copilul meu. Cel pu\u0163in eu nu \u00eemi doresc s\u0103 \u015ftiu c\u0103 micu\u0163ul meu va fi singur, cu sufletul descul\u0163, prin jungla mileniului III ! https:\\\/\\\/curierulsatelor.ro\\\/wp\\\/2019\\\/10\\\/16\\\/cu-sufletul-descult-prin-jungla-mileniului-iii-editorial\\\/\",\"sameAs\":[\"http:\\\/\\\/admin\"],\"url\":\"https:\\\/\\\/curierulsatelor.ro\\\/wp\\\/author\\\/admin\\\/\"}]}<\/script>\n<!-- \/ Yoast SEO plugin. -->","yoast_head_json":{"title":"Cosmin Epura\u0219, felicitare pentru locuitorii din St\u0103uceni - Curierul Regional","robots":{"index":"index","follow":"follow","max-snippet":"max-snippet:-1","max-image-preview":"max-image-preview:large","max-video-preview":"max-video-preview:-1"},"canonical":"https:\/\/curierulsatelor.ro\/wp\/2021\/12\/23\/cosmin-epuras-felicitare-pentru-locuitorii-din-stauceni\/","og_locale":"ro_RO","og_type":"article","og_title":"Cosmin Epura\u0219, felicitare pentru locuitorii din St\u0103uceni - Curierul Regional","og_url":"https:\/\/curierulsatelor.ro\/wp\/2021\/12\/23\/cosmin-epuras-felicitare-pentru-locuitorii-din-stauceni\/","og_site_name":"Curierul Regional","article_published_time":"2021-12-23T22:17:00+00:00","article_modified_time":"2021-12-23T22:17:01+00:00","og_image":[{"width":2560,"height":1195,"url":"https:\/\/curierulsatelor.ro\/wp\/wp-content\/uploads\/2021\/12\/Felicitare-Cozmin-Epuras-Stauceni-Craciun-Anul-Nou-scaled.jpg","type":"image\/jpeg"}],"author":"Marian Morosan","twitter_card":"summary_large_image","twitter_misc":{"Scris de":"Marian Morosan"},"schema":{"@context":"https:\/\/schema.org","@graph":[{"@type":"Article","@id":"https:\/\/curierulsatelor.ro\/wp\/2021\/12\/23\/cosmin-epuras-felicitare-pentru-locuitorii-din-stauceni\/#article","isPartOf":{"@id":"https:\/\/curierulsatelor.ro\/wp\/2021\/12\/23\/cosmin-epuras-felicitare-pentru-locuitorii-din-stauceni\/"},"author":{"name":"Marian Morosan","@id":"https:\/\/curierulsatelor.ro\/wp\/#\/schema\/person\/6f6b28a030e15d619a82894773d6e7b9"},"headline":"Cosmin Epura\u0219, felicitare pentru locuitorii din St\u0103uceni","datePublished":"2021-12-23T22:17:00+00:00","dateModified":"2021-12-23T22:17:01+00:00","mainEntityOfPage":{"@id":"https:\/\/curierulsatelor.ro\/wp\/2021\/12\/23\/cosmin-epuras-felicitare-pentru-locuitorii-din-stauceni\/"},"wordCount":8,"commentCount":0,"publisher":{"@id":"https:\/\/curierulsatelor.ro\/wp\/#organization"},"image":{"@id":"https:\/\/curierulsatelor.ro\/wp\/2021\/12\/23\/cosmin-epuras-felicitare-pentru-locuitorii-din-stauceni\/#primaryimage"},"thumbnailUrl":"https:\/\/curierulsatelor.ro\/wp\/wp-content\/uploads\/2021\/12\/Felicitare-Cozmin-Epuras-Stauceni-Craciun-Anul-Nou-scaled.jpg","articleSection":["Felicit\u0103ri"],"inLanguage":"ro-RO","potentialAction":[{"@type":"CommentAction","name":"Comment","target":["https:\/\/curierulsatelor.ro\/wp\/2021\/12\/23\/cosmin-epuras-felicitare-pentru-locuitorii-din-stauceni\/#respond"]}]},{"@type":"WebPage","@id":"https:\/\/curierulsatelor.ro\/wp\/2021\/12\/23\/cosmin-epuras-felicitare-pentru-locuitorii-din-stauceni\/","url":"https:\/\/curierulsatelor.ro\/wp\/2021\/12\/23\/cosmin-epuras-felicitare-pentru-locuitorii-din-stauceni\/","name":"Cosmin Epura\u0219, felicitare pentru locuitorii din St\u0103uceni - Curierul Regional","isPartOf":{"@id":"https:\/\/curierulsatelor.ro\/wp\/#website"},"primaryImageOfPage":{"@id":"https:\/\/curierulsatelor.ro\/wp\/2021\/12\/23\/cosmin-epuras-felicitare-pentru-locuitorii-din-stauceni\/#primaryimage"},"image":{"@id":"https:\/\/curierulsatelor.ro\/wp\/2021\/12\/23\/cosmin-epuras-felicitare-pentru-locuitorii-din-stauceni\/#primaryimage"},"thumbnailUrl":"https:\/\/curierulsatelor.ro\/wp\/wp-content\/uploads\/2021\/12\/Felicitare-Cozmin-Epuras-Stauceni-Craciun-Anul-Nou-scaled.jpg","datePublished":"2021-12-23T22:17:00+00:00","dateModified":"2021-12-23T22:17:01+00:00","breadcrumb":{"@id":"https:\/\/curierulsatelor.ro\/wp\/2021\/12\/23\/cosmin-epuras-felicitare-pentru-locuitorii-din-stauceni\/#breadcrumb"},"inLanguage":"ro-RO","potentialAction":[{"@type":"ReadAction","target":["https:\/\/curierulsatelor.ro\/wp\/2021\/12\/23\/cosmin-epuras-felicitare-pentru-locuitorii-din-stauceni\/"]}]},{"@type":"ImageObject","inLanguage":"ro-RO","@id":"https:\/\/curierulsatelor.ro\/wp\/2021\/12\/23\/cosmin-epuras-felicitare-pentru-locuitorii-din-stauceni\/#primaryimage","url":"https:\/\/curierulsatelor.ro\/wp\/wp-content\/uploads\/2021\/12\/Felicitare-Cozmin-Epuras-Stauceni-Craciun-Anul-Nou-scaled.jpg","contentUrl":"https:\/\/curierulsatelor.ro\/wp\/wp-content\/uploads\/2021\/12\/Felicitare-Cozmin-Epuras-Stauceni-Craciun-Anul-Nou-scaled.jpg","width":2560,"height":1195},{"@type":"BreadcrumbList","@id":"https:\/\/curierulsatelor.ro\/wp\/2021\/12\/23\/cosmin-epuras-felicitare-pentru-locuitorii-din-stauceni\/#breadcrumb","itemListElement":[{"@type":"ListItem","position":1,"name":"Prima pagin\u0103","item":"https:\/\/curierulsatelor.ro\/wp\/"},{"@type":"ListItem","position":2,"name":"Cosmin Epura\u0219, felicitare pentru locuitorii din St\u0103uceni"}]},{"@type":"WebSite","@id":"https:\/\/curierulsatelor.ro\/wp\/#website","url":"https:\/\/curierulsatelor.ro\/wp\/","name":"Curierul Regional","description":"","publisher":{"@id":"https:\/\/curierulsatelor.ro\/wp\/#organization"},"potentialAction":[{"@type":"SearchAction","target":{"@type":"EntryPoint","urlTemplate":"https:\/\/curierulsatelor.ro\/wp\/?s={search_term_string}"},"query-input":{"@type":"PropertyValueSpecification","valueRequired":true,"valueName":"search_term_string"}}],"inLanguage":"ro-RO"},{"@type":"Organization","@id":"https:\/\/curierulsatelor.ro\/wp\/#organization","name":"Curierul Regional","url":"https:\/\/curierulsatelor.ro\/wp\/","logo":{"@type":"ImageObject","inLanguage":"ro-RO","@id":"https:\/\/curierulsatelor.ro\/wp\/#\/schema\/logo\/image\/","url":"https:\/\/curierulsatelor.ro\/wp\/wp-content\/uploads\/2020\/01\/Curierul-Regional-si-Curierul-satelor-logo-header.png","contentUrl":"https:\/\/curierulsatelor.ro\/wp\/wp-content\/uploads\/2020\/01\/Curierul-Regional-si-Curierul-satelor-logo-header.png","width":2943,"height":685,"caption":"Curierul Regional"},"image":{"@id":"https:\/\/curierulsatelor.ro\/wp\/#\/schema\/logo\/image\/"}},{"@type":"Person","@id":"https:\/\/curierulsatelor.ro\/wp\/#\/schema\/person\/6f6b28a030e15d619a82894773d6e7b9","name":"Marian Morosan","image":{"@type":"ImageObject","inLanguage":"ro-RO","@id":"https:\/\/secure.gravatar.com\/avatar\/2e833cc9ab99e6bca46266d4ad9030d308346ff7ff0b6b955c29b74cafaf064b?s=96&d=mm&r=g","url":"https:\/\/secure.gravatar.com\/avatar\/2e833cc9ab99e6bca46266d4ad9030d308346ff7ff0b6b955c29b74cafaf064b?s=96&d=mm&r=g","contentUrl":"https:\/\/secure.gravatar.com\/avatar\/2e833cc9ab99e6bca46266d4ad9030d308346ff7ff0b6b955c29b74cafaf064b?s=96&d=mm&r=g","caption":"Marian Morosan"},"description":"Copiilor no\u015ftri li se preg\u0103te\u015fte, incon\u015ftient, o lume de joben ciuruit, din care niciodat\u0103 nu iese iepura\u015ful. Doar panglicile politicilor sociale roase de moliile cu \u015ftaif din ultimele decenii. Suntem oropsi\u0163i, suntem dispera\u0163i, manipula\u0163i p\u00e2n\u0103 acolo \u00eenc\u00e2t ne bucur\u0103m s\u0103 fim masa de manevr\u0103 a unora \u015fi s\u0103 sus\u0163inem c\u0103 a\u015fa e normal. Acum \u00eel \u00een\u0163eleg pe Cioran, dar \u00eel \u00een\u0163eleg mai bine \u015fi pe Preda. \u015ei m\u0103 g\u00e2ndesc iar, cu groaz\u0103, la copilul meu. Cel pu\u0163in eu nu \u00eemi doresc s\u0103 \u015ftiu c\u0103 micu\u0163ul meu va fi singur, cu sufletul descul\u0163, prin jungla mileniului III ! https:\/\/curierulsatelor.ro\/wp\/2019\/10\/16\/cu-sufletul-descult-prin-jungla-mileniului-iii-editorial\/","sameAs":["http:\/\/admin"],"url":"https:\/\/curierulsatelor.ro\/wp\/author\/admin\/"}]}},"_links":{"self":[{"href":"https:\/\/curierulsatelor.ro\/wp\/wp-json\/wp\/v2\/posts\/7128","targetHints":{"allow":["GET"]}}],"collection":[{"href":"https:\/\/curierulsatelor.ro\/wp\/wp-json\/wp\/v2\/posts"}],"about":[{"href":"https:\/\/curierulsatelor.ro\/wp\/wp-json\/wp\/v2\/types\/post"}],"author":[{"embeddable":true,"href":"https:\/\/curierulsatelor.ro\/wp\/wp-json\/wp\/v2\/users\/1"}],"replies":[{"embeddable":true,"href":"https:\/\/curierulsatelor.ro\/wp\/wp-json\/wp\/v2\/comments?post=7128"}],"version-history":[{"count":1,"href":"https:\/\/curierulsatelor.ro\/wp\/wp-json\/wp\/v2\/posts\/7128\/revisions"}],"predecessor-version":[{"id":7130,"href":"https:\/\/curierulsatelor.ro\/wp\/wp-json\/wp\/v2\/posts\/7128\/revisions\/7130"}],"wp:featuredmedia":[{"embeddable":true,"href":"https:\/\/curierulsatelor.ro\/wp\/wp-json\/wp\/v2\/media\/7129"}],"wp:attachment":[{"href":"https:\/\/curierulsatelor.ro\/wp\/wp-json\/wp\/v2\/media?parent=7128"}],"wp:term":[{"taxonomy":"category","embeddable":true,"href":"https:\/\/curierulsatelor.ro\/wp\/wp-json\/wp\/v2\/categories?post=7128"},{"taxonomy":"post_tag","embeddable":true,"href":"https:\/\/curierulsatelor.ro\/wp\/wp-json\/wp\/v2\/tags?post=7128"}],"curies":[{"name":"wp","href":"https:\/\/api.w.org\/{rel}","templated":true}]}}