{"id":7175,"date":"2021-12-28T14:29:37","date_gmt":"2021-12-28T14:29:37","guid":{"rendered":"https:\/\/curierulsatelor.ro\/wp\/?p=7175"},"modified":"2021-12-28T14:29:38","modified_gmt":"2021-12-28T14:29:38","slug":"pnl-municipiul-botosani-nu-suntem-de-acord-cu-majorarea-taxelor-si-impozitelor-locale","status":"publish","type":"post","link":"https:\/\/curierulsatelor.ro\/wp\/2021\/12\/28\/pnl-municipiul-botosani-nu-suntem-de-acord-cu-majorarea-taxelor-si-impozitelor-locale\/","title":{"rendered":"PNL Municipiul Boto\u0219ani: nu suntem de acord cu majorarea taxelor \u0219i impozitelor locale"},"content":{"rendered":"\n<p>Cei nou\u0103 consilieri municipali ai Partidului Na\u021bional Liberal &#8211;  organiza\u021bia municipal\u0103 (condus\u0103 de senatorul Cristian Achi\u021bei) NU VOR VOTA miercuri, \u00een cadrul \u0219edin\u021bei extraordinare de consiliu local, propunerea de majorare a taxelor \u0219i impozitelor locale.<br>Nu este corect s\u0103 vot\u0103m \u00een cadrul unei \u0219edin\u021be extraordinare programate \u00eentre Cr\u0103ciun \u0219i Revelion, atunci c\u00e2nd popula\u021bia are cu totul alte preocup\u0103ri, o majorare consistent\u0103 a taxelor \u0219i impozitelor pl\u0103tite de boto\u0219\u0103neni \u00een anul 2022, at\u00e2ta timp c\u00e2t cuantumul acestora a fost o dat\u0103 fixat prin votul majorit\u0103\u021bii \u00een \u0219edin\u021ba de consiliu din luna aprilie a.c.<\/p>\n\n\n\n<div class=\"wp-block-image\"><figure class=\"alignright size-large is-resized\"><img fetchpriority=\"high\" decoding=\"async\" src=\"https:\/\/curierulsatelor.ro\/wp\/wp-content\/uploads\/2021\/12\/Achitei-682x1024.jpg\" alt=\"\" class=\"wp-image-7176\" width=\"373\" height=\"560\" srcset=\"https:\/\/curierulsatelor.ro\/wp\/wp-content\/uploads\/2021\/12\/Achitei-682x1024.jpg 682w, https:\/\/curierulsatelor.ro\/wp\/wp-content\/uploads\/2021\/12\/Achitei-200x300.jpg 200w, https:\/\/curierulsatelor.ro\/wp\/wp-content\/uploads\/2021\/12\/Achitei-768x1153.jpg 768w, https:\/\/curierulsatelor.ro\/wp\/wp-content\/uploads\/2021\/12\/Achitei-1023x1536.jpg 1023w, https:\/\/curierulsatelor.ro\/wp\/wp-content\/uploads\/2021\/12\/Achitei-1024x1537.jpg 1024w, https:\/\/curierulsatelor.ro\/wp\/wp-content\/uploads\/2021\/12\/Achitei.jpg 1066w\" sizes=\"(max-width: 373px) 100vw, 373px\" \/><\/figure><\/div>\n\n\n\n<p><br>Totodat\u0103, ca liberali, ne men\u021binem punctul de vedere exprimat clar la nivel na\u021bional cu privire la taxe \u0219i impozite: nu trebuie introduse taxe \u0219i impozite noi, iar cele existente nu trebuie majorate.<br>Nici perioada \u00een care se propune aceast\u0103 majorare a taxelor nu este cea mai potrivit\u0103, \u00een contextul instabilit\u0103\u021bii pre\u021burilor \u0219i tarifelor pentru toate m\u0103rfurile \u0219i serviciile \u0219i \u00eendeosebi pentru energie.<br>Este greu de \u00een\u021beles cum am putea justifica \u00een ochii boto\u0219\u0103nenilor faptul c\u0103 guvernul a reu\u0219it cre\u0219terea pensiilor, aloca\u021biilor \u0219i a altor venituri ale oamenilor \u00een 2022, iar majorarea taxelor \u0219i impozitelor locale ar anula aceast\u0103 cre\u0219tere de venituri.<br>Apreciem de asemenea c\u0103 municipiul Boto\u0219ani a beneficiat \u00een ultima perioad\u0103 de sume consistente alocate de c\u0103tre Guvernul Rom\u00e2niei, fiind redus\u0103 astfel substan\u021bial presiunea privind cre\u0219terea veniturilor proprii prin majorarea taxelor \u0219i impozitelor locale.<br>\u00cen consecin\u021b\u0103, pozi\u021bia consilierilor municipali PNL \u00een \u0219edin\u021ba de miercuri, 29 decembrie, va fi f\u0103r\u0103 echivoc \u00ceMPOTRIVA MAJOR\u0102RII TAXELOR \u0218I IMPOZITELOR pl\u0103tite de boto\u0219\u0103neni \u00een 2022.<br>O dezbatere extrem de serioas\u0103 cu privire la impozitele \u0219i taxele locale din anul 2023 va putea fi f\u0103cut\u0103, din punctul nostru de vedere, abia anul viitor, dup\u0103 stabilizarea infla\u021biei \u0219i dep\u0103\u0219irea crizei energetice.<\/p>\n\n\n\n<p>Organiza\u021bia PNL a Municipiului Boto\u0219ani<\/p>\n","protected":false},"excerpt":{"rendered":"<p>Cei nou\u0103 consilieri municipali ai Partidului Na\u021bional Liberal &#8211; organiza\u021bia municipal\u0103 (condus\u0103 de senatorul Cristian&#8230;<\/p>\n","protected":false},"author":1,"featured_media":7177,"comment_status":"open","ping_status":"open","sticky":false,"template":"","format":"standard","meta":{"footnotes":""},"categories":[15,8,6],"tags":[],"class_list":["post-7175","post","type-post","status-publish","format-standard","has-post-thumbnail","hentry","category-botosani","category-comunicate","category-politica"],"yoast_head":"<!-- This site is optimized with the Yoast SEO plugin v27.4 - https:\/\/yoast.com\/product\/yoast-seo-wordpress\/ -->\n<title>PNL Municipiul Boto\u0219ani: nu suntem de acord cu majorarea taxelor \u0219i impozitelor locale - Curierul Regional<\/title>\n<meta name=\"robots\" content=\"index, follow, max-snippet:-1, max-image-preview:large, max-video-preview:-1\" \/>\n<link rel=\"canonical\" href=\"https:\/\/curierulsatelor.ro\/wp\/2021\/12\/28\/pnl-municipiul-botosani-nu-suntem-de-acord-cu-majorarea-taxelor-si-impozitelor-locale\/\" \/>\n<meta property=\"og:locale\" content=\"ro_RO\" \/>\n<meta property=\"og:type\" content=\"article\" \/>\n<meta property=\"og:title\" content=\"PNL Municipiul Boto\u0219ani: nu suntem de acord cu majorarea taxelor \u0219i impozitelor locale - Curierul Regional\" \/>\n<meta property=\"og:description\" content=\"Cei nou\u0103 consilieri municipali ai Partidului Na\u021bional Liberal &#8211; organiza\u021bia municipal\u0103 (condus\u0103 de senatorul Cristian...\" \/>\n<meta property=\"og:url\" content=\"https:\/\/curierulsatelor.ro\/wp\/2021\/12\/28\/pnl-municipiul-botosani-nu-suntem-de-acord-cu-majorarea-taxelor-si-impozitelor-locale\/\" \/>\n<meta property=\"og:site_name\" content=\"Curierul Regional\" \/>\n<meta property=\"article:published_time\" content=\"2021-12-28T14:29:37+00:00\" \/>\n<meta property=\"article:modified_time\" content=\"2021-12-28T14:29:38+00:00\" \/>\n<meta property=\"og:image\" content=\"https:\/\/curierulsatelor.ro\/wp\/wp-content\/uploads\/2021\/12\/consilieri-pnl-consiliul-local-botosaniimpozitetaxe.jpg\" \/>\n\t<meta property=\"og:image:width\" content=\"800\" \/>\n\t<meta property=\"og:image:height\" content=\"373\" \/>\n\t<meta property=\"og:image:type\" content=\"image\/jpeg\" \/>\n<meta name=\"author\" content=\"Marian Morosan\" \/>\n<meta name=\"twitter:card\" content=\"summary_large_image\" \/>\n<meta name=\"twitter:label1\" content=\"Scris de\" \/>\n\t<meta name=\"twitter:data1\" content=\"Marian Morosan\" \/>\n\t<meta name=\"twitter:label2\" content=\"Timp estimat pentru citire\" \/>\n\t<meta name=\"twitter:data2\" content=\"2 minute\" \/>\n<script type=\"application\/ld+json\" class=\"yoast-schema-graph\">{\"@context\":\"https:\\\/\\\/schema.org\",\"@graph\":[{\"@type\":\"Article\",\"@id\":\"https:\\\/\\\/curierulsatelor.ro\\\/wp\\\/2021\\\/12\\\/28\\\/pnl-municipiul-botosani-nu-suntem-de-acord-cu-majorarea-taxelor-si-impozitelor-locale\\\/#article\",\"isPartOf\":{\"@id\":\"https:\\\/\\\/curierulsatelor.ro\\\/wp\\\/2021\\\/12\\\/28\\\/pnl-municipiul-botosani-nu-suntem-de-acord-cu-majorarea-taxelor-si-impozitelor-locale\\\/\"},\"author\":{\"name\":\"Marian Morosan\",\"@id\":\"https:\\\/\\\/curierulsatelor.ro\\\/wp\\\/#\\\/schema\\\/person\\\/6f6b28a030e15d619a82894773d6e7b9\"},\"headline\":\"PNL Municipiul Boto\u0219ani: nu suntem de acord cu majorarea taxelor \u0219i impozitelor locale\",\"datePublished\":\"2021-12-28T14:29:37+00:00\",\"dateModified\":\"2021-12-28T14:29:38+00:00\",\"mainEntityOfPage\":{\"@id\":\"https:\\\/\\\/curierulsatelor.ro\\\/wp\\\/2021\\\/12\\\/28\\\/pnl-municipiul-botosani-nu-suntem-de-acord-cu-majorarea-taxelor-si-impozitelor-locale\\\/\"},\"wordCount\":345,\"commentCount\":0,\"publisher\":{\"@id\":\"https:\\\/\\\/curierulsatelor.ro\\\/wp\\\/#organization\"},\"image\":{\"@id\":\"https:\\\/\\\/curierulsatelor.ro\\\/wp\\\/2021\\\/12\\\/28\\\/pnl-municipiul-botosani-nu-suntem-de-acord-cu-majorarea-taxelor-si-impozitelor-locale\\\/#primaryimage\"},\"thumbnailUrl\":\"https:\\\/\\\/curierulsatelor.ro\\\/wp\\\/wp-content\\\/uploads\\\/2021\\\/12\\\/consilieri-pnl-consiliul-local-botosaniimpozitetaxe.jpg\",\"articleSection\":[\"Boto\u0219ani\",\"Comunicate\",\"Politica\"],\"inLanguage\":\"ro-RO\",\"potentialAction\":[{\"@type\":\"CommentAction\",\"name\":\"Comment\",\"target\":[\"https:\\\/\\\/curierulsatelor.ro\\\/wp\\\/2021\\\/12\\\/28\\\/pnl-municipiul-botosani-nu-suntem-de-acord-cu-majorarea-taxelor-si-impozitelor-locale\\\/#respond\"]}]},{\"@type\":\"WebPage\",\"@id\":\"https:\\\/\\\/curierulsatelor.ro\\\/wp\\\/2021\\\/12\\\/28\\\/pnl-municipiul-botosani-nu-suntem-de-acord-cu-majorarea-taxelor-si-impozitelor-locale\\\/\",\"url\":\"https:\\\/\\\/curierulsatelor.ro\\\/wp\\\/2021\\\/12\\\/28\\\/pnl-municipiul-botosani-nu-suntem-de-acord-cu-majorarea-taxelor-si-impozitelor-locale\\\/\",\"name\":\"PNL Municipiul Boto\u0219ani: nu suntem de acord cu majorarea taxelor \u0219i impozitelor locale - Curierul Regional\",\"isPartOf\":{\"@id\":\"https:\\\/\\\/curierulsatelor.ro\\\/wp\\\/#website\"},\"primaryImageOfPage\":{\"@id\":\"https:\\\/\\\/curierulsatelor.ro\\\/wp\\\/2021\\\/12\\\/28\\\/pnl-municipiul-botosani-nu-suntem-de-acord-cu-majorarea-taxelor-si-impozitelor-locale\\\/#primaryimage\"},\"image\":{\"@id\":\"https:\\\/\\\/curierulsatelor.ro\\\/wp\\\/2021\\\/12\\\/28\\\/pnl-municipiul-botosani-nu-suntem-de-acord-cu-majorarea-taxelor-si-impozitelor-locale\\\/#primaryimage\"},\"thumbnailUrl\":\"https:\\\/\\\/curierulsatelor.ro\\\/wp\\\/wp-content\\\/uploads\\\/2021\\\/12\\\/consilieri-pnl-consiliul-local-botosaniimpozitetaxe.jpg\",\"datePublished\":\"2021-12-28T14:29:37+00:00\",\"dateModified\":\"2021-12-28T14:29:38+00:00\",\"breadcrumb\":{\"@id\":\"https:\\\/\\\/curierulsatelor.ro\\\/wp\\\/2021\\\/12\\\/28\\\/pnl-municipiul-botosani-nu-suntem-de-acord-cu-majorarea-taxelor-si-impozitelor-locale\\\/#breadcrumb\"},\"inLanguage\":\"ro-RO\",\"potentialAction\":[{\"@type\":\"ReadAction\",\"target\":[\"https:\\\/\\\/curierulsatelor.ro\\\/wp\\\/2021\\\/12\\\/28\\\/pnl-municipiul-botosani-nu-suntem-de-acord-cu-majorarea-taxelor-si-impozitelor-locale\\\/\"]}]},{\"@type\":\"ImageObject\",\"inLanguage\":\"ro-RO\",\"@id\":\"https:\\\/\\\/curierulsatelor.ro\\\/wp\\\/2021\\\/12\\\/28\\\/pnl-municipiul-botosani-nu-suntem-de-acord-cu-majorarea-taxelor-si-impozitelor-locale\\\/#primaryimage\",\"url\":\"https:\\\/\\\/curierulsatelor.ro\\\/wp\\\/wp-content\\\/uploads\\\/2021\\\/12\\\/consilieri-pnl-consiliul-local-botosaniimpozitetaxe.jpg\",\"contentUrl\":\"https:\\\/\\\/curierulsatelor.ro\\\/wp\\\/wp-content\\\/uploads\\\/2021\\\/12\\\/consilieri-pnl-consiliul-local-botosaniimpozitetaxe.jpg\",\"width\":800,\"height\":373},{\"@type\":\"BreadcrumbList\",\"@id\":\"https:\\\/\\\/curierulsatelor.ro\\\/wp\\\/2021\\\/12\\\/28\\\/pnl-municipiul-botosani-nu-suntem-de-acord-cu-majorarea-taxelor-si-impozitelor-locale\\\/#breadcrumb\",\"itemListElement\":[{\"@type\":\"ListItem\",\"position\":1,\"name\":\"Prima pagin\u0103\",\"item\":\"https:\\\/\\\/curierulsatelor.ro\\\/wp\\\/\"},{\"@type\":\"ListItem\",\"position\":2,\"name\":\"PNL Municipiul Boto\u0219ani: nu suntem de acord cu majorarea taxelor \u0219i impozitelor locale\"}]},{\"@type\":\"WebSite\",\"@id\":\"https:\\\/\\\/curierulsatelor.ro\\\/wp\\\/#website\",\"url\":\"https:\\\/\\\/curierulsatelor.ro\\\/wp\\\/\",\"name\":\"Curierul Regional\",\"description\":\"\",\"publisher\":{\"@id\":\"https:\\\/\\\/curierulsatelor.ro\\\/wp\\\/#organization\"},\"potentialAction\":[{\"@type\":\"SearchAction\",\"target\":{\"@type\":\"EntryPoint\",\"urlTemplate\":\"https:\\\/\\\/curierulsatelor.ro\\\/wp\\\/?s={search_term_string}\"},\"query-input\":{\"@type\":\"PropertyValueSpecification\",\"valueRequired\":true,\"valueName\":\"search_term_string\"}}],\"inLanguage\":\"ro-RO\"},{\"@type\":\"Organization\",\"@id\":\"https:\\\/\\\/curierulsatelor.ro\\\/wp\\\/#organization\",\"name\":\"Curierul Regional\",\"url\":\"https:\\\/\\\/curierulsatelor.ro\\\/wp\\\/\",\"logo\":{\"@type\":\"ImageObject\",\"inLanguage\":\"ro-RO\",\"@id\":\"https:\\\/\\\/curierulsatelor.ro\\\/wp\\\/#\\\/schema\\\/logo\\\/image\\\/\",\"url\":\"https:\\\/\\\/curierulsatelor.ro\\\/wp\\\/wp-content\\\/uploads\\\/2020\\\/01\\\/Curierul-Regional-si-Curierul-satelor-logo-header.png\",\"contentUrl\":\"https:\\\/\\\/curierulsatelor.ro\\\/wp\\\/wp-content\\\/uploads\\\/2020\\\/01\\\/Curierul-Regional-si-Curierul-satelor-logo-header.png\",\"width\":2943,\"height\":685,\"caption\":\"Curierul Regional\"},\"image\":{\"@id\":\"https:\\\/\\\/curierulsatelor.ro\\\/wp\\\/#\\\/schema\\\/logo\\\/image\\\/\"}},{\"@type\":\"Person\",\"@id\":\"https:\\\/\\\/curierulsatelor.ro\\\/wp\\\/#\\\/schema\\\/person\\\/6f6b28a030e15d619a82894773d6e7b9\",\"name\":\"Marian Morosan\",\"image\":{\"@type\":\"ImageObject\",\"inLanguage\":\"ro-RO\",\"@id\":\"https:\\\/\\\/secure.gravatar.com\\\/avatar\\\/2e833cc9ab99e6bca46266d4ad9030d308346ff7ff0b6b955c29b74cafaf064b?s=96&d=mm&r=g\",\"url\":\"https:\\\/\\\/secure.gravatar.com\\\/avatar\\\/2e833cc9ab99e6bca46266d4ad9030d308346ff7ff0b6b955c29b74cafaf064b?s=96&d=mm&r=g\",\"contentUrl\":\"https:\\\/\\\/secure.gravatar.com\\\/avatar\\\/2e833cc9ab99e6bca46266d4ad9030d308346ff7ff0b6b955c29b74cafaf064b?s=96&d=mm&r=g\",\"caption\":\"Marian Morosan\"},\"description\":\"Copiilor no\u015ftri li se preg\u0103te\u015fte, incon\u015ftient, o lume de joben ciuruit, din care niciodat\u0103 nu iese iepura\u015ful. Doar panglicile politicilor sociale roase de moliile cu \u015ftaif din ultimele decenii. Suntem oropsi\u0163i, suntem dispera\u0163i, manipula\u0163i p\u00e2n\u0103 acolo \u00eenc\u00e2t ne bucur\u0103m s\u0103 fim masa de manevr\u0103 a unora \u015fi s\u0103 sus\u0163inem c\u0103 a\u015fa e normal. Acum \u00eel \u00een\u0163eleg pe Cioran, dar \u00eel \u00een\u0163eleg mai bine \u015fi pe Preda. \u015ei m\u0103 g\u00e2ndesc iar, cu groaz\u0103, la copilul meu. Cel pu\u0163in eu nu \u00eemi doresc s\u0103 \u015ftiu c\u0103 micu\u0163ul meu va fi singur, cu sufletul descul\u0163, prin jungla mileniului III ! https:\\\/\\\/curierulsatelor.ro\\\/wp\\\/2019\\\/10\\\/16\\\/cu-sufletul-descult-prin-jungla-mileniului-iii-editorial\\\/\",\"sameAs\":[\"http:\\\/\\\/admin\"],\"url\":\"https:\\\/\\\/curierulsatelor.ro\\\/wp\\\/author\\\/admin\\\/\"}]}<\/script>\n<!-- \/ Yoast SEO plugin. -->","yoast_head_json":{"title":"PNL Municipiul Boto\u0219ani: nu suntem de acord cu majorarea taxelor \u0219i impozitelor locale - Curierul Regional","robots":{"index":"index","follow":"follow","max-snippet":"max-snippet:-1","max-image-preview":"max-image-preview:large","max-video-preview":"max-video-preview:-1"},"canonical":"https:\/\/curierulsatelor.ro\/wp\/2021\/12\/28\/pnl-municipiul-botosani-nu-suntem-de-acord-cu-majorarea-taxelor-si-impozitelor-locale\/","og_locale":"ro_RO","og_type":"article","og_title":"PNL Municipiul Boto\u0219ani: nu suntem de acord cu majorarea taxelor \u0219i impozitelor locale - Curierul Regional","og_description":"Cei nou\u0103 consilieri municipali ai Partidului Na\u021bional Liberal &#8211; organiza\u021bia municipal\u0103 (condus\u0103 de senatorul Cristian...","og_url":"https:\/\/curierulsatelor.ro\/wp\/2021\/12\/28\/pnl-municipiul-botosani-nu-suntem-de-acord-cu-majorarea-taxelor-si-impozitelor-locale\/","og_site_name":"Curierul Regional","article_published_time":"2021-12-28T14:29:37+00:00","article_modified_time":"2021-12-28T14:29:38+00:00","og_image":[{"width":800,"height":373,"url":"https:\/\/curierulsatelor.ro\/wp\/wp-content\/uploads\/2021\/12\/consilieri-pnl-consiliul-local-botosaniimpozitetaxe.jpg","type":"image\/jpeg"}],"author":"Marian Morosan","twitter_card":"summary_large_image","twitter_misc":{"Scris de":"Marian Morosan","Timp estimat pentru citire":"2 minute"},"schema":{"@context":"https:\/\/schema.org","@graph":[{"@type":"Article","@id":"https:\/\/curierulsatelor.ro\/wp\/2021\/12\/28\/pnl-municipiul-botosani-nu-suntem-de-acord-cu-majorarea-taxelor-si-impozitelor-locale\/#article","isPartOf":{"@id":"https:\/\/curierulsatelor.ro\/wp\/2021\/12\/28\/pnl-municipiul-botosani-nu-suntem-de-acord-cu-majorarea-taxelor-si-impozitelor-locale\/"},"author":{"name":"Marian Morosan","@id":"https:\/\/curierulsatelor.ro\/wp\/#\/schema\/person\/6f6b28a030e15d619a82894773d6e7b9"},"headline":"PNL Municipiul Boto\u0219ani: nu suntem de acord cu majorarea taxelor \u0219i impozitelor locale","datePublished":"2021-12-28T14:29:37+00:00","dateModified":"2021-12-28T14:29:38+00:00","mainEntityOfPage":{"@id":"https:\/\/curierulsatelor.ro\/wp\/2021\/12\/28\/pnl-municipiul-botosani-nu-suntem-de-acord-cu-majorarea-taxelor-si-impozitelor-locale\/"},"wordCount":345,"commentCount":0,"publisher":{"@id":"https:\/\/curierulsatelor.ro\/wp\/#organization"},"image":{"@id":"https:\/\/curierulsatelor.ro\/wp\/2021\/12\/28\/pnl-municipiul-botosani-nu-suntem-de-acord-cu-majorarea-taxelor-si-impozitelor-locale\/#primaryimage"},"thumbnailUrl":"https:\/\/curierulsatelor.ro\/wp\/wp-content\/uploads\/2021\/12\/consilieri-pnl-consiliul-local-botosaniimpozitetaxe.jpg","articleSection":["Boto\u0219ani","Comunicate","Politica"],"inLanguage":"ro-RO","potentialAction":[{"@type":"CommentAction","name":"Comment","target":["https:\/\/curierulsatelor.ro\/wp\/2021\/12\/28\/pnl-municipiul-botosani-nu-suntem-de-acord-cu-majorarea-taxelor-si-impozitelor-locale\/#respond"]}]},{"@type":"WebPage","@id":"https:\/\/curierulsatelor.ro\/wp\/2021\/12\/28\/pnl-municipiul-botosani-nu-suntem-de-acord-cu-majorarea-taxelor-si-impozitelor-locale\/","url":"https:\/\/curierulsatelor.ro\/wp\/2021\/12\/28\/pnl-municipiul-botosani-nu-suntem-de-acord-cu-majorarea-taxelor-si-impozitelor-locale\/","name":"PNL Municipiul Boto\u0219ani: nu suntem de acord cu majorarea taxelor \u0219i impozitelor locale - Curierul Regional","isPartOf":{"@id":"https:\/\/curierulsatelor.ro\/wp\/#website"},"primaryImageOfPage":{"@id":"https:\/\/curierulsatelor.ro\/wp\/2021\/12\/28\/pnl-municipiul-botosani-nu-suntem-de-acord-cu-majorarea-taxelor-si-impozitelor-locale\/#primaryimage"},"image":{"@id":"https:\/\/curierulsatelor.ro\/wp\/2021\/12\/28\/pnl-municipiul-botosani-nu-suntem-de-acord-cu-majorarea-taxelor-si-impozitelor-locale\/#primaryimage"},"thumbnailUrl":"https:\/\/curierulsatelor.ro\/wp\/wp-content\/uploads\/2021\/12\/consilieri-pnl-consiliul-local-botosaniimpozitetaxe.jpg","datePublished":"2021-12-28T14:29:37+00:00","dateModified":"2021-12-28T14:29:38+00:00","breadcrumb":{"@id":"https:\/\/curierulsatelor.ro\/wp\/2021\/12\/28\/pnl-municipiul-botosani-nu-suntem-de-acord-cu-majorarea-taxelor-si-impozitelor-locale\/#breadcrumb"},"inLanguage":"ro-RO","potentialAction":[{"@type":"ReadAction","target":["https:\/\/curierulsatelor.ro\/wp\/2021\/12\/28\/pnl-municipiul-botosani-nu-suntem-de-acord-cu-majorarea-taxelor-si-impozitelor-locale\/"]}]},{"@type":"ImageObject","inLanguage":"ro-RO","@id":"https:\/\/curierulsatelor.ro\/wp\/2021\/12\/28\/pnl-municipiul-botosani-nu-suntem-de-acord-cu-majorarea-taxelor-si-impozitelor-locale\/#primaryimage","url":"https:\/\/curierulsatelor.ro\/wp\/wp-content\/uploads\/2021\/12\/consilieri-pnl-consiliul-local-botosaniimpozitetaxe.jpg","contentUrl":"https:\/\/curierulsatelor.ro\/wp\/wp-content\/uploads\/2021\/12\/consilieri-pnl-consiliul-local-botosaniimpozitetaxe.jpg","width":800,"height":373},{"@type":"BreadcrumbList","@id":"https:\/\/curierulsatelor.ro\/wp\/2021\/12\/28\/pnl-municipiul-botosani-nu-suntem-de-acord-cu-majorarea-taxelor-si-impozitelor-locale\/#breadcrumb","itemListElement":[{"@type":"ListItem","position":1,"name":"Prima pagin\u0103","item":"https:\/\/curierulsatelor.ro\/wp\/"},{"@type":"ListItem","position":2,"name":"PNL Municipiul Boto\u0219ani: nu suntem de acord cu majorarea taxelor \u0219i impozitelor locale"}]},{"@type":"WebSite","@id":"https:\/\/curierulsatelor.ro\/wp\/#website","url":"https:\/\/curierulsatelor.ro\/wp\/","name":"Curierul Regional","description":"","publisher":{"@id":"https:\/\/curierulsatelor.ro\/wp\/#organization"},"potentialAction":[{"@type":"SearchAction","target":{"@type":"EntryPoint","urlTemplate":"https:\/\/curierulsatelor.ro\/wp\/?s={search_term_string}"},"query-input":{"@type":"PropertyValueSpecification","valueRequired":true,"valueName":"search_term_string"}}],"inLanguage":"ro-RO"},{"@type":"Organization","@id":"https:\/\/curierulsatelor.ro\/wp\/#organization","name":"Curierul Regional","url":"https:\/\/curierulsatelor.ro\/wp\/","logo":{"@type":"ImageObject","inLanguage":"ro-RO","@id":"https:\/\/curierulsatelor.ro\/wp\/#\/schema\/logo\/image\/","url":"https:\/\/curierulsatelor.ro\/wp\/wp-content\/uploads\/2020\/01\/Curierul-Regional-si-Curierul-satelor-logo-header.png","contentUrl":"https:\/\/curierulsatelor.ro\/wp\/wp-content\/uploads\/2020\/01\/Curierul-Regional-si-Curierul-satelor-logo-header.png","width":2943,"height":685,"caption":"Curierul Regional"},"image":{"@id":"https:\/\/curierulsatelor.ro\/wp\/#\/schema\/logo\/image\/"}},{"@type":"Person","@id":"https:\/\/curierulsatelor.ro\/wp\/#\/schema\/person\/6f6b28a030e15d619a82894773d6e7b9","name":"Marian Morosan","image":{"@type":"ImageObject","inLanguage":"ro-RO","@id":"https:\/\/secure.gravatar.com\/avatar\/2e833cc9ab99e6bca46266d4ad9030d308346ff7ff0b6b955c29b74cafaf064b?s=96&d=mm&r=g","url":"https:\/\/secure.gravatar.com\/avatar\/2e833cc9ab99e6bca46266d4ad9030d308346ff7ff0b6b955c29b74cafaf064b?s=96&d=mm&r=g","contentUrl":"https:\/\/secure.gravatar.com\/avatar\/2e833cc9ab99e6bca46266d4ad9030d308346ff7ff0b6b955c29b74cafaf064b?s=96&d=mm&r=g","caption":"Marian Morosan"},"description":"Copiilor no\u015ftri li se preg\u0103te\u015fte, incon\u015ftient, o lume de joben ciuruit, din care niciodat\u0103 nu iese iepura\u015ful. Doar panglicile politicilor sociale roase de moliile cu \u015ftaif din ultimele decenii. Suntem oropsi\u0163i, suntem dispera\u0163i, manipula\u0163i p\u00e2n\u0103 acolo \u00eenc\u00e2t ne bucur\u0103m s\u0103 fim masa de manevr\u0103 a unora \u015fi s\u0103 sus\u0163inem c\u0103 a\u015fa e normal. Acum \u00eel \u00een\u0163eleg pe Cioran, dar \u00eel \u00een\u0163eleg mai bine \u015fi pe Preda. \u015ei m\u0103 g\u00e2ndesc iar, cu groaz\u0103, la copilul meu. Cel pu\u0163in eu nu \u00eemi doresc s\u0103 \u015ftiu c\u0103 micu\u0163ul meu va fi singur, cu sufletul descul\u0163, prin jungla mileniului III ! https:\/\/curierulsatelor.ro\/wp\/2019\/10\/16\/cu-sufletul-descult-prin-jungla-mileniului-iii-editorial\/","sameAs":["http:\/\/admin"],"url":"https:\/\/curierulsatelor.ro\/wp\/author\/admin\/"}]}},"_links":{"self":[{"href":"https:\/\/curierulsatelor.ro\/wp\/wp-json\/wp\/v2\/posts\/7175","targetHints":{"allow":["GET"]}}],"collection":[{"href":"https:\/\/curierulsatelor.ro\/wp\/wp-json\/wp\/v2\/posts"}],"about":[{"href":"https:\/\/curierulsatelor.ro\/wp\/wp-json\/wp\/v2\/types\/post"}],"author":[{"embeddable":true,"href":"https:\/\/curierulsatelor.ro\/wp\/wp-json\/wp\/v2\/users\/1"}],"replies":[{"embeddable":true,"href":"https:\/\/curierulsatelor.ro\/wp\/wp-json\/wp\/v2\/comments?post=7175"}],"version-history":[{"count":1,"href":"https:\/\/curierulsatelor.ro\/wp\/wp-json\/wp\/v2\/posts\/7175\/revisions"}],"predecessor-version":[{"id":7178,"href":"https:\/\/curierulsatelor.ro\/wp\/wp-json\/wp\/v2\/posts\/7175\/revisions\/7178"}],"wp:featuredmedia":[{"embeddable":true,"href":"https:\/\/curierulsatelor.ro\/wp\/wp-json\/wp\/v2\/media\/7177"}],"wp:attachment":[{"href":"https:\/\/curierulsatelor.ro\/wp\/wp-json\/wp\/v2\/media?parent=7175"}],"wp:term":[{"taxonomy":"category","embeddable":true,"href":"https:\/\/curierulsatelor.ro\/wp\/wp-json\/wp\/v2\/categories?post=7175"},{"taxonomy":"post_tag","embeddable":true,"href":"https:\/\/curierulsatelor.ro\/wp\/wp-json\/wp\/v2\/tags?post=7175"}],"curies":[{"name":"wp","href":"https:\/\/api.w.org\/{rel}","templated":true}]}}