{"id":729,"date":"2019-11-23T06:52:53","date_gmt":"2019-11-23T06:52:53","guid":{"rendered":"https:\/\/curierulsatelor.ro\/wp\/?p=729"},"modified":"2019-11-23T06:54:16","modified_gmt":"2019-11-23T06:54:16","slug":"saracie-asanata-prin-educatie-curs-de-baby-sitter-la-hiliseu-horia","status":"publish","type":"post","link":"https:\/\/curierulsatelor.ro\/wp\/2019\/11\/23\/saracie-asanata-prin-educatie-curs-de-baby-sitter-la-hiliseu-horia\/","title":{"rendered":"S\u0103r\u0103cie asanat\u0103 prin educa\u021bie. Curs de baby-sitter la Hili\u0219eu Horia"},"content":{"rendered":"\n<p> Dup\u0103 ce prin zeci de proiecte a reu\u0219it s\u0103 \u00ee\u0219i conving\u0103 cet\u0103\u021benii s\u0103 devin\u0103 antreprenori, primarul comunei Hili\u0219eu Horia mai are un proiect \u00een derulare \u00een comun\u0103, prin care absolven\u021bii vor primi certificate de calificare dar \u0219i subven\u021bii de circa 1800 lei la final. Cursul de Baby &#8211; Sitter face parte dintr-un dintr-un proiect mai mare derulat \u00een comun\u0103 prin care se urm\u0103re\u0219te \u201dReducerea s\u0103r\u0103ciei prin activit\u0103\u021bi integrate \u00een comunit\u0103\u021bile marginalizate\u201d. <br>\u00cen aceast\u0103 perioad\u0103, \u00een comuna Hili\u0219eu Horia din jude\u021bul Boto\u0219ani, se desf\u0103\u0219oar\u0103  cursul de BABY-SITTER . Cursul se va \u021bine \u00een localitatea IEZER, iar persoanele care doresc s\u0103 urmeze acest curs sunt rugate s\u0103 contacteze Prim\u0103ria Hili\u0219eu-Horia prin intermediul doamnelor Mih\u0103ileanu Mariana sau Popescu Diana sau chiar prin mesaj direct pe pagina de facebook &#8222;Hili\u0219eu-Horia Proiect POCU&#8221;.<br> Cursul de BABY-SITTER (\u00eengrijire copii)&nbsp;va prezenta participan\u021bilor, tehnici specifice de \u00eengrjire a copilului. Accentul se va pune pe abilit\u0103\u021bile de comunicare, cursan\u021bii dob\u00e2ndind cuno\u0219tin\u021bele necesare pentru a putea comunica cu fiecare copil \u00een parte \u00eentr-un mod eficient \u0219i pl\u0103cut. De asemenea, ei vor descoperi care sunt normele igienico-sanitare ce trebuie avute \u00een vedere \u00een cazul activ\u0103rii \u00een domeniul \u00eengrijirii copiilor \u0219i cum pot fi duse acestea la bun sfar\u0219it. Cursul de baby-sitter (\u00eengrijire copii) va urm\u0103ri s\u0103 prezinte cursan\u021bilor regulile unei alimenta\u021bii corecte, metodele de aplicare a eventualelor prescrip\u021bii medicale \u0219i modul prin care ace\u0219tia pot favoriza dezvoltarea anumitor deprinderi pentru copilul asistat. Mai mult, to\u021bi cursan\u021bii \u00ee\u0219i vor \u00eensu\u0219i o serie de no\u021biuni de prim ajutor \u0219i de medicin\u0103 de baz\u0103, pentru a putea monitoriza cu succes starea de s\u0103n\u0103tate a copilului asistat.<br>Diploma ob\u021binut\u0103 va putea fi folosit\u0103 \u00een scopul angaj\u0103rii, iar la finalul cursului, pe l\u00e2ng\u0103 calificarea ob\u021binut\u0103, cursantul va fi primi o subven\u021bie \u00een valoare de 1800 de lei.<br><\/p>\n","protected":false},"excerpt":{"rendered":"<p>Dup\u0103 ce prin zeci de proiecte a reu\u0219it s\u0103 \u00ee\u0219i conving\u0103 cet\u0103\u021benii s\u0103 devin\u0103 antreprenori,&#8230;<\/p>\n","protected":false},"author":1,"featured_media":730,"comment_status":"open","ping_status":"open","sticky":false,"template":"","format":"standard","meta":{"footnotes":""},"categories":[5,3,7,11],"tags":[],"class_list":["post-729","post","type-post","status-publish","format-standard","has-post-thumbnail","hentry","category-administratie","category-lumea-satelor","category-social","category-stiri"],"yoast_head":"<!-- This site is optimized with the Yoast SEO plugin v27.4 - https:\/\/yoast.com\/product\/yoast-seo-wordpress\/ -->\n<title>S\u0103r\u0103cie asanat\u0103 prin educa\u021bie. Curs de baby-sitter la Hili\u0219eu Horia - Curierul Regional<\/title>\n<meta name=\"robots\" content=\"index, follow, max-snippet:-1, max-image-preview:large, max-video-preview:-1\" \/>\n<link rel=\"canonical\" href=\"https:\/\/curierulsatelor.ro\/wp\/2019\/11\/23\/saracie-asanata-prin-educatie-curs-de-baby-sitter-la-hiliseu-horia\/\" \/>\n<meta property=\"og:locale\" content=\"ro_RO\" \/>\n<meta property=\"og:type\" content=\"article\" \/>\n<meta property=\"og:title\" content=\"S\u0103r\u0103cie asanat\u0103 prin educa\u021bie. Curs de baby-sitter la Hili\u0219eu Horia - Curierul Regional\" \/>\n<meta property=\"og:description\" content=\"Dup\u0103 ce prin zeci de proiecte a reu\u0219it s\u0103 \u00ee\u0219i conving\u0103 cet\u0103\u021benii s\u0103 devin\u0103 antreprenori,...\" \/>\n<meta property=\"og:url\" content=\"https:\/\/curierulsatelor.ro\/wp\/2019\/11\/23\/saracie-asanata-prin-educatie-curs-de-baby-sitter-la-hiliseu-horia\/\" \/>\n<meta property=\"og:site_name\" content=\"Curierul Regional\" \/>\n<meta property=\"article:published_time\" content=\"2019-11-23T06:52:53+00:00\" \/>\n<meta property=\"article:modified_time\" content=\"2019-11-23T06:54:16+00:00\" \/>\n<meta property=\"og:image\" content=\"https:\/\/curierulsatelor.ro\/wp\/wp-content\/uploads\/2019\/11\/Saracie-asanata-prin-educatie-la-Hiliseu-Horia-cu-Ioan-Butnaru.jpg\" \/>\n\t<meta property=\"og:image:width\" content=\"2016\" \/>\n\t<meta property=\"og:image:height\" content=\"1072\" \/>\n\t<meta property=\"og:image:type\" content=\"image\/jpeg\" \/>\n<meta name=\"author\" content=\"Marian Morosan\" \/>\n<meta name=\"twitter:card\" content=\"summary_large_image\" \/>\n<meta name=\"twitter:label1\" content=\"Scris de\" \/>\n\t<meta name=\"twitter:data1\" content=\"Marian Morosan\" \/>\n\t<meta name=\"twitter:label2\" content=\"Timp estimat pentru citire\" \/>\n\t<meta name=\"twitter:data2\" content=\"2 minute\" \/>\n<script type=\"application\/ld+json\" class=\"yoast-schema-graph\">{\"@context\":\"https:\\\/\\\/schema.org\",\"@graph\":[{\"@type\":\"Article\",\"@id\":\"https:\\\/\\\/curierulsatelor.ro\\\/wp\\\/2019\\\/11\\\/23\\\/saracie-asanata-prin-educatie-curs-de-baby-sitter-la-hiliseu-horia\\\/#article\",\"isPartOf\":{\"@id\":\"https:\\\/\\\/curierulsatelor.ro\\\/wp\\\/2019\\\/11\\\/23\\\/saracie-asanata-prin-educatie-curs-de-baby-sitter-la-hiliseu-horia\\\/\"},\"author\":{\"name\":\"Marian Morosan\",\"@id\":\"https:\\\/\\\/curierulsatelor.ro\\\/wp\\\/#\\\/schema\\\/person\\\/6f6b28a030e15d619a82894773d6e7b9\"},\"headline\":\"S\u0103r\u0103cie asanat\u0103 prin educa\u021bie. Curs de baby-sitter la Hili\u0219eu Horia\",\"datePublished\":\"2019-11-23T06:52:53+00:00\",\"dateModified\":\"2019-11-23T06:54:16+00:00\",\"mainEntityOfPage\":{\"@id\":\"https:\\\/\\\/curierulsatelor.ro\\\/wp\\\/2019\\\/11\\\/23\\\/saracie-asanata-prin-educatie-curs-de-baby-sitter-la-hiliseu-horia\\\/\"},\"wordCount\":348,\"commentCount\":0,\"publisher\":{\"@id\":\"https:\\\/\\\/curierulsatelor.ro\\\/wp\\\/#organization\"},\"image\":{\"@id\":\"https:\\\/\\\/curierulsatelor.ro\\\/wp\\\/2019\\\/11\\\/23\\\/saracie-asanata-prin-educatie-curs-de-baby-sitter-la-hiliseu-horia\\\/#primaryimage\"},\"thumbnailUrl\":\"https:\\\/\\\/curierulsatelor.ro\\\/wp\\\/wp-content\\\/uploads\\\/2019\\\/11\\\/Saracie-asanata-prin-educatie-la-Hiliseu-Horia-cu-Ioan-Butnaru.jpg\",\"articleSection\":[\"Administratie\",\"Lumea satelor\",\"Social\",\"Stiri\"],\"inLanguage\":\"ro-RO\",\"potentialAction\":[{\"@type\":\"CommentAction\",\"name\":\"Comment\",\"target\":[\"https:\\\/\\\/curierulsatelor.ro\\\/wp\\\/2019\\\/11\\\/23\\\/saracie-asanata-prin-educatie-curs-de-baby-sitter-la-hiliseu-horia\\\/#respond\"]}]},{\"@type\":\"WebPage\",\"@id\":\"https:\\\/\\\/curierulsatelor.ro\\\/wp\\\/2019\\\/11\\\/23\\\/saracie-asanata-prin-educatie-curs-de-baby-sitter-la-hiliseu-horia\\\/\",\"url\":\"https:\\\/\\\/curierulsatelor.ro\\\/wp\\\/2019\\\/11\\\/23\\\/saracie-asanata-prin-educatie-curs-de-baby-sitter-la-hiliseu-horia\\\/\",\"name\":\"S\u0103r\u0103cie asanat\u0103 prin educa\u021bie. Curs de baby-sitter la Hili\u0219eu Horia - Curierul Regional\",\"isPartOf\":{\"@id\":\"https:\\\/\\\/curierulsatelor.ro\\\/wp\\\/#website\"},\"primaryImageOfPage\":{\"@id\":\"https:\\\/\\\/curierulsatelor.ro\\\/wp\\\/2019\\\/11\\\/23\\\/saracie-asanata-prin-educatie-curs-de-baby-sitter-la-hiliseu-horia\\\/#primaryimage\"},\"image\":{\"@id\":\"https:\\\/\\\/curierulsatelor.ro\\\/wp\\\/2019\\\/11\\\/23\\\/saracie-asanata-prin-educatie-curs-de-baby-sitter-la-hiliseu-horia\\\/#primaryimage\"},\"thumbnailUrl\":\"https:\\\/\\\/curierulsatelor.ro\\\/wp\\\/wp-content\\\/uploads\\\/2019\\\/11\\\/Saracie-asanata-prin-educatie-la-Hiliseu-Horia-cu-Ioan-Butnaru.jpg\",\"datePublished\":\"2019-11-23T06:52:53+00:00\",\"dateModified\":\"2019-11-23T06:54:16+00:00\",\"breadcrumb\":{\"@id\":\"https:\\\/\\\/curierulsatelor.ro\\\/wp\\\/2019\\\/11\\\/23\\\/saracie-asanata-prin-educatie-curs-de-baby-sitter-la-hiliseu-horia\\\/#breadcrumb\"},\"inLanguage\":\"ro-RO\",\"potentialAction\":[{\"@type\":\"ReadAction\",\"target\":[\"https:\\\/\\\/curierulsatelor.ro\\\/wp\\\/2019\\\/11\\\/23\\\/saracie-asanata-prin-educatie-curs-de-baby-sitter-la-hiliseu-horia\\\/\"]}]},{\"@type\":\"ImageObject\",\"inLanguage\":\"ro-RO\",\"@id\":\"https:\\\/\\\/curierulsatelor.ro\\\/wp\\\/2019\\\/11\\\/23\\\/saracie-asanata-prin-educatie-curs-de-baby-sitter-la-hiliseu-horia\\\/#primaryimage\",\"url\":\"https:\\\/\\\/curierulsatelor.ro\\\/wp\\\/wp-content\\\/uploads\\\/2019\\\/11\\\/Saracie-asanata-prin-educatie-la-Hiliseu-Horia-cu-Ioan-Butnaru.jpg\",\"contentUrl\":\"https:\\\/\\\/curierulsatelor.ro\\\/wp\\\/wp-content\\\/uploads\\\/2019\\\/11\\\/Saracie-asanata-prin-educatie-la-Hiliseu-Horia-cu-Ioan-Butnaru.jpg\",\"width\":2016,\"height\":1072},{\"@type\":\"BreadcrumbList\",\"@id\":\"https:\\\/\\\/curierulsatelor.ro\\\/wp\\\/2019\\\/11\\\/23\\\/saracie-asanata-prin-educatie-curs-de-baby-sitter-la-hiliseu-horia\\\/#breadcrumb\",\"itemListElement\":[{\"@type\":\"ListItem\",\"position\":1,\"name\":\"Prima pagin\u0103\",\"item\":\"https:\\\/\\\/curierulsatelor.ro\\\/wp\\\/\"},{\"@type\":\"ListItem\",\"position\":2,\"name\":\"S\u0103r\u0103cie asanat\u0103 prin educa\u021bie. Curs de baby-sitter la Hili\u0219eu Horia\"}]},{\"@type\":\"WebSite\",\"@id\":\"https:\\\/\\\/curierulsatelor.ro\\\/wp\\\/#website\",\"url\":\"https:\\\/\\\/curierulsatelor.ro\\\/wp\\\/\",\"name\":\"Curierul Regional\",\"description\":\"\",\"publisher\":{\"@id\":\"https:\\\/\\\/curierulsatelor.ro\\\/wp\\\/#organization\"},\"potentialAction\":[{\"@type\":\"SearchAction\",\"target\":{\"@type\":\"EntryPoint\",\"urlTemplate\":\"https:\\\/\\\/curierulsatelor.ro\\\/wp\\\/?s={search_term_string}\"},\"query-input\":{\"@type\":\"PropertyValueSpecification\",\"valueRequired\":true,\"valueName\":\"search_term_string\"}}],\"inLanguage\":\"ro-RO\"},{\"@type\":\"Organization\",\"@id\":\"https:\\\/\\\/curierulsatelor.ro\\\/wp\\\/#organization\",\"name\":\"Curierul Regional\",\"url\":\"https:\\\/\\\/curierulsatelor.ro\\\/wp\\\/\",\"logo\":{\"@type\":\"ImageObject\",\"inLanguage\":\"ro-RO\",\"@id\":\"https:\\\/\\\/curierulsatelor.ro\\\/wp\\\/#\\\/schema\\\/logo\\\/image\\\/\",\"url\":\"https:\\\/\\\/curierulsatelor.ro\\\/wp\\\/wp-content\\\/uploads\\\/2020\\\/01\\\/Curierul-Regional-si-Curierul-satelor-logo-header.png\",\"contentUrl\":\"https:\\\/\\\/curierulsatelor.ro\\\/wp\\\/wp-content\\\/uploads\\\/2020\\\/01\\\/Curierul-Regional-si-Curierul-satelor-logo-header.png\",\"width\":2943,\"height\":685,\"caption\":\"Curierul Regional\"},\"image\":{\"@id\":\"https:\\\/\\\/curierulsatelor.ro\\\/wp\\\/#\\\/schema\\\/logo\\\/image\\\/\"}},{\"@type\":\"Person\",\"@id\":\"https:\\\/\\\/curierulsatelor.ro\\\/wp\\\/#\\\/schema\\\/person\\\/6f6b28a030e15d619a82894773d6e7b9\",\"name\":\"Marian Morosan\",\"image\":{\"@type\":\"ImageObject\",\"inLanguage\":\"ro-RO\",\"@id\":\"https:\\\/\\\/secure.gravatar.com\\\/avatar\\\/2e833cc9ab99e6bca46266d4ad9030d308346ff7ff0b6b955c29b74cafaf064b?s=96&d=mm&r=g\",\"url\":\"https:\\\/\\\/secure.gravatar.com\\\/avatar\\\/2e833cc9ab99e6bca46266d4ad9030d308346ff7ff0b6b955c29b74cafaf064b?s=96&d=mm&r=g\",\"contentUrl\":\"https:\\\/\\\/secure.gravatar.com\\\/avatar\\\/2e833cc9ab99e6bca46266d4ad9030d308346ff7ff0b6b955c29b74cafaf064b?s=96&d=mm&r=g\",\"caption\":\"Marian Morosan\"},\"description\":\"Copiilor no\u015ftri li se preg\u0103te\u015fte, incon\u015ftient, o lume de joben ciuruit, din care niciodat\u0103 nu iese iepura\u015ful. Doar panglicile politicilor sociale roase de moliile cu \u015ftaif din ultimele decenii. Suntem oropsi\u0163i, suntem dispera\u0163i, manipula\u0163i p\u00e2n\u0103 acolo \u00eenc\u00e2t ne bucur\u0103m s\u0103 fim masa de manevr\u0103 a unora \u015fi s\u0103 sus\u0163inem c\u0103 a\u015fa e normal. Acum \u00eel \u00een\u0163eleg pe Cioran, dar \u00eel \u00een\u0163eleg mai bine \u015fi pe Preda. \u015ei m\u0103 g\u00e2ndesc iar, cu groaz\u0103, la copilul meu. Cel pu\u0163in eu nu \u00eemi doresc s\u0103 \u015ftiu c\u0103 micu\u0163ul meu va fi singur, cu sufletul descul\u0163, prin jungla mileniului III ! https:\\\/\\\/curierulsatelor.ro\\\/wp\\\/2019\\\/10\\\/16\\\/cu-sufletul-descult-prin-jungla-mileniului-iii-editorial\\\/\",\"sameAs\":[\"http:\\\/\\\/admin\"],\"url\":\"https:\\\/\\\/curierulsatelor.ro\\\/wp\\\/author\\\/admin\\\/\"}]}<\/script>\n<!-- \/ Yoast SEO plugin. -->","yoast_head_json":{"title":"S\u0103r\u0103cie asanat\u0103 prin educa\u021bie. Curs de baby-sitter la Hili\u0219eu Horia - Curierul Regional","robots":{"index":"index","follow":"follow","max-snippet":"max-snippet:-1","max-image-preview":"max-image-preview:large","max-video-preview":"max-video-preview:-1"},"canonical":"https:\/\/curierulsatelor.ro\/wp\/2019\/11\/23\/saracie-asanata-prin-educatie-curs-de-baby-sitter-la-hiliseu-horia\/","og_locale":"ro_RO","og_type":"article","og_title":"S\u0103r\u0103cie asanat\u0103 prin educa\u021bie. Curs de baby-sitter la Hili\u0219eu Horia - Curierul Regional","og_description":"Dup\u0103 ce prin zeci de proiecte a reu\u0219it s\u0103 \u00ee\u0219i conving\u0103 cet\u0103\u021benii s\u0103 devin\u0103 antreprenori,...","og_url":"https:\/\/curierulsatelor.ro\/wp\/2019\/11\/23\/saracie-asanata-prin-educatie-curs-de-baby-sitter-la-hiliseu-horia\/","og_site_name":"Curierul Regional","article_published_time":"2019-11-23T06:52:53+00:00","article_modified_time":"2019-11-23T06:54:16+00:00","og_image":[{"width":2016,"height":1072,"url":"https:\/\/curierulsatelor.ro\/wp\/wp-content\/uploads\/2019\/11\/Saracie-asanata-prin-educatie-la-Hiliseu-Horia-cu-Ioan-Butnaru.jpg","type":"image\/jpeg"}],"author":"Marian Morosan","twitter_card":"summary_large_image","twitter_misc":{"Scris de":"Marian Morosan","Timp estimat pentru citire":"2 minute"},"schema":{"@context":"https:\/\/schema.org","@graph":[{"@type":"Article","@id":"https:\/\/curierulsatelor.ro\/wp\/2019\/11\/23\/saracie-asanata-prin-educatie-curs-de-baby-sitter-la-hiliseu-horia\/#article","isPartOf":{"@id":"https:\/\/curierulsatelor.ro\/wp\/2019\/11\/23\/saracie-asanata-prin-educatie-curs-de-baby-sitter-la-hiliseu-horia\/"},"author":{"name":"Marian Morosan","@id":"https:\/\/curierulsatelor.ro\/wp\/#\/schema\/person\/6f6b28a030e15d619a82894773d6e7b9"},"headline":"S\u0103r\u0103cie asanat\u0103 prin educa\u021bie. Curs de baby-sitter la Hili\u0219eu Horia","datePublished":"2019-11-23T06:52:53+00:00","dateModified":"2019-11-23T06:54:16+00:00","mainEntityOfPage":{"@id":"https:\/\/curierulsatelor.ro\/wp\/2019\/11\/23\/saracie-asanata-prin-educatie-curs-de-baby-sitter-la-hiliseu-horia\/"},"wordCount":348,"commentCount":0,"publisher":{"@id":"https:\/\/curierulsatelor.ro\/wp\/#organization"},"image":{"@id":"https:\/\/curierulsatelor.ro\/wp\/2019\/11\/23\/saracie-asanata-prin-educatie-curs-de-baby-sitter-la-hiliseu-horia\/#primaryimage"},"thumbnailUrl":"https:\/\/curierulsatelor.ro\/wp\/wp-content\/uploads\/2019\/11\/Saracie-asanata-prin-educatie-la-Hiliseu-Horia-cu-Ioan-Butnaru.jpg","articleSection":["Administratie","Lumea satelor","Social","Stiri"],"inLanguage":"ro-RO","potentialAction":[{"@type":"CommentAction","name":"Comment","target":["https:\/\/curierulsatelor.ro\/wp\/2019\/11\/23\/saracie-asanata-prin-educatie-curs-de-baby-sitter-la-hiliseu-horia\/#respond"]}]},{"@type":"WebPage","@id":"https:\/\/curierulsatelor.ro\/wp\/2019\/11\/23\/saracie-asanata-prin-educatie-curs-de-baby-sitter-la-hiliseu-horia\/","url":"https:\/\/curierulsatelor.ro\/wp\/2019\/11\/23\/saracie-asanata-prin-educatie-curs-de-baby-sitter-la-hiliseu-horia\/","name":"S\u0103r\u0103cie asanat\u0103 prin educa\u021bie. Curs de baby-sitter la Hili\u0219eu Horia - Curierul Regional","isPartOf":{"@id":"https:\/\/curierulsatelor.ro\/wp\/#website"},"primaryImageOfPage":{"@id":"https:\/\/curierulsatelor.ro\/wp\/2019\/11\/23\/saracie-asanata-prin-educatie-curs-de-baby-sitter-la-hiliseu-horia\/#primaryimage"},"image":{"@id":"https:\/\/curierulsatelor.ro\/wp\/2019\/11\/23\/saracie-asanata-prin-educatie-curs-de-baby-sitter-la-hiliseu-horia\/#primaryimage"},"thumbnailUrl":"https:\/\/curierulsatelor.ro\/wp\/wp-content\/uploads\/2019\/11\/Saracie-asanata-prin-educatie-la-Hiliseu-Horia-cu-Ioan-Butnaru.jpg","datePublished":"2019-11-23T06:52:53+00:00","dateModified":"2019-11-23T06:54:16+00:00","breadcrumb":{"@id":"https:\/\/curierulsatelor.ro\/wp\/2019\/11\/23\/saracie-asanata-prin-educatie-curs-de-baby-sitter-la-hiliseu-horia\/#breadcrumb"},"inLanguage":"ro-RO","potentialAction":[{"@type":"ReadAction","target":["https:\/\/curierulsatelor.ro\/wp\/2019\/11\/23\/saracie-asanata-prin-educatie-curs-de-baby-sitter-la-hiliseu-horia\/"]}]},{"@type":"ImageObject","inLanguage":"ro-RO","@id":"https:\/\/curierulsatelor.ro\/wp\/2019\/11\/23\/saracie-asanata-prin-educatie-curs-de-baby-sitter-la-hiliseu-horia\/#primaryimage","url":"https:\/\/curierulsatelor.ro\/wp\/wp-content\/uploads\/2019\/11\/Saracie-asanata-prin-educatie-la-Hiliseu-Horia-cu-Ioan-Butnaru.jpg","contentUrl":"https:\/\/curierulsatelor.ro\/wp\/wp-content\/uploads\/2019\/11\/Saracie-asanata-prin-educatie-la-Hiliseu-Horia-cu-Ioan-Butnaru.jpg","width":2016,"height":1072},{"@type":"BreadcrumbList","@id":"https:\/\/curierulsatelor.ro\/wp\/2019\/11\/23\/saracie-asanata-prin-educatie-curs-de-baby-sitter-la-hiliseu-horia\/#breadcrumb","itemListElement":[{"@type":"ListItem","position":1,"name":"Prima pagin\u0103","item":"https:\/\/curierulsatelor.ro\/wp\/"},{"@type":"ListItem","position":2,"name":"S\u0103r\u0103cie asanat\u0103 prin educa\u021bie. Curs de baby-sitter la Hili\u0219eu Horia"}]},{"@type":"WebSite","@id":"https:\/\/curierulsatelor.ro\/wp\/#website","url":"https:\/\/curierulsatelor.ro\/wp\/","name":"Curierul Regional","description":"","publisher":{"@id":"https:\/\/curierulsatelor.ro\/wp\/#organization"},"potentialAction":[{"@type":"SearchAction","target":{"@type":"EntryPoint","urlTemplate":"https:\/\/curierulsatelor.ro\/wp\/?s={search_term_string}"},"query-input":{"@type":"PropertyValueSpecification","valueRequired":true,"valueName":"search_term_string"}}],"inLanguage":"ro-RO"},{"@type":"Organization","@id":"https:\/\/curierulsatelor.ro\/wp\/#organization","name":"Curierul Regional","url":"https:\/\/curierulsatelor.ro\/wp\/","logo":{"@type":"ImageObject","inLanguage":"ro-RO","@id":"https:\/\/curierulsatelor.ro\/wp\/#\/schema\/logo\/image\/","url":"https:\/\/curierulsatelor.ro\/wp\/wp-content\/uploads\/2020\/01\/Curierul-Regional-si-Curierul-satelor-logo-header.png","contentUrl":"https:\/\/curierulsatelor.ro\/wp\/wp-content\/uploads\/2020\/01\/Curierul-Regional-si-Curierul-satelor-logo-header.png","width":2943,"height":685,"caption":"Curierul Regional"},"image":{"@id":"https:\/\/curierulsatelor.ro\/wp\/#\/schema\/logo\/image\/"}},{"@type":"Person","@id":"https:\/\/curierulsatelor.ro\/wp\/#\/schema\/person\/6f6b28a030e15d619a82894773d6e7b9","name":"Marian Morosan","image":{"@type":"ImageObject","inLanguage":"ro-RO","@id":"https:\/\/secure.gravatar.com\/avatar\/2e833cc9ab99e6bca46266d4ad9030d308346ff7ff0b6b955c29b74cafaf064b?s=96&d=mm&r=g","url":"https:\/\/secure.gravatar.com\/avatar\/2e833cc9ab99e6bca46266d4ad9030d308346ff7ff0b6b955c29b74cafaf064b?s=96&d=mm&r=g","contentUrl":"https:\/\/secure.gravatar.com\/avatar\/2e833cc9ab99e6bca46266d4ad9030d308346ff7ff0b6b955c29b74cafaf064b?s=96&d=mm&r=g","caption":"Marian Morosan"},"description":"Copiilor no\u015ftri li se preg\u0103te\u015fte, incon\u015ftient, o lume de joben ciuruit, din care niciodat\u0103 nu iese iepura\u015ful. Doar panglicile politicilor sociale roase de moliile cu \u015ftaif din ultimele decenii. Suntem oropsi\u0163i, suntem dispera\u0163i, manipula\u0163i p\u00e2n\u0103 acolo \u00eenc\u00e2t ne bucur\u0103m s\u0103 fim masa de manevr\u0103 a unora \u015fi s\u0103 sus\u0163inem c\u0103 a\u015fa e normal. Acum \u00eel \u00een\u0163eleg pe Cioran, dar \u00eel \u00een\u0163eleg mai bine \u015fi pe Preda. \u015ei m\u0103 g\u00e2ndesc iar, cu groaz\u0103, la copilul meu. Cel pu\u0163in eu nu \u00eemi doresc s\u0103 \u015ftiu c\u0103 micu\u0163ul meu va fi singur, cu sufletul descul\u0163, prin jungla mileniului III ! https:\/\/curierulsatelor.ro\/wp\/2019\/10\/16\/cu-sufletul-descult-prin-jungla-mileniului-iii-editorial\/","sameAs":["http:\/\/admin"],"url":"https:\/\/curierulsatelor.ro\/wp\/author\/admin\/"}]}},"_links":{"self":[{"href":"https:\/\/curierulsatelor.ro\/wp\/wp-json\/wp\/v2\/posts\/729","targetHints":{"allow":["GET"]}}],"collection":[{"href":"https:\/\/curierulsatelor.ro\/wp\/wp-json\/wp\/v2\/posts"}],"about":[{"href":"https:\/\/curierulsatelor.ro\/wp\/wp-json\/wp\/v2\/types\/post"}],"author":[{"embeddable":true,"href":"https:\/\/curierulsatelor.ro\/wp\/wp-json\/wp\/v2\/users\/1"}],"replies":[{"embeddable":true,"href":"https:\/\/curierulsatelor.ro\/wp\/wp-json\/wp\/v2\/comments?post=729"}],"version-history":[{"count":2,"href":"https:\/\/curierulsatelor.ro\/wp\/wp-json\/wp\/v2\/posts\/729\/revisions"}],"predecessor-version":[{"id":732,"href":"https:\/\/curierulsatelor.ro\/wp\/wp-json\/wp\/v2\/posts\/729\/revisions\/732"}],"wp:featuredmedia":[{"embeddable":true,"href":"https:\/\/curierulsatelor.ro\/wp\/wp-json\/wp\/v2\/media\/730"}],"wp:attachment":[{"href":"https:\/\/curierulsatelor.ro\/wp\/wp-json\/wp\/v2\/media?parent=729"}],"wp:term":[{"taxonomy":"category","embeddable":true,"href":"https:\/\/curierulsatelor.ro\/wp\/wp-json\/wp\/v2\/categories?post=729"},{"taxonomy":"post_tag","embeddable":true,"href":"https:\/\/curierulsatelor.ro\/wp\/wp-json\/wp\/v2\/tags?post=729"}],"curies":[{"name":"wp","href":"https:\/\/api.w.org\/{rel}","templated":true}]}}