{"id":749,"date":"2019-11-25T06:56:05","date_gmt":"2019-11-25T06:56:05","guid":{"rendered":"https:\/\/curierulsatelor.ro\/wp\/?p=749"},"modified":"2019-11-25T07:27:29","modified_gmt":"2019-11-25T07:27:29","slug":"un-arhanghel-pesedist-din-botosani-l-a-felicitat-public-pe-iohannis","status":"publish","type":"post","link":"https:\/\/curierulsatelor.ro\/wp\/2019\/11\/25\/un-arhanghel-pesedist-din-botosani-l-a-felicitat-public-pe-iohannis\/","title":{"rendered":"Un arhanghel pesedist din Boto\u0219ani l-a felicitat public pe Iohannis"},"content":{"rendered":"\n<p>Chiar dac\u0103 PSD a c\u00e2\u0219tigat alegerile preziden\u021biale \u00een turul 2 la Bucecea, fostul viceprimar al ora\u0219ului \u0219i fost subsecretar de stat \u00een Ministerul Dezvolt\u0103rii, Angel Gheorghiu l-a felicitat public pe premiantul liberal Iohannis. \u00cen cele patru sec\u021bii de vot din ora\u0219ul Bucecea &#8211; Boto\u0219ani au votat  1678 de cet\u0103\u021beni. Dintre ace\u0219tia, potrivit calculelor fostului subsecretar de stat, 1000 de oameni au acordat \u00eencredere candidatului PSD, ex-premierul Viorica D\u0103ncil\u0103. Altfel spus, Bucecea este ro\u0219ie, chiar dac\u0103 jude\u021bul a devenit galben la limit\u0103. \u201dStimati buceceni, votul s-a incheiat, romanii si-au reales presedintele, cea mai importanta functie in stat.<br>Doresc s\u0103 va mul\u021bumesc celor peste 1000 de cet\u0103\u021beni din oras, Calinesti si satul Bohoghina pentru votul acordat candidatei PSD.<br>Vreau s\u0103 le mul\u021bumesc celor care \u00een aceste momente, nu au uitat c\u0103 fondurile primite \u0219i proiectele derulate la nivelul oraselului noastru, au avut loc \u00een timpul Guvernului D\u0103ncil\u0103.<br>Vreau s\u0103 cred c\u0103 vom reu\u0219i \u0219i pe viitor s\u0103 putem continua ceea ce ne-am propus \u0219i nu vom fi uita\u021bi de cei care acum de\u021bin puterea, la fel cum am fost marginaliza\u021bi \u00een urm\u0103 cu c\u00e2\u021biva ani.<br><strong>\u00cel felicit pe domnul Iohanis pentru rezultatul ob\u021binut \u0219i sper c\u0103 \u00een perioada urm\u0103toare s\u0103 dea dovad\u0103, \u00eempreun\u0103 cu actualul guvern, de implicare \u0219i s\u0103-\u0219i \u00eendrepte cu to\u021bii aten\u021bia asupra poporului rom\u00e2n, care \u00een ultima perioad\u0103 a fost extrem de \u00eenvr\u0103jbit din cauza clasei politice.<\/strong><br>Oamenii isi doresc fapte, nu vorbe!<br>Eu personal voi r\u0103m\u00e2ne acela\u0219i om \u0219i voi face tot ce-mi st\u0103 \u00een putere pentru binele acestei frumoase localitati, cu oameni cinstiti si frica de Dumnezeu.<br>I\u00a0\u2764\u00a0Bucecea!\u201d, a spus Angel Gheorghiu.<br>( fotografie din momentul finalizarii lucrarilor de asfaltare legatura Bucecea &#8211; Mandresti cand am avut onoarea de ne vizita localitatea domnul Viceprim Ministru Daniel Suciu &#8211; Ministru al Dezvoltarii Regionale si Administratiei Publice, unde timp de 3 ani mi-am desfasurat si eu activitatea ) <\/p>\n\n\n\n<figure class=\"wp-block-image\"><img fetchpriority=\"high\" decoding=\"async\" width=\"1024\" height=\"768\" src=\"https:\/\/curierulsatelor.ro\/wp\/wp-content\/uploads\/2019\/10\/Angel-Gheorghiu-subsecretar-de-stat-Ministerul-Dezvoltarii-1024x768.jpg\" alt=\"\" class=\"wp-image-469\" srcset=\"https:\/\/curierulsatelor.ro\/wp\/wp-content\/uploads\/2019\/10\/Angel-Gheorghiu-subsecretar-de-stat-Ministerul-Dezvoltarii-1024x768.jpg 1024w, https:\/\/curierulsatelor.ro\/wp\/wp-content\/uploads\/2019\/10\/Angel-Gheorghiu-subsecretar-de-stat-Ministerul-Dezvoltarii-300x225.jpg 300w, https:\/\/curierulsatelor.ro\/wp\/wp-content\/uploads\/2019\/10\/Angel-Gheorghiu-subsecretar-de-stat-Ministerul-Dezvoltarii-768x576.jpg 768w\" sizes=\"(max-width: 1024px) 100vw, 1024px\" \/><\/figure>\n","protected":false},"excerpt":{"rendered":"<p>Chiar dac\u0103 PSD a c\u00e2\u0219tigat alegerile preziden\u021biale \u00een turul 2 la Bucecea, fostul viceprimar al&#8230;<\/p>\n","protected":false},"author":1,"featured_media":750,"comment_status":"open","ping_status":"open","sticky":false,"template":"","format":"standard","meta":{"footnotes":""},"categories":[4,3,6,11],"tags":[],"class_list":["post-749","post","type-post","status-publish","format-standard","has-post-thumbnail","hentry","category-columbo","category-lumea-satelor","category-politica","category-stiri"],"yoast_head":"<!-- This site is optimized with the Yoast SEO plugin v27.4 - https:\/\/yoast.com\/product\/yoast-seo-wordpress\/ -->\n<title>Un arhanghel pesedist din Boto\u0219ani l-a felicitat public pe Iohannis - Curierul Regional<\/title>\n<meta name=\"robots\" content=\"index, follow, max-snippet:-1, max-image-preview:large, max-video-preview:-1\" \/>\n<link rel=\"canonical\" href=\"https:\/\/curierulsatelor.ro\/wp\/2019\/11\/25\/un-arhanghel-pesedist-din-botosani-l-a-felicitat-public-pe-iohannis\/\" \/>\n<meta property=\"og:locale\" content=\"ro_RO\" \/>\n<meta property=\"og:type\" content=\"article\" \/>\n<meta property=\"og:title\" content=\"Un arhanghel pesedist din Boto\u0219ani l-a felicitat public pe Iohannis - Curierul Regional\" \/>\n<meta property=\"og:description\" content=\"Chiar dac\u0103 PSD a c\u00e2\u0219tigat alegerile preziden\u021biale \u00een turul 2 la Bucecea, fostul viceprimar al...\" \/>\n<meta property=\"og:url\" content=\"https:\/\/curierulsatelor.ro\/wp\/2019\/11\/25\/un-arhanghel-pesedist-din-botosani-l-a-felicitat-public-pe-iohannis\/\" \/>\n<meta property=\"og:site_name\" content=\"Curierul Regional\" \/>\n<meta property=\"article:published_time\" content=\"2019-11-25T06:56:05+00:00\" \/>\n<meta property=\"article:modified_time\" content=\"2019-11-25T07:27:29+00:00\" \/>\n<meta property=\"og:image\" content=\"https:\/\/curierulsatelor.ro\/wp\/wp-content\/uploads\/2019\/11\/Bucecea-alegeri-2019.jpg\" \/>\n\t<meta property=\"og:image:width\" content=\"1440\" \/>\n\t<meta property=\"og:image:height\" content=\"959\" \/>\n\t<meta property=\"og:image:type\" content=\"image\/jpeg\" \/>\n<meta name=\"author\" content=\"Marian Morosan\" \/>\n<meta name=\"twitter:card\" content=\"summary_large_image\" \/>\n<meta name=\"twitter:label1\" content=\"Scris de\" \/>\n\t<meta name=\"twitter:data1\" content=\"Marian Morosan\" \/>\n\t<meta name=\"twitter:label2\" content=\"Timp estimat pentru citire\" \/>\n\t<meta name=\"twitter:data2\" content=\"2 minute\" \/>\n<script type=\"application\/ld+json\" class=\"yoast-schema-graph\">{\"@context\":\"https:\\\/\\\/schema.org\",\"@graph\":[{\"@type\":\"Article\",\"@id\":\"https:\\\/\\\/curierulsatelor.ro\\\/wp\\\/2019\\\/11\\\/25\\\/un-arhanghel-pesedist-din-botosani-l-a-felicitat-public-pe-iohannis\\\/#article\",\"isPartOf\":{\"@id\":\"https:\\\/\\\/curierulsatelor.ro\\\/wp\\\/2019\\\/11\\\/25\\\/un-arhanghel-pesedist-din-botosani-l-a-felicitat-public-pe-iohannis\\\/\"},\"author\":{\"name\":\"Marian Morosan\",\"@id\":\"https:\\\/\\\/curierulsatelor.ro\\\/wp\\\/#\\\/schema\\\/person\\\/6f6b28a030e15d619a82894773d6e7b9\"},\"headline\":\"Un arhanghel pesedist din Boto\u0219ani l-a felicitat public pe Iohannis\",\"datePublished\":\"2019-11-25T06:56:05+00:00\",\"dateModified\":\"2019-11-25T07:27:29+00:00\",\"mainEntityOfPage\":{\"@id\":\"https:\\\/\\\/curierulsatelor.ro\\\/wp\\\/2019\\\/11\\\/25\\\/un-arhanghel-pesedist-din-botosani-l-a-felicitat-public-pe-iohannis\\\/\"},\"wordCount\":346,\"commentCount\":0,\"publisher\":{\"@id\":\"https:\\\/\\\/curierulsatelor.ro\\\/wp\\\/#organization\"},\"image\":{\"@id\":\"https:\\\/\\\/curierulsatelor.ro\\\/wp\\\/2019\\\/11\\\/25\\\/un-arhanghel-pesedist-din-botosani-l-a-felicitat-public-pe-iohannis\\\/#primaryimage\"},\"thumbnailUrl\":\"https:\\\/\\\/curierulsatelor.ro\\\/wp\\\/wp-content\\\/uploads\\\/2019\\\/11\\\/Bucecea-alegeri-2019.jpg\",\"articleSection\":[\"COLUMBO\",\"Lumea satelor\",\"Politica\",\"Stiri\"],\"inLanguage\":\"ro-RO\",\"potentialAction\":[{\"@type\":\"CommentAction\",\"name\":\"Comment\",\"target\":[\"https:\\\/\\\/curierulsatelor.ro\\\/wp\\\/2019\\\/11\\\/25\\\/un-arhanghel-pesedist-din-botosani-l-a-felicitat-public-pe-iohannis\\\/#respond\"]}]},{\"@type\":\"WebPage\",\"@id\":\"https:\\\/\\\/curierulsatelor.ro\\\/wp\\\/2019\\\/11\\\/25\\\/un-arhanghel-pesedist-din-botosani-l-a-felicitat-public-pe-iohannis\\\/\",\"url\":\"https:\\\/\\\/curierulsatelor.ro\\\/wp\\\/2019\\\/11\\\/25\\\/un-arhanghel-pesedist-din-botosani-l-a-felicitat-public-pe-iohannis\\\/\",\"name\":\"Un arhanghel pesedist din Boto\u0219ani l-a felicitat public pe Iohannis - Curierul Regional\",\"isPartOf\":{\"@id\":\"https:\\\/\\\/curierulsatelor.ro\\\/wp\\\/#website\"},\"primaryImageOfPage\":{\"@id\":\"https:\\\/\\\/curierulsatelor.ro\\\/wp\\\/2019\\\/11\\\/25\\\/un-arhanghel-pesedist-din-botosani-l-a-felicitat-public-pe-iohannis\\\/#primaryimage\"},\"image\":{\"@id\":\"https:\\\/\\\/curierulsatelor.ro\\\/wp\\\/2019\\\/11\\\/25\\\/un-arhanghel-pesedist-din-botosani-l-a-felicitat-public-pe-iohannis\\\/#primaryimage\"},\"thumbnailUrl\":\"https:\\\/\\\/curierulsatelor.ro\\\/wp\\\/wp-content\\\/uploads\\\/2019\\\/11\\\/Bucecea-alegeri-2019.jpg\",\"datePublished\":\"2019-11-25T06:56:05+00:00\",\"dateModified\":\"2019-11-25T07:27:29+00:00\",\"breadcrumb\":{\"@id\":\"https:\\\/\\\/curierulsatelor.ro\\\/wp\\\/2019\\\/11\\\/25\\\/un-arhanghel-pesedist-din-botosani-l-a-felicitat-public-pe-iohannis\\\/#breadcrumb\"},\"inLanguage\":\"ro-RO\",\"potentialAction\":[{\"@type\":\"ReadAction\",\"target\":[\"https:\\\/\\\/curierulsatelor.ro\\\/wp\\\/2019\\\/11\\\/25\\\/un-arhanghel-pesedist-din-botosani-l-a-felicitat-public-pe-iohannis\\\/\"]}]},{\"@type\":\"ImageObject\",\"inLanguage\":\"ro-RO\",\"@id\":\"https:\\\/\\\/curierulsatelor.ro\\\/wp\\\/2019\\\/11\\\/25\\\/un-arhanghel-pesedist-din-botosani-l-a-felicitat-public-pe-iohannis\\\/#primaryimage\",\"url\":\"https:\\\/\\\/curierulsatelor.ro\\\/wp\\\/wp-content\\\/uploads\\\/2019\\\/11\\\/Bucecea-alegeri-2019.jpg\",\"contentUrl\":\"https:\\\/\\\/curierulsatelor.ro\\\/wp\\\/wp-content\\\/uploads\\\/2019\\\/11\\\/Bucecea-alegeri-2019.jpg\",\"width\":1440,\"height\":959},{\"@type\":\"BreadcrumbList\",\"@id\":\"https:\\\/\\\/curierulsatelor.ro\\\/wp\\\/2019\\\/11\\\/25\\\/un-arhanghel-pesedist-din-botosani-l-a-felicitat-public-pe-iohannis\\\/#breadcrumb\",\"itemListElement\":[{\"@type\":\"ListItem\",\"position\":1,\"name\":\"Prima pagin\u0103\",\"item\":\"https:\\\/\\\/curierulsatelor.ro\\\/wp\\\/\"},{\"@type\":\"ListItem\",\"position\":2,\"name\":\"Un arhanghel pesedist din Boto\u0219ani l-a felicitat public pe Iohannis\"}]},{\"@type\":\"WebSite\",\"@id\":\"https:\\\/\\\/curierulsatelor.ro\\\/wp\\\/#website\",\"url\":\"https:\\\/\\\/curierulsatelor.ro\\\/wp\\\/\",\"name\":\"Curierul Regional\",\"description\":\"\",\"publisher\":{\"@id\":\"https:\\\/\\\/curierulsatelor.ro\\\/wp\\\/#organization\"},\"potentialAction\":[{\"@type\":\"SearchAction\",\"target\":{\"@type\":\"EntryPoint\",\"urlTemplate\":\"https:\\\/\\\/curierulsatelor.ro\\\/wp\\\/?s={search_term_string}\"},\"query-input\":{\"@type\":\"PropertyValueSpecification\",\"valueRequired\":true,\"valueName\":\"search_term_string\"}}],\"inLanguage\":\"ro-RO\"},{\"@type\":\"Organization\",\"@id\":\"https:\\\/\\\/curierulsatelor.ro\\\/wp\\\/#organization\",\"name\":\"Curierul Regional\",\"url\":\"https:\\\/\\\/curierulsatelor.ro\\\/wp\\\/\",\"logo\":{\"@type\":\"ImageObject\",\"inLanguage\":\"ro-RO\",\"@id\":\"https:\\\/\\\/curierulsatelor.ro\\\/wp\\\/#\\\/schema\\\/logo\\\/image\\\/\",\"url\":\"https:\\\/\\\/curierulsatelor.ro\\\/wp\\\/wp-content\\\/uploads\\\/2020\\\/01\\\/Curierul-Regional-si-Curierul-satelor-logo-header.png\",\"contentUrl\":\"https:\\\/\\\/curierulsatelor.ro\\\/wp\\\/wp-content\\\/uploads\\\/2020\\\/01\\\/Curierul-Regional-si-Curierul-satelor-logo-header.png\",\"width\":2943,\"height\":685,\"caption\":\"Curierul Regional\"},\"image\":{\"@id\":\"https:\\\/\\\/curierulsatelor.ro\\\/wp\\\/#\\\/schema\\\/logo\\\/image\\\/\"}},{\"@type\":\"Person\",\"@id\":\"https:\\\/\\\/curierulsatelor.ro\\\/wp\\\/#\\\/schema\\\/person\\\/6f6b28a030e15d619a82894773d6e7b9\",\"name\":\"Marian Morosan\",\"image\":{\"@type\":\"ImageObject\",\"inLanguage\":\"ro-RO\",\"@id\":\"https:\\\/\\\/secure.gravatar.com\\\/avatar\\\/2e833cc9ab99e6bca46266d4ad9030d308346ff7ff0b6b955c29b74cafaf064b?s=96&d=mm&r=g\",\"url\":\"https:\\\/\\\/secure.gravatar.com\\\/avatar\\\/2e833cc9ab99e6bca46266d4ad9030d308346ff7ff0b6b955c29b74cafaf064b?s=96&d=mm&r=g\",\"contentUrl\":\"https:\\\/\\\/secure.gravatar.com\\\/avatar\\\/2e833cc9ab99e6bca46266d4ad9030d308346ff7ff0b6b955c29b74cafaf064b?s=96&d=mm&r=g\",\"caption\":\"Marian Morosan\"},\"description\":\"Copiilor no\u015ftri li se preg\u0103te\u015fte, incon\u015ftient, o lume de joben ciuruit, din care niciodat\u0103 nu iese iepura\u015ful. Doar panglicile politicilor sociale roase de moliile cu \u015ftaif din ultimele decenii. Suntem oropsi\u0163i, suntem dispera\u0163i, manipula\u0163i p\u00e2n\u0103 acolo \u00eenc\u00e2t ne bucur\u0103m s\u0103 fim masa de manevr\u0103 a unora \u015fi s\u0103 sus\u0163inem c\u0103 a\u015fa e normal. Acum \u00eel \u00een\u0163eleg pe Cioran, dar \u00eel \u00een\u0163eleg mai bine \u015fi pe Preda. \u015ei m\u0103 g\u00e2ndesc iar, cu groaz\u0103, la copilul meu. Cel pu\u0163in eu nu \u00eemi doresc s\u0103 \u015ftiu c\u0103 micu\u0163ul meu va fi singur, cu sufletul descul\u0163, prin jungla mileniului III ! https:\\\/\\\/curierulsatelor.ro\\\/wp\\\/2019\\\/10\\\/16\\\/cu-sufletul-descult-prin-jungla-mileniului-iii-editorial\\\/\",\"sameAs\":[\"http:\\\/\\\/admin\"],\"url\":\"https:\\\/\\\/curierulsatelor.ro\\\/wp\\\/author\\\/admin\\\/\"}]}<\/script>\n<!-- \/ Yoast SEO plugin. -->","yoast_head_json":{"title":"Un arhanghel pesedist din Boto\u0219ani l-a felicitat public pe Iohannis - Curierul Regional","robots":{"index":"index","follow":"follow","max-snippet":"max-snippet:-1","max-image-preview":"max-image-preview:large","max-video-preview":"max-video-preview:-1"},"canonical":"https:\/\/curierulsatelor.ro\/wp\/2019\/11\/25\/un-arhanghel-pesedist-din-botosani-l-a-felicitat-public-pe-iohannis\/","og_locale":"ro_RO","og_type":"article","og_title":"Un arhanghel pesedist din Boto\u0219ani l-a felicitat public pe Iohannis - Curierul Regional","og_description":"Chiar dac\u0103 PSD a c\u00e2\u0219tigat alegerile preziden\u021biale \u00een turul 2 la Bucecea, fostul viceprimar al...","og_url":"https:\/\/curierulsatelor.ro\/wp\/2019\/11\/25\/un-arhanghel-pesedist-din-botosani-l-a-felicitat-public-pe-iohannis\/","og_site_name":"Curierul Regional","article_published_time":"2019-11-25T06:56:05+00:00","article_modified_time":"2019-11-25T07:27:29+00:00","og_image":[{"width":1440,"height":959,"url":"https:\/\/curierulsatelor.ro\/wp\/wp-content\/uploads\/2019\/11\/Bucecea-alegeri-2019.jpg","type":"image\/jpeg"}],"author":"Marian Morosan","twitter_card":"summary_large_image","twitter_misc":{"Scris de":"Marian Morosan","Timp estimat pentru citire":"2 minute"},"schema":{"@context":"https:\/\/schema.org","@graph":[{"@type":"Article","@id":"https:\/\/curierulsatelor.ro\/wp\/2019\/11\/25\/un-arhanghel-pesedist-din-botosani-l-a-felicitat-public-pe-iohannis\/#article","isPartOf":{"@id":"https:\/\/curierulsatelor.ro\/wp\/2019\/11\/25\/un-arhanghel-pesedist-din-botosani-l-a-felicitat-public-pe-iohannis\/"},"author":{"name":"Marian Morosan","@id":"https:\/\/curierulsatelor.ro\/wp\/#\/schema\/person\/6f6b28a030e15d619a82894773d6e7b9"},"headline":"Un arhanghel pesedist din Boto\u0219ani l-a felicitat public pe Iohannis","datePublished":"2019-11-25T06:56:05+00:00","dateModified":"2019-11-25T07:27:29+00:00","mainEntityOfPage":{"@id":"https:\/\/curierulsatelor.ro\/wp\/2019\/11\/25\/un-arhanghel-pesedist-din-botosani-l-a-felicitat-public-pe-iohannis\/"},"wordCount":346,"commentCount":0,"publisher":{"@id":"https:\/\/curierulsatelor.ro\/wp\/#organization"},"image":{"@id":"https:\/\/curierulsatelor.ro\/wp\/2019\/11\/25\/un-arhanghel-pesedist-din-botosani-l-a-felicitat-public-pe-iohannis\/#primaryimage"},"thumbnailUrl":"https:\/\/curierulsatelor.ro\/wp\/wp-content\/uploads\/2019\/11\/Bucecea-alegeri-2019.jpg","articleSection":["COLUMBO","Lumea satelor","Politica","Stiri"],"inLanguage":"ro-RO","potentialAction":[{"@type":"CommentAction","name":"Comment","target":["https:\/\/curierulsatelor.ro\/wp\/2019\/11\/25\/un-arhanghel-pesedist-din-botosani-l-a-felicitat-public-pe-iohannis\/#respond"]}]},{"@type":"WebPage","@id":"https:\/\/curierulsatelor.ro\/wp\/2019\/11\/25\/un-arhanghel-pesedist-din-botosani-l-a-felicitat-public-pe-iohannis\/","url":"https:\/\/curierulsatelor.ro\/wp\/2019\/11\/25\/un-arhanghel-pesedist-din-botosani-l-a-felicitat-public-pe-iohannis\/","name":"Un arhanghel pesedist din Boto\u0219ani l-a felicitat public pe Iohannis - Curierul Regional","isPartOf":{"@id":"https:\/\/curierulsatelor.ro\/wp\/#website"},"primaryImageOfPage":{"@id":"https:\/\/curierulsatelor.ro\/wp\/2019\/11\/25\/un-arhanghel-pesedist-din-botosani-l-a-felicitat-public-pe-iohannis\/#primaryimage"},"image":{"@id":"https:\/\/curierulsatelor.ro\/wp\/2019\/11\/25\/un-arhanghel-pesedist-din-botosani-l-a-felicitat-public-pe-iohannis\/#primaryimage"},"thumbnailUrl":"https:\/\/curierulsatelor.ro\/wp\/wp-content\/uploads\/2019\/11\/Bucecea-alegeri-2019.jpg","datePublished":"2019-11-25T06:56:05+00:00","dateModified":"2019-11-25T07:27:29+00:00","breadcrumb":{"@id":"https:\/\/curierulsatelor.ro\/wp\/2019\/11\/25\/un-arhanghel-pesedist-din-botosani-l-a-felicitat-public-pe-iohannis\/#breadcrumb"},"inLanguage":"ro-RO","potentialAction":[{"@type":"ReadAction","target":["https:\/\/curierulsatelor.ro\/wp\/2019\/11\/25\/un-arhanghel-pesedist-din-botosani-l-a-felicitat-public-pe-iohannis\/"]}]},{"@type":"ImageObject","inLanguage":"ro-RO","@id":"https:\/\/curierulsatelor.ro\/wp\/2019\/11\/25\/un-arhanghel-pesedist-din-botosani-l-a-felicitat-public-pe-iohannis\/#primaryimage","url":"https:\/\/curierulsatelor.ro\/wp\/wp-content\/uploads\/2019\/11\/Bucecea-alegeri-2019.jpg","contentUrl":"https:\/\/curierulsatelor.ro\/wp\/wp-content\/uploads\/2019\/11\/Bucecea-alegeri-2019.jpg","width":1440,"height":959},{"@type":"BreadcrumbList","@id":"https:\/\/curierulsatelor.ro\/wp\/2019\/11\/25\/un-arhanghel-pesedist-din-botosani-l-a-felicitat-public-pe-iohannis\/#breadcrumb","itemListElement":[{"@type":"ListItem","position":1,"name":"Prima pagin\u0103","item":"https:\/\/curierulsatelor.ro\/wp\/"},{"@type":"ListItem","position":2,"name":"Un arhanghel pesedist din Boto\u0219ani l-a felicitat public pe Iohannis"}]},{"@type":"WebSite","@id":"https:\/\/curierulsatelor.ro\/wp\/#website","url":"https:\/\/curierulsatelor.ro\/wp\/","name":"Curierul Regional","description":"","publisher":{"@id":"https:\/\/curierulsatelor.ro\/wp\/#organization"},"potentialAction":[{"@type":"SearchAction","target":{"@type":"EntryPoint","urlTemplate":"https:\/\/curierulsatelor.ro\/wp\/?s={search_term_string}"},"query-input":{"@type":"PropertyValueSpecification","valueRequired":true,"valueName":"search_term_string"}}],"inLanguage":"ro-RO"},{"@type":"Organization","@id":"https:\/\/curierulsatelor.ro\/wp\/#organization","name":"Curierul Regional","url":"https:\/\/curierulsatelor.ro\/wp\/","logo":{"@type":"ImageObject","inLanguage":"ro-RO","@id":"https:\/\/curierulsatelor.ro\/wp\/#\/schema\/logo\/image\/","url":"https:\/\/curierulsatelor.ro\/wp\/wp-content\/uploads\/2020\/01\/Curierul-Regional-si-Curierul-satelor-logo-header.png","contentUrl":"https:\/\/curierulsatelor.ro\/wp\/wp-content\/uploads\/2020\/01\/Curierul-Regional-si-Curierul-satelor-logo-header.png","width":2943,"height":685,"caption":"Curierul Regional"},"image":{"@id":"https:\/\/curierulsatelor.ro\/wp\/#\/schema\/logo\/image\/"}},{"@type":"Person","@id":"https:\/\/curierulsatelor.ro\/wp\/#\/schema\/person\/6f6b28a030e15d619a82894773d6e7b9","name":"Marian Morosan","image":{"@type":"ImageObject","inLanguage":"ro-RO","@id":"https:\/\/secure.gravatar.com\/avatar\/2e833cc9ab99e6bca46266d4ad9030d308346ff7ff0b6b955c29b74cafaf064b?s=96&d=mm&r=g","url":"https:\/\/secure.gravatar.com\/avatar\/2e833cc9ab99e6bca46266d4ad9030d308346ff7ff0b6b955c29b74cafaf064b?s=96&d=mm&r=g","contentUrl":"https:\/\/secure.gravatar.com\/avatar\/2e833cc9ab99e6bca46266d4ad9030d308346ff7ff0b6b955c29b74cafaf064b?s=96&d=mm&r=g","caption":"Marian Morosan"},"description":"Copiilor no\u015ftri li se preg\u0103te\u015fte, incon\u015ftient, o lume de joben ciuruit, din care niciodat\u0103 nu iese iepura\u015ful. Doar panglicile politicilor sociale roase de moliile cu \u015ftaif din ultimele decenii. Suntem oropsi\u0163i, suntem dispera\u0163i, manipula\u0163i p\u00e2n\u0103 acolo \u00eenc\u00e2t ne bucur\u0103m s\u0103 fim masa de manevr\u0103 a unora \u015fi s\u0103 sus\u0163inem c\u0103 a\u015fa e normal. Acum \u00eel \u00een\u0163eleg pe Cioran, dar \u00eel \u00een\u0163eleg mai bine \u015fi pe Preda. \u015ei m\u0103 g\u00e2ndesc iar, cu groaz\u0103, la copilul meu. Cel pu\u0163in eu nu \u00eemi doresc s\u0103 \u015ftiu c\u0103 micu\u0163ul meu va fi singur, cu sufletul descul\u0163, prin jungla mileniului III ! https:\/\/curierulsatelor.ro\/wp\/2019\/10\/16\/cu-sufletul-descult-prin-jungla-mileniului-iii-editorial\/","sameAs":["http:\/\/admin"],"url":"https:\/\/curierulsatelor.ro\/wp\/author\/admin\/"}]}},"_links":{"self":[{"href":"https:\/\/curierulsatelor.ro\/wp\/wp-json\/wp\/v2\/posts\/749","targetHints":{"allow":["GET"]}}],"collection":[{"href":"https:\/\/curierulsatelor.ro\/wp\/wp-json\/wp\/v2\/posts"}],"about":[{"href":"https:\/\/curierulsatelor.ro\/wp\/wp-json\/wp\/v2\/types\/post"}],"author":[{"embeddable":true,"href":"https:\/\/curierulsatelor.ro\/wp\/wp-json\/wp\/v2\/users\/1"}],"replies":[{"embeddable":true,"href":"https:\/\/curierulsatelor.ro\/wp\/wp-json\/wp\/v2\/comments?post=749"}],"version-history":[{"count":2,"href":"https:\/\/curierulsatelor.ro\/wp\/wp-json\/wp\/v2\/posts\/749\/revisions"}],"predecessor-version":[{"id":756,"href":"https:\/\/curierulsatelor.ro\/wp\/wp-json\/wp\/v2\/posts\/749\/revisions\/756"}],"wp:featuredmedia":[{"embeddable":true,"href":"https:\/\/curierulsatelor.ro\/wp\/wp-json\/wp\/v2\/media\/750"}],"wp:attachment":[{"href":"https:\/\/curierulsatelor.ro\/wp\/wp-json\/wp\/v2\/media?parent=749"}],"wp:term":[{"taxonomy":"category","embeddable":true,"href":"https:\/\/curierulsatelor.ro\/wp\/wp-json\/wp\/v2\/categories?post=749"},{"taxonomy":"post_tag","embeddable":true,"href":"https:\/\/curierulsatelor.ro\/wp\/wp-json\/wp\/v2\/tags?post=749"}],"curies":[{"name":"wp","href":"https:\/\/api.w.org\/{rel}","templated":true}]}}