{"id":801,"date":"2019-12-03T21:27:52","date_gmt":"2019-12-03T21:27:52","guid":{"rendered":"https:\/\/curierulsatelor.ro\/wp\/?p=801"},"modified":"2019-12-03T21:27:59","modified_gmt":"2019-12-03T21:27:59","slug":"demonstratie-de-abilitati-de-ziua-internationala-a-persoanelor-cu-dizabilitati-foto-video","status":"publish","type":"post","link":"https:\/\/curierulsatelor.ro\/wp\/2019\/12\/03\/demonstratie-de-abilitati-de-ziua-internationala-a-persoanelor-cu-dizabilitati-foto-video\/","title":{"rendered":"Demonstra\u021bie de abilit\u0103\u021bi de Ziua Interna\u021bional\u0103 a Persoanelor cu Dizabilit\u0103\u021bi &#8211; FOTO\/VIDEO"},"content":{"rendered":"\n<p>Persoanele cu dizabilit\u0103\u021bi \u0219i-au s\u0103rb\u0103torit azi Ziua Interna\u021bional\u0103. Ziua lor se aniverseaz\u0103, \u00een fiecare an, la data de 3 decembrie. Ast\u0103zi, la Uvertura City Mall membrii ai mai multor asocia\u021bii din Boto\u0219ani, dedicate persoanelor cu dizabilit\u0103\u021bi, au s\u0103rb\u0103torit etal\u00e2ndu-\u0219i abilit\u0103\u021bile. Maestru de ceremonie a fost cunoscutul actor Marius Rusu de la Teatrul Vasilache Boto\u0219ani. Singura oficialitate marcant\u0103 vizibil\u0103 la eveniment, de aceast\u0103 dat\u0103, a fost Costic\u0103 Macale\u021bi, pre\u0219edinte al Consiliului Jude\u021bean boto\u0219ani. \u201dSuntem \u00eentr-o zi de 3 decembrie, de Ziua Interna\u021bional\u0103 a Persoanelor cu Dizabilit\u0103\u021bi. \u0218i o s\u0103 vede\u021bi c\u0103 ce spun eu nu este adev\u0103rat. Pentru c\u0103 organizatorii s-au g\u00e2ndit foarte bine c\u0103 acest cuv\u00e2nt are dou\u0103 sensuri. El poate fi, oric\u00e2nd, transformat \u00een abilit\u0103\u021bi. \u0218i v\u0103 rog s\u0103 \u00eemi permite\u021bi s\u0103 v\u0103 enum\u0103r c\u00e2\u021biva dintre organizatori.  Colegiul Na\u021bional al Asisten\u021bilor Sociali din Rom\u00e2nia &#8211; filiala teritorial\u0103 Boto\u0219ani  are ca pre\u0219edinte pe  Daniel Hliban, \u00eempreun\u0103 cu echipa Raluca Sorlescu, L\u0103cr\u0103mioara Radu, Carmen \u0218mit, Lucian Ursu, asisten\u021bi sociali cu experien\u021b\u0103\u201d, a deschis s\u0103rb\u0103toarea Marius Rusu. \u00cen tot acest timp, ca \u0219i p\u00e2n\u0103 la finalul activit\u0103\u021bii, un expert a tradus tot ce s-a vorbit pentru cei cu deficien\u021be de auz. \u201dPrin acest eveniment dorim s\u0103 s\u0103rb\u0103torim persoanele speciale, persoanele care au abilit\u0103\u021bi \u0219i calit\u0103\u021bi remarcabile. Mul\u021bumim tuturor participan\u021bilor, tuturor asocia\u021biilor \u0219i institu\u021biilor care lucreaz\u0103 \u00een domeniul serviciilor pentru persoane cu dizabilit\u0103\u021bi. Suntem o mare familie. Nu conteaz\u0103 care sunt abilit\u0103\u021bile noastre, noi vrem s\u0103 s\u0103rb\u0103torim abilit\u0103\u021bile noastre\u201d, a spus Daniel Hliban. Vezi \u00een clipul de mai jos ce a mai spus. <br> Membrii asocia\u021biilor persoanelor cu dizabilit\u0103\u021bi, coordonatorii \u0219i sus\u021bin\u0103torii acestora au fost prezen\u021bi \u00een num\u0103r mare. Ace\u0219tia au prezentat publicului un spectacol deosebit de dansuri \u0219i muzic\u0103 popular\u0103, de colinde , poezii \u0219i chiar o pies\u0103 de teatru pentru copii. De asemenea, au expus pe toat\u0103 durata evenimentului rezultatele mirifice ale m\u00e2inilor lor dibace: m\u0103\u0219ti, p\u0103pu\u0219i, ornamente de Cr\u0103ciun, desene, etc. Printre asocia\u021biile participante s-au num\u0103rat Asocia\u021bia P\u0103rin\u021bilor Copiilor cu Autism din Jude\u021bul Boto\u0219ani coordonat\u0103 de sufletistele Gabriela Ivan \u0219i Mihaela Maftean, Asocia\u021bia copiilor cu sindrom Down Ne trebuie Speran\u021b\u0103  \u0219i cea voluntara care a dat via\u021b\u0103 \u0219i speran\u021b\u0103 acestor copii &#8211; Ramona Bolohan, Asocia\u021bia Ridic\u0103-te \u0219i umbl\u0103 &#8211; coordonat\u0103 de so\u021bii Sergiu \u0219i Andreea Ursu, Asocia\u021bia Prietenia, Asocia\u021bia Nev\u0103z\u0103torilor, centrul de plasament Sf\u00e2ntul Stelian, dar \u0219i alte asocia\u021bii.    <\/p>\n\n\n\nhttps:\/\/youtu.be\/UMff2FnI7-s\n\n\n\n<figure class=\"wp-block-image\"><img fetchpriority=\"high\" decoding=\"async\" width=\"1024\" height=\"768\" src=\"https:\/\/curierulsatelor.ro\/wp\/wp-content\/uploads\/2019\/12\/Ziua-internationala-a-persoanelor-cu-dizabilitati-2019-1-1024x768.jpg\" alt=\"\" class=\"wp-image-803\" srcset=\"https:\/\/curierulsatelor.ro\/wp\/wp-content\/uploads\/2019\/12\/Ziua-internationala-a-persoanelor-cu-dizabilitati-2019-1-1024x768.jpg 1024w, https:\/\/curierulsatelor.ro\/wp\/wp-content\/uploads\/2019\/12\/Ziua-internationala-a-persoanelor-cu-dizabilitati-2019-1-300x225.jpg 300w, https:\/\/curierulsatelor.ro\/wp\/wp-content\/uploads\/2019\/12\/Ziua-internationala-a-persoanelor-cu-dizabilitati-2019-1-768x576.jpg 768w\" sizes=\"(max-width: 1024px) 100vw, 1024px\" \/><\/figure>\n\n\n\n<p>     <\/p>\n\n\n\n<figure class=\"wp-block-image\"><img decoding=\"async\" width=\"4608\" height=\"3456\" src=\"https:\/\/i2.wp.com\/curierulsatelor.ro\/wp\/wp-content\/uploads\/2019\/12\/Ziua-internationala-a-persoanelor-cu-dizabilitati-2019-7.jpg?fit=640%2C480&amp;ssl=1\" alt=\"\" class=\"wp-image-804\" srcset=\"https:\/\/curierulsatelor.ro\/wp\/wp-content\/uploads\/2019\/12\/Ziua-internationala-a-persoanelor-cu-dizabilitati-2019-7.jpg 4608w, https:\/\/curierulsatelor.ro\/wp\/wp-content\/uploads\/2019\/12\/Ziua-internationala-a-persoanelor-cu-dizabilitati-2019-7-300x225.jpg 300w, https:\/\/curierulsatelor.ro\/wp\/wp-content\/uploads\/2019\/12\/Ziua-internationala-a-persoanelor-cu-dizabilitati-2019-7-768x576.jpg 768w, https:\/\/curierulsatelor.ro\/wp\/wp-content\/uploads\/2019\/12\/Ziua-internationala-a-persoanelor-cu-dizabilitati-2019-7-1024x768.jpg 1024w\" sizes=\"(max-width: 4608px) 100vw, 4608px\" \/><\/figure>\n\n\n\n<figure class=\"wp-block-image\"><img decoding=\"async\" width=\"4608\" height=\"3456\" src=\"https:\/\/i0.wp.com\/curierulsatelor.ro\/wp\/wp-content\/uploads\/2019\/12\/Ziua-internationala-a-persoanelor-cu-dizabilitati-2019-8.jpg?fit=640%2C480&amp;ssl=1\" alt=\"\" class=\"wp-image-806\" srcset=\"https:\/\/curierulsatelor.ro\/wp\/wp-content\/uploads\/2019\/12\/Ziua-internationala-a-persoanelor-cu-dizabilitati-2019-8.jpg 4608w, https:\/\/curierulsatelor.ro\/wp\/wp-content\/uploads\/2019\/12\/Ziua-internationala-a-persoanelor-cu-dizabilitati-2019-8-300x225.jpg 300w, https:\/\/curierulsatelor.ro\/wp\/wp-content\/uploads\/2019\/12\/Ziua-internationala-a-persoanelor-cu-dizabilitati-2019-8-768x576.jpg 768w, https:\/\/curierulsatelor.ro\/wp\/wp-content\/uploads\/2019\/12\/Ziua-internationala-a-persoanelor-cu-dizabilitati-2019-8-1024x768.jpg 1024w\" sizes=\"(max-width: 4608px) 100vw, 4608px\" \/><\/figure>\n\n\n\n<figure class=\"wp-block-image\"><img loading=\"lazy\" decoding=\"async\" width=\"4608\" height=\"3456\" src=\"https:\/\/i2.wp.com\/curierulsatelor.ro\/wp\/wp-content\/uploads\/2019\/12\/Ziua-internationala-a-persoanelor-cu-dizabilitati-2019-9.jpg?fit=640%2C480&amp;ssl=1\" alt=\"\" class=\"wp-image-807\" srcset=\"https:\/\/curierulsatelor.ro\/wp\/wp-content\/uploads\/2019\/12\/Ziua-internationala-a-persoanelor-cu-dizabilitati-2019-9.jpg 4608w, https:\/\/curierulsatelor.ro\/wp\/wp-content\/uploads\/2019\/12\/Ziua-internationala-a-persoanelor-cu-dizabilitati-2019-9-300x225.jpg 300w, https:\/\/curierulsatelor.ro\/wp\/wp-content\/uploads\/2019\/12\/Ziua-internationala-a-persoanelor-cu-dizabilitati-2019-9-768x576.jpg 768w, https:\/\/curierulsatelor.ro\/wp\/wp-content\/uploads\/2019\/12\/Ziua-internationala-a-persoanelor-cu-dizabilitati-2019-9-1024x768.jpg 1024w\" sizes=\"(max-width: 4608px) 100vw, 4608px\" \/><\/figure>\n\n\n\n<figure class=\"wp-block-image\"><img loading=\"lazy\" decoding=\"async\" width=\"4608\" height=\"3456\" src=\"https:\/\/i1.wp.com\/curierulsatelor.ro\/wp\/wp-content\/uploads\/2019\/12\/Ziua-internationala-a-persoanelor-cu-dizabilitati-2019-10.jpg?fit=640%2C480&amp;ssl=1\" alt=\"\" class=\"wp-image-808\" srcset=\"https:\/\/curierulsatelor.ro\/wp\/wp-content\/uploads\/2019\/12\/Ziua-internationala-a-persoanelor-cu-dizabilitati-2019-10.jpg 4608w, https:\/\/curierulsatelor.ro\/wp\/wp-content\/uploads\/2019\/12\/Ziua-internationala-a-persoanelor-cu-dizabilitati-2019-10-300x225.jpg 300w, https:\/\/curierulsatelor.ro\/wp\/wp-content\/uploads\/2019\/12\/Ziua-internationala-a-persoanelor-cu-dizabilitati-2019-10-768x576.jpg 768w, https:\/\/curierulsatelor.ro\/wp\/wp-content\/uploads\/2019\/12\/Ziua-internationala-a-persoanelor-cu-dizabilitati-2019-10-1024x768.jpg 1024w\" sizes=\"(max-width: 4608px) 100vw, 4608px\" \/><\/figure>\n\n\n\n<figure class=\"wp-block-image\"><img loading=\"lazy\" decoding=\"async\" width=\"4608\" height=\"3456\" src=\"https:\/\/i2.wp.com\/curierulsatelor.ro\/wp\/wp-content\/uploads\/2019\/12\/Ziua-internationala-a-persoanelor-cu-dizabilitati-2019-5.jpg?fit=640%2C480&amp;ssl=1\" alt=\"\" class=\"wp-image-809\" srcset=\"https:\/\/curierulsatelor.ro\/wp\/wp-content\/uploads\/2019\/12\/Ziua-internationala-a-persoanelor-cu-dizabilitati-2019-5.jpg 4608w, https:\/\/curierulsatelor.ro\/wp\/wp-content\/uploads\/2019\/12\/Ziua-internationala-a-persoanelor-cu-dizabilitati-2019-5-300x225.jpg 300w, https:\/\/curierulsatelor.ro\/wp\/wp-content\/uploads\/2019\/12\/Ziua-internationala-a-persoanelor-cu-dizabilitati-2019-5-768x576.jpg 768w, https:\/\/curierulsatelor.ro\/wp\/wp-content\/uploads\/2019\/12\/Ziua-internationala-a-persoanelor-cu-dizabilitati-2019-5-1024x768.jpg 1024w\" sizes=\"(max-width: 4608px) 100vw, 4608px\" \/><\/figure>\n\n\n\n<figure class=\"wp-block-image\"><img loading=\"lazy\" decoding=\"async\" width=\"4608\" height=\"3456\" src=\"https:\/\/i0.wp.com\/curierulsatelor.ro\/wp\/wp-content\/uploads\/2019\/12\/Ziua-internationala-a-persoanelor-cu-dizabilitati-2019-2.jpg?fit=640%2C480&amp;ssl=1\" alt=\"\" class=\"wp-image-810\" srcset=\"https:\/\/curierulsatelor.ro\/wp\/wp-content\/uploads\/2019\/12\/Ziua-internationala-a-persoanelor-cu-dizabilitati-2019-2.jpg 4608w, https:\/\/curierulsatelor.ro\/wp\/wp-content\/uploads\/2019\/12\/Ziua-internationala-a-persoanelor-cu-dizabilitati-2019-2-300x225.jpg 300w, https:\/\/curierulsatelor.ro\/wp\/wp-content\/uploads\/2019\/12\/Ziua-internationala-a-persoanelor-cu-dizabilitati-2019-2-768x576.jpg 768w, https:\/\/curierulsatelor.ro\/wp\/wp-content\/uploads\/2019\/12\/Ziua-internationala-a-persoanelor-cu-dizabilitati-2019-2-1024x768.jpg 1024w\" sizes=\"(max-width: 4608px) 100vw, 4608px\" \/><\/figure>\n\n\n\n<figure class=\"wp-block-image\"><img loading=\"lazy\" decoding=\"async\" width=\"4608\" height=\"3456\" src=\"https:\/\/i1.wp.com\/curierulsatelor.ro\/wp\/wp-content\/uploads\/2019\/12\/Ziua-internationala-a-persoanelor-cu-dizabilitati-2019-3.jpg?fit=640%2C480&amp;ssl=1\" alt=\"\" class=\"wp-image-811\" srcset=\"https:\/\/curierulsatelor.ro\/wp\/wp-content\/uploads\/2019\/12\/Ziua-internationala-a-persoanelor-cu-dizabilitati-2019-3.jpg 4608w, https:\/\/curierulsatelor.ro\/wp\/wp-content\/uploads\/2019\/12\/Ziua-internationala-a-persoanelor-cu-dizabilitati-2019-3-300x225.jpg 300w, https:\/\/curierulsatelor.ro\/wp\/wp-content\/uploads\/2019\/12\/Ziua-internationala-a-persoanelor-cu-dizabilitati-2019-3-768x576.jpg 768w, https:\/\/curierulsatelor.ro\/wp\/wp-content\/uploads\/2019\/12\/Ziua-internationala-a-persoanelor-cu-dizabilitati-2019-3-1024x768.jpg 1024w\" sizes=\"(max-width: 4608px) 100vw, 4608px\" \/><\/figure>\n\n\n\n<figure class=\"wp-block-image\"><img loading=\"lazy\" decoding=\"async\" width=\"4608\" height=\"3456\" src=\"https:\/\/i0.wp.com\/curierulsatelor.ro\/wp\/wp-content\/uploads\/2019\/12\/Ziua-internationala-a-persoanelor-cu-dizabilitati-2019-4.jpg?fit=640%2C480&amp;ssl=1\" alt=\"\" class=\"wp-image-812\" srcset=\"https:\/\/curierulsatelor.ro\/wp\/wp-content\/uploads\/2019\/12\/Ziua-internationala-a-persoanelor-cu-dizabilitati-2019-4.jpg 4608w, https:\/\/curierulsatelor.ro\/wp\/wp-content\/uploads\/2019\/12\/Ziua-internationala-a-persoanelor-cu-dizabilitati-2019-4-300x225.jpg 300w, https:\/\/curierulsatelor.ro\/wp\/wp-content\/uploads\/2019\/12\/Ziua-internationala-a-persoanelor-cu-dizabilitati-2019-4-768x576.jpg 768w, https:\/\/curierulsatelor.ro\/wp\/wp-content\/uploads\/2019\/12\/Ziua-internationala-a-persoanelor-cu-dizabilitati-2019-4-1024x768.jpg 1024w\" sizes=\"(max-width: 4608px) 100vw, 4608px\" \/><\/figure>\n\n\n\n<figure class=\"wp-block-image\"><img loading=\"lazy\" decoding=\"async\" width=\"4608\" height=\"3456\" src=\"https:\/\/i0.wp.com\/curierulsatelor.ro\/wp\/wp-content\/uploads\/2019\/12\/Ziua-internationala-a-persoanelor-cu-dizabilitati-2019-16.jpg?fit=640%2C480&amp;ssl=1\" alt=\"\" class=\"wp-image-813\" srcset=\"https:\/\/curierulsatelor.ro\/wp\/wp-content\/uploads\/2019\/12\/Ziua-internationala-a-persoanelor-cu-dizabilitati-2019-16.jpg 4608w, https:\/\/curierulsatelor.ro\/wp\/wp-content\/uploads\/2019\/12\/Ziua-internationala-a-persoanelor-cu-dizabilitati-2019-16-300x225.jpg 300w, https:\/\/curierulsatelor.ro\/wp\/wp-content\/uploads\/2019\/12\/Ziua-internationala-a-persoanelor-cu-dizabilitati-2019-16-768x576.jpg 768w, https:\/\/curierulsatelor.ro\/wp\/wp-content\/uploads\/2019\/12\/Ziua-internationala-a-persoanelor-cu-dizabilitati-2019-16-1024x768.jpg 1024w\" sizes=\"(max-width: 4608px) 100vw, 4608px\" \/><\/figure>\n\n\n\n<figure class=\"wp-block-image\"><img loading=\"lazy\" decoding=\"async\" width=\"4608\" height=\"3456\" src=\"https:\/\/i1.wp.com\/curierulsatelor.ro\/wp\/wp-content\/uploads\/2019\/12\/Ziua-internationala-a-persoanelor-cu-dizabilitati-2019-15.jpg?fit=640%2C480&amp;ssl=1\" alt=\"\" class=\"wp-image-814\" srcset=\"https:\/\/curierulsatelor.ro\/wp\/wp-content\/uploads\/2019\/12\/Ziua-internationala-a-persoanelor-cu-dizabilitati-2019-15.jpg 4608w, https:\/\/curierulsatelor.ro\/wp\/wp-content\/uploads\/2019\/12\/Ziua-internationala-a-persoanelor-cu-dizabilitati-2019-15-300x225.jpg 300w, https:\/\/curierulsatelor.ro\/wp\/wp-content\/uploads\/2019\/12\/Ziua-internationala-a-persoanelor-cu-dizabilitati-2019-15-768x576.jpg 768w, https:\/\/curierulsatelor.ro\/wp\/wp-content\/uploads\/2019\/12\/Ziua-internationala-a-persoanelor-cu-dizabilitati-2019-15-1024x768.jpg 1024w\" sizes=\"(max-width: 4608px) 100vw, 4608px\" \/><\/figure>\n\n\n\n<figure class=\"wp-block-image\"><img loading=\"lazy\" decoding=\"async\" width=\"4608\" height=\"3456\" src=\"https:\/\/i0.wp.com\/curierulsatelor.ro\/wp\/wp-content\/uploads\/2019\/12\/DSCN1472.jpg?fit=640%2C480&amp;ssl=1\" alt=\"\" class=\"wp-image-815\" srcset=\"https:\/\/curierulsatelor.ro\/wp\/wp-content\/uploads\/2019\/12\/DSCN1472.jpg 4608w, https:\/\/curierulsatelor.ro\/wp\/wp-content\/uploads\/2019\/12\/DSCN1472-300x225.jpg 300w, https:\/\/curierulsatelor.ro\/wp\/wp-content\/uploads\/2019\/12\/DSCN1472-768x576.jpg 768w, https:\/\/curierulsatelor.ro\/wp\/wp-content\/uploads\/2019\/12\/DSCN1472-1024x768.jpg 1024w\" sizes=\"(max-width: 4608px) 100vw, 4608px\" \/><\/figure>\n\n\n\n<figure class=\"wp-block-image\"><img loading=\"lazy\" decoding=\"async\" width=\"4608\" height=\"3456\" src=\"https:\/\/i0.wp.com\/curierulsatelor.ro\/wp\/wp-content\/uploads\/2019\/12\/Ziua-internationala-a-persoanelor-cu-dizabilitati-2019-13.jpg?fit=640%2C480&amp;ssl=1\" alt=\"\" class=\"wp-image-816\" srcset=\"https:\/\/curierulsatelor.ro\/wp\/wp-content\/uploads\/2019\/12\/Ziua-internationala-a-persoanelor-cu-dizabilitati-2019-13.jpg 4608w, https:\/\/curierulsatelor.ro\/wp\/wp-content\/uploads\/2019\/12\/Ziua-internationala-a-persoanelor-cu-dizabilitati-2019-13-300x225.jpg 300w, https:\/\/curierulsatelor.ro\/wp\/wp-content\/uploads\/2019\/12\/Ziua-internationala-a-persoanelor-cu-dizabilitati-2019-13-768x576.jpg 768w, https:\/\/curierulsatelor.ro\/wp\/wp-content\/uploads\/2019\/12\/Ziua-internationala-a-persoanelor-cu-dizabilitati-2019-13-1024x768.jpg 1024w\" sizes=\"(max-width: 4608px) 100vw, 4608px\" \/><\/figure>\n","protected":false},"excerpt":{"rendered":"<p>Persoanele cu dizabilit\u0103\u021bi \u0219i-au s\u0103rb\u0103torit azi Ziua Interna\u021bional\u0103. Ziua lor se aniverseaz\u0103, \u00een fiecare an,&#8230;<\/p>\n","protected":false},"author":1,"featured_media":802,"comment_status":"open","ping_status":"open","sticky":false,"template":"","format":"standard","meta":{"footnotes":""},"categories":[7,11],"tags":[],"class_list":["post-801","post","type-post","status-publish","format-standard","has-post-thumbnail","hentry","category-social","category-stiri"],"yoast_head":"<!-- This site is optimized with the Yoast SEO plugin v27.4 - https:\/\/yoast.com\/product\/yoast-seo-wordpress\/ -->\n<title>Demonstra\u021bie de abilit\u0103\u021bi de Ziua Interna\u021bional\u0103 a Persoanelor cu Dizabilit\u0103\u021bi - FOTO\/VIDEO - Curierul Regional<\/title>\n<meta name=\"robots\" content=\"index, follow, max-snippet:-1, max-image-preview:large, max-video-preview:-1\" \/>\n<link rel=\"canonical\" href=\"https:\/\/curierulsatelor.ro\/wp\/2019\/12\/03\/demonstratie-de-abilitati-de-ziua-internationala-a-persoanelor-cu-dizabilitati-foto-video\/\" \/>\n<meta property=\"og:locale\" content=\"ro_RO\" \/>\n<meta property=\"og:type\" content=\"article\" \/>\n<meta property=\"og:title\" content=\"Demonstra\u021bie de abilit\u0103\u021bi de Ziua Interna\u021bional\u0103 a Persoanelor cu Dizabilit\u0103\u021bi - FOTO\/VIDEO - Curierul Regional\" \/>\n<meta property=\"og:description\" content=\"Persoanele cu dizabilit\u0103\u021bi \u0219i-au s\u0103rb\u0103torit azi Ziua Interna\u021bional\u0103. Ziua lor se aniverseaz\u0103, \u00een fiecare an,...\" \/>\n<meta property=\"og:url\" content=\"https:\/\/curierulsatelor.ro\/wp\/2019\/12\/03\/demonstratie-de-abilitati-de-ziua-internationala-a-persoanelor-cu-dizabilitati-foto-video\/\" \/>\n<meta property=\"og:site_name\" content=\"Curierul Regional\" \/>\n<meta property=\"article:published_time\" content=\"2019-12-03T21:27:52+00:00\" \/>\n<meta property=\"article:modified_time\" content=\"2019-12-03T21:27:59+00:00\" \/>\n<meta property=\"og:image\" content=\"https:\/\/curierulsatelor.ro\/wp\/wp-content\/uploads\/2019\/12\/Gabriela-Ivan-Costica-Macalet-si-Mihaela-Maftean-asociatie-autism-1024x797.jpg\" \/>\n\t<meta property=\"og:image:width\" content=\"1024\" \/>\n\t<meta property=\"og:image:height\" content=\"797\" \/>\n\t<meta property=\"og:image:type\" content=\"image\/jpeg\" \/>\n<meta name=\"author\" content=\"Marian Morosan\" \/>\n<meta name=\"twitter:card\" content=\"summary_large_image\" \/>\n<meta name=\"twitter:label1\" content=\"Scris de\" \/>\n\t<meta name=\"twitter:data1\" content=\"Marian Morosan\" \/>\n\t<meta name=\"twitter:label2\" content=\"Timp estimat pentru citire\" \/>\n\t<meta name=\"twitter:data2\" content=\"2 minute\" \/>\n<script type=\"application\/ld+json\" class=\"yoast-schema-graph\">{\"@context\":\"https:\\\/\\\/schema.org\",\"@graph\":[{\"@type\":\"Article\",\"@id\":\"https:\\\/\\\/curierulsatelor.ro\\\/wp\\\/2019\\\/12\\\/03\\\/demonstratie-de-abilitati-de-ziua-internationala-a-persoanelor-cu-dizabilitati-foto-video\\\/#article\",\"isPartOf\":{\"@id\":\"https:\\\/\\\/curierulsatelor.ro\\\/wp\\\/2019\\\/12\\\/03\\\/demonstratie-de-abilitati-de-ziua-internationala-a-persoanelor-cu-dizabilitati-foto-video\\\/\"},\"author\":{\"name\":\"Marian Morosan\",\"@id\":\"https:\\\/\\\/curierulsatelor.ro\\\/wp\\\/#\\\/schema\\\/person\\\/6f6b28a030e15d619a82894773d6e7b9\"},\"headline\":\"Demonstra\u021bie de abilit\u0103\u021bi de Ziua Interna\u021bional\u0103 a Persoanelor cu Dizabilit\u0103\u021bi &#8211; FOTO\\\/VIDEO\",\"datePublished\":\"2019-12-03T21:27:52+00:00\",\"dateModified\":\"2019-12-03T21:27:59+00:00\",\"mainEntityOfPage\":{\"@id\":\"https:\\\/\\\/curierulsatelor.ro\\\/wp\\\/2019\\\/12\\\/03\\\/demonstratie-de-abilitati-de-ziua-internationala-a-persoanelor-cu-dizabilitati-foto-video\\\/\"},\"wordCount\":482,\"commentCount\":0,\"publisher\":{\"@id\":\"https:\\\/\\\/curierulsatelor.ro\\\/wp\\\/#organization\"},\"image\":{\"@id\":\"https:\\\/\\\/curierulsatelor.ro\\\/wp\\\/2019\\\/12\\\/03\\\/demonstratie-de-abilitati-de-ziua-internationala-a-persoanelor-cu-dizabilitati-foto-video\\\/#primaryimage\"},\"thumbnailUrl\":\"https:\\\/\\\/curierulsatelor.ro\\\/wp\\\/wp-content\\\/uploads\\\/2019\\\/12\\\/Gabriela-Ivan-Costica-Macalet-si-Mihaela-Maftean-asociatie-autism.jpg\",\"articleSection\":[\"Social\",\"Stiri\"],\"inLanguage\":\"ro-RO\",\"potentialAction\":[{\"@type\":\"CommentAction\",\"name\":\"Comment\",\"target\":[\"https:\\\/\\\/curierulsatelor.ro\\\/wp\\\/2019\\\/12\\\/03\\\/demonstratie-de-abilitati-de-ziua-internationala-a-persoanelor-cu-dizabilitati-foto-video\\\/#respond\"]}]},{\"@type\":\"WebPage\",\"@id\":\"https:\\\/\\\/curierulsatelor.ro\\\/wp\\\/2019\\\/12\\\/03\\\/demonstratie-de-abilitati-de-ziua-internationala-a-persoanelor-cu-dizabilitati-foto-video\\\/\",\"url\":\"https:\\\/\\\/curierulsatelor.ro\\\/wp\\\/2019\\\/12\\\/03\\\/demonstratie-de-abilitati-de-ziua-internationala-a-persoanelor-cu-dizabilitati-foto-video\\\/\",\"name\":\"Demonstra\u021bie de abilit\u0103\u021bi de Ziua Interna\u021bional\u0103 a Persoanelor cu Dizabilit\u0103\u021bi - FOTO\\\/VIDEO - Curierul Regional\",\"isPartOf\":{\"@id\":\"https:\\\/\\\/curierulsatelor.ro\\\/wp\\\/#website\"},\"primaryImageOfPage\":{\"@id\":\"https:\\\/\\\/curierulsatelor.ro\\\/wp\\\/2019\\\/12\\\/03\\\/demonstratie-de-abilitati-de-ziua-internationala-a-persoanelor-cu-dizabilitati-foto-video\\\/#primaryimage\"},\"image\":{\"@id\":\"https:\\\/\\\/curierulsatelor.ro\\\/wp\\\/2019\\\/12\\\/03\\\/demonstratie-de-abilitati-de-ziua-internationala-a-persoanelor-cu-dizabilitati-foto-video\\\/#primaryimage\"},\"thumbnailUrl\":\"https:\\\/\\\/curierulsatelor.ro\\\/wp\\\/wp-content\\\/uploads\\\/2019\\\/12\\\/Gabriela-Ivan-Costica-Macalet-si-Mihaela-Maftean-asociatie-autism.jpg\",\"datePublished\":\"2019-12-03T21:27:52+00:00\",\"dateModified\":\"2019-12-03T21:27:59+00:00\",\"breadcrumb\":{\"@id\":\"https:\\\/\\\/curierulsatelor.ro\\\/wp\\\/2019\\\/12\\\/03\\\/demonstratie-de-abilitati-de-ziua-internationala-a-persoanelor-cu-dizabilitati-foto-video\\\/#breadcrumb\"},\"inLanguage\":\"ro-RO\",\"potentialAction\":[{\"@type\":\"ReadAction\",\"target\":[\"https:\\\/\\\/curierulsatelor.ro\\\/wp\\\/2019\\\/12\\\/03\\\/demonstratie-de-abilitati-de-ziua-internationala-a-persoanelor-cu-dizabilitati-foto-video\\\/\"]}]},{\"@type\":\"ImageObject\",\"inLanguage\":\"ro-RO\",\"@id\":\"https:\\\/\\\/curierulsatelor.ro\\\/wp\\\/2019\\\/12\\\/03\\\/demonstratie-de-abilitati-de-ziua-internationala-a-persoanelor-cu-dizabilitati-foto-video\\\/#primaryimage\",\"url\":\"https:\\\/\\\/curierulsatelor.ro\\\/wp\\\/wp-content\\\/uploads\\\/2019\\\/12\\\/Gabriela-Ivan-Costica-Macalet-si-Mihaela-Maftean-asociatie-autism.jpg\",\"contentUrl\":\"https:\\\/\\\/curierulsatelor.ro\\\/wp\\\/wp-content\\\/uploads\\\/2019\\\/12\\\/Gabriela-Ivan-Costica-Macalet-si-Mihaela-Maftean-asociatie-autism.jpg\",\"width\":4176,\"height\":3252},{\"@type\":\"BreadcrumbList\",\"@id\":\"https:\\\/\\\/curierulsatelor.ro\\\/wp\\\/2019\\\/12\\\/03\\\/demonstratie-de-abilitati-de-ziua-internationala-a-persoanelor-cu-dizabilitati-foto-video\\\/#breadcrumb\",\"itemListElement\":[{\"@type\":\"ListItem\",\"position\":1,\"name\":\"Prima pagin\u0103\",\"item\":\"https:\\\/\\\/curierulsatelor.ro\\\/wp\\\/\"},{\"@type\":\"ListItem\",\"position\":2,\"name\":\"Demonstra\u021bie de abilit\u0103\u021bi de Ziua Interna\u021bional\u0103 a Persoanelor cu Dizabilit\u0103\u021bi &#8211; FOTO\\\/VIDEO\"}]},{\"@type\":\"WebSite\",\"@id\":\"https:\\\/\\\/curierulsatelor.ro\\\/wp\\\/#website\",\"url\":\"https:\\\/\\\/curierulsatelor.ro\\\/wp\\\/\",\"name\":\"Curierul Regional\",\"description\":\"\",\"publisher\":{\"@id\":\"https:\\\/\\\/curierulsatelor.ro\\\/wp\\\/#organization\"},\"potentialAction\":[{\"@type\":\"SearchAction\",\"target\":{\"@type\":\"EntryPoint\",\"urlTemplate\":\"https:\\\/\\\/curierulsatelor.ro\\\/wp\\\/?s={search_term_string}\"},\"query-input\":{\"@type\":\"PropertyValueSpecification\",\"valueRequired\":true,\"valueName\":\"search_term_string\"}}],\"inLanguage\":\"ro-RO\"},{\"@type\":\"Organization\",\"@id\":\"https:\\\/\\\/curierulsatelor.ro\\\/wp\\\/#organization\",\"name\":\"Curierul Regional\",\"url\":\"https:\\\/\\\/curierulsatelor.ro\\\/wp\\\/\",\"logo\":{\"@type\":\"ImageObject\",\"inLanguage\":\"ro-RO\",\"@id\":\"https:\\\/\\\/curierulsatelor.ro\\\/wp\\\/#\\\/schema\\\/logo\\\/image\\\/\",\"url\":\"https:\\\/\\\/curierulsatelor.ro\\\/wp\\\/wp-content\\\/uploads\\\/2020\\\/01\\\/Curierul-Regional-si-Curierul-satelor-logo-header.png\",\"contentUrl\":\"https:\\\/\\\/curierulsatelor.ro\\\/wp\\\/wp-content\\\/uploads\\\/2020\\\/01\\\/Curierul-Regional-si-Curierul-satelor-logo-header.png\",\"width\":2943,\"height\":685,\"caption\":\"Curierul Regional\"},\"image\":{\"@id\":\"https:\\\/\\\/curierulsatelor.ro\\\/wp\\\/#\\\/schema\\\/logo\\\/image\\\/\"}},{\"@type\":\"Person\",\"@id\":\"https:\\\/\\\/curierulsatelor.ro\\\/wp\\\/#\\\/schema\\\/person\\\/6f6b28a030e15d619a82894773d6e7b9\",\"name\":\"Marian Morosan\",\"image\":{\"@type\":\"ImageObject\",\"inLanguage\":\"ro-RO\",\"@id\":\"https:\\\/\\\/secure.gravatar.com\\\/avatar\\\/2e833cc9ab99e6bca46266d4ad9030d308346ff7ff0b6b955c29b74cafaf064b?s=96&d=mm&r=g\",\"url\":\"https:\\\/\\\/secure.gravatar.com\\\/avatar\\\/2e833cc9ab99e6bca46266d4ad9030d308346ff7ff0b6b955c29b74cafaf064b?s=96&d=mm&r=g\",\"contentUrl\":\"https:\\\/\\\/secure.gravatar.com\\\/avatar\\\/2e833cc9ab99e6bca46266d4ad9030d308346ff7ff0b6b955c29b74cafaf064b?s=96&d=mm&r=g\",\"caption\":\"Marian Morosan\"},\"description\":\"Copiilor no\u015ftri li se preg\u0103te\u015fte, incon\u015ftient, o lume de joben ciuruit, din care niciodat\u0103 nu iese iepura\u015ful. Doar panglicile politicilor sociale roase de moliile cu \u015ftaif din ultimele decenii. Suntem oropsi\u0163i, suntem dispera\u0163i, manipula\u0163i p\u00e2n\u0103 acolo \u00eenc\u00e2t ne bucur\u0103m s\u0103 fim masa de manevr\u0103 a unora \u015fi s\u0103 sus\u0163inem c\u0103 a\u015fa e normal. Acum \u00eel \u00een\u0163eleg pe Cioran, dar \u00eel \u00een\u0163eleg mai bine \u015fi pe Preda. \u015ei m\u0103 g\u00e2ndesc iar, cu groaz\u0103, la copilul meu. Cel pu\u0163in eu nu \u00eemi doresc s\u0103 \u015ftiu c\u0103 micu\u0163ul meu va fi singur, cu sufletul descul\u0163, prin jungla mileniului III ! https:\\\/\\\/curierulsatelor.ro\\\/wp\\\/2019\\\/10\\\/16\\\/cu-sufletul-descult-prin-jungla-mileniului-iii-editorial\\\/\",\"sameAs\":[\"http:\\\/\\\/admin\"],\"url\":\"https:\\\/\\\/curierulsatelor.ro\\\/wp\\\/author\\\/admin\\\/\"}]}<\/script>\n<!-- \/ Yoast SEO plugin. -->","yoast_head_json":{"title":"Demonstra\u021bie de abilit\u0103\u021bi de Ziua Interna\u021bional\u0103 a Persoanelor cu Dizabilit\u0103\u021bi - FOTO\/VIDEO - Curierul Regional","robots":{"index":"index","follow":"follow","max-snippet":"max-snippet:-1","max-image-preview":"max-image-preview:large","max-video-preview":"max-video-preview:-1"},"canonical":"https:\/\/curierulsatelor.ro\/wp\/2019\/12\/03\/demonstratie-de-abilitati-de-ziua-internationala-a-persoanelor-cu-dizabilitati-foto-video\/","og_locale":"ro_RO","og_type":"article","og_title":"Demonstra\u021bie de abilit\u0103\u021bi de Ziua Interna\u021bional\u0103 a Persoanelor cu Dizabilit\u0103\u021bi - FOTO\/VIDEO - Curierul Regional","og_description":"Persoanele cu dizabilit\u0103\u021bi \u0219i-au s\u0103rb\u0103torit azi Ziua Interna\u021bional\u0103. Ziua lor se aniverseaz\u0103, \u00een fiecare an,...","og_url":"https:\/\/curierulsatelor.ro\/wp\/2019\/12\/03\/demonstratie-de-abilitati-de-ziua-internationala-a-persoanelor-cu-dizabilitati-foto-video\/","og_site_name":"Curierul Regional","article_published_time":"2019-12-03T21:27:52+00:00","article_modified_time":"2019-12-03T21:27:59+00:00","og_image":[{"width":1024,"height":797,"url":"https:\/\/curierulsatelor.ro\/wp\/wp-content\/uploads\/2019\/12\/Gabriela-Ivan-Costica-Macalet-si-Mihaela-Maftean-asociatie-autism-1024x797.jpg","type":"image\/jpeg"}],"author":"Marian Morosan","twitter_card":"summary_large_image","twitter_misc":{"Scris de":"Marian Morosan","Timp estimat pentru citire":"2 minute"},"schema":{"@context":"https:\/\/schema.org","@graph":[{"@type":"Article","@id":"https:\/\/curierulsatelor.ro\/wp\/2019\/12\/03\/demonstratie-de-abilitati-de-ziua-internationala-a-persoanelor-cu-dizabilitati-foto-video\/#article","isPartOf":{"@id":"https:\/\/curierulsatelor.ro\/wp\/2019\/12\/03\/demonstratie-de-abilitati-de-ziua-internationala-a-persoanelor-cu-dizabilitati-foto-video\/"},"author":{"name":"Marian Morosan","@id":"https:\/\/curierulsatelor.ro\/wp\/#\/schema\/person\/6f6b28a030e15d619a82894773d6e7b9"},"headline":"Demonstra\u021bie de abilit\u0103\u021bi de Ziua Interna\u021bional\u0103 a Persoanelor cu Dizabilit\u0103\u021bi &#8211; FOTO\/VIDEO","datePublished":"2019-12-03T21:27:52+00:00","dateModified":"2019-12-03T21:27:59+00:00","mainEntityOfPage":{"@id":"https:\/\/curierulsatelor.ro\/wp\/2019\/12\/03\/demonstratie-de-abilitati-de-ziua-internationala-a-persoanelor-cu-dizabilitati-foto-video\/"},"wordCount":482,"commentCount":0,"publisher":{"@id":"https:\/\/curierulsatelor.ro\/wp\/#organization"},"image":{"@id":"https:\/\/curierulsatelor.ro\/wp\/2019\/12\/03\/demonstratie-de-abilitati-de-ziua-internationala-a-persoanelor-cu-dizabilitati-foto-video\/#primaryimage"},"thumbnailUrl":"https:\/\/curierulsatelor.ro\/wp\/wp-content\/uploads\/2019\/12\/Gabriela-Ivan-Costica-Macalet-si-Mihaela-Maftean-asociatie-autism.jpg","articleSection":["Social","Stiri"],"inLanguage":"ro-RO","potentialAction":[{"@type":"CommentAction","name":"Comment","target":["https:\/\/curierulsatelor.ro\/wp\/2019\/12\/03\/demonstratie-de-abilitati-de-ziua-internationala-a-persoanelor-cu-dizabilitati-foto-video\/#respond"]}]},{"@type":"WebPage","@id":"https:\/\/curierulsatelor.ro\/wp\/2019\/12\/03\/demonstratie-de-abilitati-de-ziua-internationala-a-persoanelor-cu-dizabilitati-foto-video\/","url":"https:\/\/curierulsatelor.ro\/wp\/2019\/12\/03\/demonstratie-de-abilitati-de-ziua-internationala-a-persoanelor-cu-dizabilitati-foto-video\/","name":"Demonstra\u021bie de abilit\u0103\u021bi de Ziua Interna\u021bional\u0103 a Persoanelor cu Dizabilit\u0103\u021bi - FOTO\/VIDEO - Curierul Regional","isPartOf":{"@id":"https:\/\/curierulsatelor.ro\/wp\/#website"},"primaryImageOfPage":{"@id":"https:\/\/curierulsatelor.ro\/wp\/2019\/12\/03\/demonstratie-de-abilitati-de-ziua-internationala-a-persoanelor-cu-dizabilitati-foto-video\/#primaryimage"},"image":{"@id":"https:\/\/curierulsatelor.ro\/wp\/2019\/12\/03\/demonstratie-de-abilitati-de-ziua-internationala-a-persoanelor-cu-dizabilitati-foto-video\/#primaryimage"},"thumbnailUrl":"https:\/\/curierulsatelor.ro\/wp\/wp-content\/uploads\/2019\/12\/Gabriela-Ivan-Costica-Macalet-si-Mihaela-Maftean-asociatie-autism.jpg","datePublished":"2019-12-03T21:27:52+00:00","dateModified":"2019-12-03T21:27:59+00:00","breadcrumb":{"@id":"https:\/\/curierulsatelor.ro\/wp\/2019\/12\/03\/demonstratie-de-abilitati-de-ziua-internationala-a-persoanelor-cu-dizabilitati-foto-video\/#breadcrumb"},"inLanguage":"ro-RO","potentialAction":[{"@type":"ReadAction","target":["https:\/\/curierulsatelor.ro\/wp\/2019\/12\/03\/demonstratie-de-abilitati-de-ziua-internationala-a-persoanelor-cu-dizabilitati-foto-video\/"]}]},{"@type":"ImageObject","inLanguage":"ro-RO","@id":"https:\/\/curierulsatelor.ro\/wp\/2019\/12\/03\/demonstratie-de-abilitati-de-ziua-internationala-a-persoanelor-cu-dizabilitati-foto-video\/#primaryimage","url":"https:\/\/curierulsatelor.ro\/wp\/wp-content\/uploads\/2019\/12\/Gabriela-Ivan-Costica-Macalet-si-Mihaela-Maftean-asociatie-autism.jpg","contentUrl":"https:\/\/curierulsatelor.ro\/wp\/wp-content\/uploads\/2019\/12\/Gabriela-Ivan-Costica-Macalet-si-Mihaela-Maftean-asociatie-autism.jpg","width":4176,"height":3252},{"@type":"BreadcrumbList","@id":"https:\/\/curierulsatelor.ro\/wp\/2019\/12\/03\/demonstratie-de-abilitati-de-ziua-internationala-a-persoanelor-cu-dizabilitati-foto-video\/#breadcrumb","itemListElement":[{"@type":"ListItem","position":1,"name":"Prima pagin\u0103","item":"https:\/\/curierulsatelor.ro\/wp\/"},{"@type":"ListItem","position":2,"name":"Demonstra\u021bie de abilit\u0103\u021bi de Ziua Interna\u021bional\u0103 a Persoanelor cu Dizabilit\u0103\u021bi &#8211; FOTO\/VIDEO"}]},{"@type":"WebSite","@id":"https:\/\/curierulsatelor.ro\/wp\/#website","url":"https:\/\/curierulsatelor.ro\/wp\/","name":"Curierul Regional","description":"","publisher":{"@id":"https:\/\/curierulsatelor.ro\/wp\/#organization"},"potentialAction":[{"@type":"SearchAction","target":{"@type":"EntryPoint","urlTemplate":"https:\/\/curierulsatelor.ro\/wp\/?s={search_term_string}"},"query-input":{"@type":"PropertyValueSpecification","valueRequired":true,"valueName":"search_term_string"}}],"inLanguage":"ro-RO"},{"@type":"Organization","@id":"https:\/\/curierulsatelor.ro\/wp\/#organization","name":"Curierul Regional","url":"https:\/\/curierulsatelor.ro\/wp\/","logo":{"@type":"ImageObject","inLanguage":"ro-RO","@id":"https:\/\/curierulsatelor.ro\/wp\/#\/schema\/logo\/image\/","url":"https:\/\/curierulsatelor.ro\/wp\/wp-content\/uploads\/2020\/01\/Curierul-Regional-si-Curierul-satelor-logo-header.png","contentUrl":"https:\/\/curierulsatelor.ro\/wp\/wp-content\/uploads\/2020\/01\/Curierul-Regional-si-Curierul-satelor-logo-header.png","width":2943,"height":685,"caption":"Curierul Regional"},"image":{"@id":"https:\/\/curierulsatelor.ro\/wp\/#\/schema\/logo\/image\/"}},{"@type":"Person","@id":"https:\/\/curierulsatelor.ro\/wp\/#\/schema\/person\/6f6b28a030e15d619a82894773d6e7b9","name":"Marian Morosan","image":{"@type":"ImageObject","inLanguage":"ro-RO","@id":"https:\/\/secure.gravatar.com\/avatar\/2e833cc9ab99e6bca46266d4ad9030d308346ff7ff0b6b955c29b74cafaf064b?s=96&d=mm&r=g","url":"https:\/\/secure.gravatar.com\/avatar\/2e833cc9ab99e6bca46266d4ad9030d308346ff7ff0b6b955c29b74cafaf064b?s=96&d=mm&r=g","contentUrl":"https:\/\/secure.gravatar.com\/avatar\/2e833cc9ab99e6bca46266d4ad9030d308346ff7ff0b6b955c29b74cafaf064b?s=96&d=mm&r=g","caption":"Marian Morosan"},"description":"Copiilor no\u015ftri li se preg\u0103te\u015fte, incon\u015ftient, o lume de joben ciuruit, din care niciodat\u0103 nu iese iepura\u015ful. Doar panglicile politicilor sociale roase de moliile cu \u015ftaif din ultimele decenii. Suntem oropsi\u0163i, suntem dispera\u0163i, manipula\u0163i p\u00e2n\u0103 acolo \u00eenc\u00e2t ne bucur\u0103m s\u0103 fim masa de manevr\u0103 a unora \u015fi s\u0103 sus\u0163inem c\u0103 a\u015fa e normal. Acum \u00eel \u00een\u0163eleg pe Cioran, dar \u00eel \u00een\u0163eleg mai bine \u015fi pe Preda. \u015ei m\u0103 g\u00e2ndesc iar, cu groaz\u0103, la copilul meu. Cel pu\u0163in eu nu \u00eemi doresc s\u0103 \u015ftiu c\u0103 micu\u0163ul meu va fi singur, cu sufletul descul\u0163, prin jungla mileniului III ! https:\/\/curierulsatelor.ro\/wp\/2019\/10\/16\/cu-sufletul-descult-prin-jungla-mileniului-iii-editorial\/","sameAs":["http:\/\/admin"],"url":"https:\/\/curierulsatelor.ro\/wp\/author\/admin\/"}]}},"_links":{"self":[{"href":"https:\/\/curierulsatelor.ro\/wp\/wp-json\/wp\/v2\/posts\/801","targetHints":{"allow":["GET"]}}],"collection":[{"href":"https:\/\/curierulsatelor.ro\/wp\/wp-json\/wp\/v2\/posts"}],"about":[{"href":"https:\/\/curierulsatelor.ro\/wp\/wp-json\/wp\/v2\/types\/post"}],"author":[{"embeddable":true,"href":"https:\/\/curierulsatelor.ro\/wp\/wp-json\/wp\/v2\/users\/1"}],"replies":[{"embeddable":true,"href":"https:\/\/curierulsatelor.ro\/wp\/wp-json\/wp\/v2\/comments?post=801"}],"version-history":[{"count":1,"href":"https:\/\/curierulsatelor.ro\/wp\/wp-json\/wp\/v2\/posts\/801\/revisions"}],"predecessor-version":[{"id":817,"href":"https:\/\/curierulsatelor.ro\/wp\/wp-json\/wp\/v2\/posts\/801\/revisions\/817"}],"wp:featuredmedia":[{"embeddable":true,"href":"https:\/\/curierulsatelor.ro\/wp\/wp-json\/wp\/v2\/media\/802"}],"wp:attachment":[{"href":"https:\/\/curierulsatelor.ro\/wp\/wp-json\/wp\/v2\/media?parent=801"}],"wp:term":[{"taxonomy":"category","embeddable":true,"href":"https:\/\/curierulsatelor.ro\/wp\/wp-json\/wp\/v2\/categories?post=801"},{"taxonomy":"post_tag","embeddable":true,"href":"https:\/\/curierulsatelor.ro\/wp\/wp-json\/wp\/v2\/tags?post=801"}],"curies":[{"name":"wp","href":"https:\/\/api.w.org\/{rel}","templated":true}]}}