{"id":821,"date":"2019-12-05T08:16:17","date_gmt":"2019-12-05T08:16:17","guid":{"rendered":"https:\/\/curierulsatelor.ro\/wp\/?p=821"},"modified":"2019-12-05T08:16:25","modified_gmt":"2019-12-05T08:16:25","slug":"fost-senator-apropiat-al-lui-orban-deplange-metehnele-din-bucataria-puterii-pacat-de-pnl-botosani","status":"publish","type":"post","link":"https:\/\/curierulsatelor.ro\/wp\/2019\/12\/05\/fost-senator-apropiat-al-lui-orban-deplange-metehnele-din-bucataria-puterii-pacat-de-pnl-botosani\/","title":{"rendered":"Fost senator, apropiat al lui Orban, depl\u00e2nge \u201dmetehnele\u201d din buc\u0103t\u0103ria puterii. P\u0103cat de PNL Boto\u0219ani"},"content":{"rendered":"\n<p>Un fost senator de Boto\u0219ani, devenit lider al altui partid dec\u00e2t cele aflate \u00een sfera puterii de 30 de ani, a explicat, \u00een stilu-i u\u0219or diplomatic, realitatea din culisele partidului care a preluat puterea la musta\u021b\u0103 \u00een Rom\u00e2nia. \u00cencerc\u00e2nd s\u0103 colaboreze cu liberalii, nu doar la nivel declarativ, fostul senator Corneliu Popescu, pre\u0219edinte al PMP Boto\u0219ani, a constatat c\u0103 \u00een PNL \u00eec\u0103 exist\u0103 lupte fratricide, predilec\u021bii spre politica de harakiri, doar de dragul supravie\u021buirii unui orgoliu mutant.  \u201dReferitor la &#8222;guvernarea locala&#8221;, administra\u021bia guvernamentala de la nivel jude\u021bean. PMP nu \u00eentra la guvernare, Guvernul Orban, fiind un guvern monocolor, sprijinit de mai multe forma\u021biuni politice. Ca o paranteza, PNL ar trebui, deja, sa observe, sa simt\u0103 ca PMP este cel mai sincer \u0219i serios partener. Revenind, asa cum la nivel central sprijinim cu profesioni\u0219ti \u00een anumite domenii \u0219i la nivel local suntem preg\u0103ti\u021bi sa sprijinim cu speciali\u0219ti, profesioni\u0219ti, competen\u021bi. Dar,\u00a0cred eu, cel mai important lucru este buna inten\u021bia a celor sus\u021binu\u021bi de PMP. Le cerem o buna func\u021bionare a institu\u021biilor, eliminarea birocra\u021biei, multa transparenta \u0219i echidistanta, dar mai ales sprijin \u00een dezvoltare. P\u0103cat de situa\u021bia PNL la Boto\u0219ani. Eu nu cred c\u0103-i important cine sus\u021bine o func\u021bie, mult mai importanta este persoana ce va ocupa func\u021bia, calitatea ei. Ceea ce se vede, ce r\u0103zbate din aceasta tensiune pentru.. &#8222;influenta&#8221; \u00een jude\u021b, ma dezam\u0103ge\u0219te. Scopul nostru ar trebui sa fie dezvoltarea nu men\u021binerea incorsetarii \u0219i controlului. Prima ac\u021biune sa arate deschidere \u0219i transparenta. Prima cerin\u021b\u0103 sa fie.. &#8222;lua\u021bi ghearele de pe institu\u021bii&#8221;&#8230;sa func\u021bioneze transparent, prietenos, pozitiv, \u00eencurajator. Am \u00eencercat sa comunicam cu cei din PNL, din p\u0103cate se observa mai multe centre de putere cu interese diferite, uit\u00e2nd de interesul cet\u0103\u021benilor, de interesul acestui jude\u021b. Metehnele sunt vechi, p\u0103cat. Sper \u00eentr-o limpezire, \u00eentr-o trezire la realitate. Nu PNL a c\u00e2\u0219tigat, Iohanis a ie\u0219it Pre\u0219edintele Rom\u00e2niei ca un pre\u0219edinte al dreptei. Deschiderea \u0219i comunicarea transparenta cu celelalte forma\u021biuni ar arata maturitate \u0219i mai ales, \u00eentoarcerea c\u0103tre principiile fundamentale ale democra\u021biei. Mi\u0219carea Populara-Botosani continua munca organizatorica, definitiveaz\u0103 proiectul &#8222;Romania-Botosani&#8221; \u0219i este preg\u0103tit \u00een permanenta sa facem ceea ce a\u0219teapt\u0103 boto\u0219\u0103nenii, al\u0103turi de to\u021bi cei de dreapta\u201d, a explicat liderul boto\u0219\u0103nean al PMP. <\/p>\n\n\n\n<figure class=\"wp-block-image\"><img fetchpriority=\"high\" decoding=\"async\" width=\"314\" height=\"271\" src=\"https:\/\/curierulsatelor.ro\/wp\/wp-content\/uploads\/2019\/12\/Corneliu-Popescu-alaturi-de-Ludovic-Orban.jpg\" alt=\"\" class=\"wp-image-822\" srcset=\"https:\/\/curierulsatelor.ro\/wp\/wp-content\/uploads\/2019\/12\/Corneliu-Popescu-alaturi-de-Ludovic-Orban.jpg 314w, https:\/\/curierulsatelor.ro\/wp\/wp-content\/uploads\/2019\/12\/Corneliu-Popescu-alaturi-de-Ludovic-Orban-300x259.jpg 300w\" sizes=\"(max-width: 314px) 100vw, 314px\" \/><\/figure>\n","protected":false},"excerpt":{"rendered":"<p>Un fost senator de Boto\u0219ani, devenit lider al altui partid dec\u00e2t cele aflate \u00een sfera&#8230;<\/p>\n","protected":false},"author":1,"featured_media":823,"comment_status":"open","ping_status":"open","sticky":false,"template":"","format":"standard","meta":{"footnotes":""},"categories":[6],"tags":[],"class_list":["post-821","post","type-post","status-publish","format-standard","has-post-thumbnail","hentry","category-politica"],"yoast_head":"<!-- This site is optimized with the Yoast SEO plugin v27.4 - https:\/\/yoast.com\/product\/yoast-seo-wordpress\/ -->\n<title>Fost senator, apropiat al lui Orban, depl\u00e2nge \u201dmetehnele\u201d din buc\u0103t\u0103ria puterii. P\u0103cat de PNL Boto\u0219ani - Curierul Regional<\/title>\n<meta name=\"robots\" content=\"index, follow, max-snippet:-1, max-image-preview:large, max-video-preview:-1\" \/>\n<link rel=\"canonical\" href=\"https:\/\/curierulsatelor.ro\/wp\/2019\/12\/05\/fost-senator-apropiat-al-lui-orban-deplange-metehnele-din-bucataria-puterii-pacat-de-pnl-botosani\/\" \/>\n<meta property=\"og:locale\" content=\"ro_RO\" \/>\n<meta property=\"og:type\" content=\"article\" \/>\n<meta property=\"og:title\" content=\"Fost senator, apropiat al lui Orban, depl\u00e2nge \u201dmetehnele\u201d din buc\u0103t\u0103ria puterii. P\u0103cat de PNL Boto\u0219ani - Curierul Regional\" \/>\n<meta property=\"og:description\" content=\"Un fost senator de Boto\u0219ani, devenit lider al altui partid dec\u00e2t cele aflate \u00een sfera...\" \/>\n<meta property=\"og:url\" content=\"https:\/\/curierulsatelor.ro\/wp\/2019\/12\/05\/fost-senator-apropiat-al-lui-orban-deplange-metehnele-din-bucataria-puterii-pacat-de-pnl-botosani\/\" \/>\n<meta property=\"og:site_name\" content=\"Curierul Regional\" \/>\n<meta property=\"article:published_time\" content=\"2019-12-05T08:16:17+00:00\" \/>\n<meta property=\"article:modified_time\" content=\"2019-12-05T08:16:25+00:00\" \/>\n<meta property=\"og:image\" content=\"https:\/\/curierulsatelor.ro\/wp\/wp-content\/uploads\/2019\/12\/Corneliu-Popescu.jpg\" \/>\n\t<meta property=\"og:image:width\" content=\"718\" \/>\n\t<meta property=\"og:image:height\" content=\"556\" \/>\n\t<meta property=\"og:image:type\" content=\"image\/jpeg\" \/>\n<meta name=\"author\" content=\"Marian Morosan\" \/>\n<meta name=\"twitter:card\" content=\"summary_large_image\" \/>\n<meta name=\"twitter:label1\" content=\"Scris de\" \/>\n\t<meta name=\"twitter:data1\" content=\"Marian Morosan\" \/>\n\t<meta name=\"twitter:label2\" content=\"Timp estimat pentru citire\" \/>\n\t<meta name=\"twitter:data2\" content=\"2 minute\" \/>\n<script type=\"application\/ld+json\" class=\"yoast-schema-graph\">{\"@context\":\"https:\\\/\\\/schema.org\",\"@graph\":[{\"@type\":\"Article\",\"@id\":\"https:\\\/\\\/curierulsatelor.ro\\\/wp\\\/2019\\\/12\\\/05\\\/fost-senator-apropiat-al-lui-orban-deplange-metehnele-din-bucataria-puterii-pacat-de-pnl-botosani\\\/#article\",\"isPartOf\":{\"@id\":\"https:\\\/\\\/curierulsatelor.ro\\\/wp\\\/2019\\\/12\\\/05\\\/fost-senator-apropiat-al-lui-orban-deplange-metehnele-din-bucataria-puterii-pacat-de-pnl-botosani\\\/\"},\"author\":{\"name\":\"Marian Morosan\",\"@id\":\"https:\\\/\\\/curierulsatelor.ro\\\/wp\\\/#\\\/schema\\\/person\\\/6f6b28a030e15d619a82894773d6e7b9\"},\"headline\":\"Fost senator, apropiat al lui Orban, depl\u00e2nge \u201dmetehnele\u201d din buc\u0103t\u0103ria puterii. P\u0103cat de PNL Boto\u0219ani\",\"datePublished\":\"2019-12-05T08:16:17+00:00\",\"dateModified\":\"2019-12-05T08:16:25+00:00\",\"mainEntityOfPage\":{\"@id\":\"https:\\\/\\\/curierulsatelor.ro\\\/wp\\\/2019\\\/12\\\/05\\\/fost-senator-apropiat-al-lui-orban-deplange-metehnele-din-bucataria-puterii-pacat-de-pnl-botosani\\\/\"},\"wordCount\":437,\"commentCount\":0,\"publisher\":{\"@id\":\"https:\\\/\\\/curierulsatelor.ro\\\/wp\\\/#organization\"},\"image\":{\"@id\":\"https:\\\/\\\/curierulsatelor.ro\\\/wp\\\/2019\\\/12\\\/05\\\/fost-senator-apropiat-al-lui-orban-deplange-metehnele-din-bucataria-puterii-pacat-de-pnl-botosani\\\/#primaryimage\"},\"thumbnailUrl\":\"https:\\\/\\\/curierulsatelor.ro\\\/wp\\\/wp-content\\\/uploads\\\/2019\\\/12\\\/Corneliu-Popescu.jpg\",\"articleSection\":[\"Politica\"],\"inLanguage\":\"ro-RO\",\"potentialAction\":[{\"@type\":\"CommentAction\",\"name\":\"Comment\",\"target\":[\"https:\\\/\\\/curierulsatelor.ro\\\/wp\\\/2019\\\/12\\\/05\\\/fost-senator-apropiat-al-lui-orban-deplange-metehnele-din-bucataria-puterii-pacat-de-pnl-botosani\\\/#respond\"]}]},{\"@type\":\"WebPage\",\"@id\":\"https:\\\/\\\/curierulsatelor.ro\\\/wp\\\/2019\\\/12\\\/05\\\/fost-senator-apropiat-al-lui-orban-deplange-metehnele-din-bucataria-puterii-pacat-de-pnl-botosani\\\/\",\"url\":\"https:\\\/\\\/curierulsatelor.ro\\\/wp\\\/2019\\\/12\\\/05\\\/fost-senator-apropiat-al-lui-orban-deplange-metehnele-din-bucataria-puterii-pacat-de-pnl-botosani\\\/\",\"name\":\"Fost senator, apropiat al lui Orban, depl\u00e2nge \u201dmetehnele\u201d din buc\u0103t\u0103ria puterii. P\u0103cat de PNL Boto\u0219ani - Curierul Regional\",\"isPartOf\":{\"@id\":\"https:\\\/\\\/curierulsatelor.ro\\\/wp\\\/#website\"},\"primaryImageOfPage\":{\"@id\":\"https:\\\/\\\/curierulsatelor.ro\\\/wp\\\/2019\\\/12\\\/05\\\/fost-senator-apropiat-al-lui-orban-deplange-metehnele-din-bucataria-puterii-pacat-de-pnl-botosani\\\/#primaryimage\"},\"image\":{\"@id\":\"https:\\\/\\\/curierulsatelor.ro\\\/wp\\\/2019\\\/12\\\/05\\\/fost-senator-apropiat-al-lui-orban-deplange-metehnele-din-bucataria-puterii-pacat-de-pnl-botosani\\\/#primaryimage\"},\"thumbnailUrl\":\"https:\\\/\\\/curierulsatelor.ro\\\/wp\\\/wp-content\\\/uploads\\\/2019\\\/12\\\/Corneliu-Popescu.jpg\",\"datePublished\":\"2019-12-05T08:16:17+00:00\",\"dateModified\":\"2019-12-05T08:16:25+00:00\",\"breadcrumb\":{\"@id\":\"https:\\\/\\\/curierulsatelor.ro\\\/wp\\\/2019\\\/12\\\/05\\\/fost-senator-apropiat-al-lui-orban-deplange-metehnele-din-bucataria-puterii-pacat-de-pnl-botosani\\\/#breadcrumb\"},\"inLanguage\":\"ro-RO\",\"potentialAction\":[{\"@type\":\"ReadAction\",\"target\":[\"https:\\\/\\\/curierulsatelor.ro\\\/wp\\\/2019\\\/12\\\/05\\\/fost-senator-apropiat-al-lui-orban-deplange-metehnele-din-bucataria-puterii-pacat-de-pnl-botosani\\\/\"]}]},{\"@type\":\"ImageObject\",\"inLanguage\":\"ro-RO\",\"@id\":\"https:\\\/\\\/curierulsatelor.ro\\\/wp\\\/2019\\\/12\\\/05\\\/fost-senator-apropiat-al-lui-orban-deplange-metehnele-din-bucataria-puterii-pacat-de-pnl-botosani\\\/#primaryimage\",\"url\":\"https:\\\/\\\/curierulsatelor.ro\\\/wp\\\/wp-content\\\/uploads\\\/2019\\\/12\\\/Corneliu-Popescu.jpg\",\"contentUrl\":\"https:\\\/\\\/curierulsatelor.ro\\\/wp\\\/wp-content\\\/uploads\\\/2019\\\/12\\\/Corneliu-Popescu.jpg\",\"width\":718,\"height\":556},{\"@type\":\"BreadcrumbList\",\"@id\":\"https:\\\/\\\/curierulsatelor.ro\\\/wp\\\/2019\\\/12\\\/05\\\/fost-senator-apropiat-al-lui-orban-deplange-metehnele-din-bucataria-puterii-pacat-de-pnl-botosani\\\/#breadcrumb\",\"itemListElement\":[{\"@type\":\"ListItem\",\"position\":1,\"name\":\"Prima pagin\u0103\",\"item\":\"https:\\\/\\\/curierulsatelor.ro\\\/wp\\\/\"},{\"@type\":\"ListItem\",\"position\":2,\"name\":\"Fost senator, apropiat al lui Orban, depl\u00e2nge \u201dmetehnele\u201d din buc\u0103t\u0103ria puterii. P\u0103cat de PNL Boto\u0219ani\"}]},{\"@type\":\"WebSite\",\"@id\":\"https:\\\/\\\/curierulsatelor.ro\\\/wp\\\/#website\",\"url\":\"https:\\\/\\\/curierulsatelor.ro\\\/wp\\\/\",\"name\":\"Curierul Regional\",\"description\":\"\",\"publisher\":{\"@id\":\"https:\\\/\\\/curierulsatelor.ro\\\/wp\\\/#organization\"},\"potentialAction\":[{\"@type\":\"SearchAction\",\"target\":{\"@type\":\"EntryPoint\",\"urlTemplate\":\"https:\\\/\\\/curierulsatelor.ro\\\/wp\\\/?s={search_term_string}\"},\"query-input\":{\"@type\":\"PropertyValueSpecification\",\"valueRequired\":true,\"valueName\":\"search_term_string\"}}],\"inLanguage\":\"ro-RO\"},{\"@type\":\"Organization\",\"@id\":\"https:\\\/\\\/curierulsatelor.ro\\\/wp\\\/#organization\",\"name\":\"Curierul Regional\",\"url\":\"https:\\\/\\\/curierulsatelor.ro\\\/wp\\\/\",\"logo\":{\"@type\":\"ImageObject\",\"inLanguage\":\"ro-RO\",\"@id\":\"https:\\\/\\\/curierulsatelor.ro\\\/wp\\\/#\\\/schema\\\/logo\\\/image\\\/\",\"url\":\"https:\\\/\\\/curierulsatelor.ro\\\/wp\\\/wp-content\\\/uploads\\\/2020\\\/01\\\/Curierul-Regional-si-Curierul-satelor-logo-header.png\",\"contentUrl\":\"https:\\\/\\\/curierulsatelor.ro\\\/wp\\\/wp-content\\\/uploads\\\/2020\\\/01\\\/Curierul-Regional-si-Curierul-satelor-logo-header.png\",\"width\":2943,\"height\":685,\"caption\":\"Curierul Regional\"},\"image\":{\"@id\":\"https:\\\/\\\/curierulsatelor.ro\\\/wp\\\/#\\\/schema\\\/logo\\\/image\\\/\"}},{\"@type\":\"Person\",\"@id\":\"https:\\\/\\\/curierulsatelor.ro\\\/wp\\\/#\\\/schema\\\/person\\\/6f6b28a030e15d619a82894773d6e7b9\",\"name\":\"Marian Morosan\",\"image\":{\"@type\":\"ImageObject\",\"inLanguage\":\"ro-RO\",\"@id\":\"https:\\\/\\\/secure.gravatar.com\\\/avatar\\\/2e833cc9ab99e6bca46266d4ad9030d308346ff7ff0b6b955c29b74cafaf064b?s=96&d=mm&r=g\",\"url\":\"https:\\\/\\\/secure.gravatar.com\\\/avatar\\\/2e833cc9ab99e6bca46266d4ad9030d308346ff7ff0b6b955c29b74cafaf064b?s=96&d=mm&r=g\",\"contentUrl\":\"https:\\\/\\\/secure.gravatar.com\\\/avatar\\\/2e833cc9ab99e6bca46266d4ad9030d308346ff7ff0b6b955c29b74cafaf064b?s=96&d=mm&r=g\",\"caption\":\"Marian Morosan\"},\"description\":\"Copiilor no\u015ftri li se preg\u0103te\u015fte, incon\u015ftient, o lume de joben ciuruit, din care niciodat\u0103 nu iese iepura\u015ful. Doar panglicile politicilor sociale roase de moliile cu \u015ftaif din ultimele decenii. Suntem oropsi\u0163i, suntem dispera\u0163i, manipula\u0163i p\u00e2n\u0103 acolo \u00eenc\u00e2t ne bucur\u0103m s\u0103 fim masa de manevr\u0103 a unora \u015fi s\u0103 sus\u0163inem c\u0103 a\u015fa e normal. Acum \u00eel \u00een\u0163eleg pe Cioran, dar \u00eel \u00een\u0163eleg mai bine \u015fi pe Preda. \u015ei m\u0103 g\u00e2ndesc iar, cu groaz\u0103, la copilul meu. Cel pu\u0163in eu nu \u00eemi doresc s\u0103 \u015ftiu c\u0103 micu\u0163ul meu va fi singur, cu sufletul descul\u0163, prin jungla mileniului III ! https:\\\/\\\/curierulsatelor.ro\\\/wp\\\/2019\\\/10\\\/16\\\/cu-sufletul-descult-prin-jungla-mileniului-iii-editorial\\\/\",\"sameAs\":[\"http:\\\/\\\/admin\"],\"url\":\"https:\\\/\\\/curierulsatelor.ro\\\/wp\\\/author\\\/admin\\\/\"}]}<\/script>\n<!-- \/ Yoast SEO plugin. -->","yoast_head_json":{"title":"Fost senator, apropiat al lui Orban, depl\u00e2nge \u201dmetehnele\u201d din buc\u0103t\u0103ria puterii. P\u0103cat de PNL Boto\u0219ani - Curierul Regional","robots":{"index":"index","follow":"follow","max-snippet":"max-snippet:-1","max-image-preview":"max-image-preview:large","max-video-preview":"max-video-preview:-1"},"canonical":"https:\/\/curierulsatelor.ro\/wp\/2019\/12\/05\/fost-senator-apropiat-al-lui-orban-deplange-metehnele-din-bucataria-puterii-pacat-de-pnl-botosani\/","og_locale":"ro_RO","og_type":"article","og_title":"Fost senator, apropiat al lui Orban, depl\u00e2nge \u201dmetehnele\u201d din buc\u0103t\u0103ria puterii. P\u0103cat de PNL Boto\u0219ani - Curierul Regional","og_description":"Un fost senator de Boto\u0219ani, devenit lider al altui partid dec\u00e2t cele aflate \u00een sfera...","og_url":"https:\/\/curierulsatelor.ro\/wp\/2019\/12\/05\/fost-senator-apropiat-al-lui-orban-deplange-metehnele-din-bucataria-puterii-pacat-de-pnl-botosani\/","og_site_name":"Curierul Regional","article_published_time":"2019-12-05T08:16:17+00:00","article_modified_time":"2019-12-05T08:16:25+00:00","og_image":[{"width":718,"height":556,"url":"https:\/\/curierulsatelor.ro\/wp\/wp-content\/uploads\/2019\/12\/Corneliu-Popescu.jpg","type":"image\/jpeg"}],"author":"Marian Morosan","twitter_card":"summary_large_image","twitter_misc":{"Scris de":"Marian Morosan","Timp estimat pentru citire":"2 minute"},"schema":{"@context":"https:\/\/schema.org","@graph":[{"@type":"Article","@id":"https:\/\/curierulsatelor.ro\/wp\/2019\/12\/05\/fost-senator-apropiat-al-lui-orban-deplange-metehnele-din-bucataria-puterii-pacat-de-pnl-botosani\/#article","isPartOf":{"@id":"https:\/\/curierulsatelor.ro\/wp\/2019\/12\/05\/fost-senator-apropiat-al-lui-orban-deplange-metehnele-din-bucataria-puterii-pacat-de-pnl-botosani\/"},"author":{"name":"Marian Morosan","@id":"https:\/\/curierulsatelor.ro\/wp\/#\/schema\/person\/6f6b28a030e15d619a82894773d6e7b9"},"headline":"Fost senator, apropiat al lui Orban, depl\u00e2nge \u201dmetehnele\u201d din buc\u0103t\u0103ria puterii. P\u0103cat de PNL Boto\u0219ani","datePublished":"2019-12-05T08:16:17+00:00","dateModified":"2019-12-05T08:16:25+00:00","mainEntityOfPage":{"@id":"https:\/\/curierulsatelor.ro\/wp\/2019\/12\/05\/fost-senator-apropiat-al-lui-orban-deplange-metehnele-din-bucataria-puterii-pacat-de-pnl-botosani\/"},"wordCount":437,"commentCount":0,"publisher":{"@id":"https:\/\/curierulsatelor.ro\/wp\/#organization"},"image":{"@id":"https:\/\/curierulsatelor.ro\/wp\/2019\/12\/05\/fost-senator-apropiat-al-lui-orban-deplange-metehnele-din-bucataria-puterii-pacat-de-pnl-botosani\/#primaryimage"},"thumbnailUrl":"https:\/\/curierulsatelor.ro\/wp\/wp-content\/uploads\/2019\/12\/Corneliu-Popescu.jpg","articleSection":["Politica"],"inLanguage":"ro-RO","potentialAction":[{"@type":"CommentAction","name":"Comment","target":["https:\/\/curierulsatelor.ro\/wp\/2019\/12\/05\/fost-senator-apropiat-al-lui-orban-deplange-metehnele-din-bucataria-puterii-pacat-de-pnl-botosani\/#respond"]}]},{"@type":"WebPage","@id":"https:\/\/curierulsatelor.ro\/wp\/2019\/12\/05\/fost-senator-apropiat-al-lui-orban-deplange-metehnele-din-bucataria-puterii-pacat-de-pnl-botosani\/","url":"https:\/\/curierulsatelor.ro\/wp\/2019\/12\/05\/fost-senator-apropiat-al-lui-orban-deplange-metehnele-din-bucataria-puterii-pacat-de-pnl-botosani\/","name":"Fost senator, apropiat al lui Orban, depl\u00e2nge \u201dmetehnele\u201d din buc\u0103t\u0103ria puterii. P\u0103cat de PNL Boto\u0219ani - Curierul Regional","isPartOf":{"@id":"https:\/\/curierulsatelor.ro\/wp\/#website"},"primaryImageOfPage":{"@id":"https:\/\/curierulsatelor.ro\/wp\/2019\/12\/05\/fost-senator-apropiat-al-lui-orban-deplange-metehnele-din-bucataria-puterii-pacat-de-pnl-botosani\/#primaryimage"},"image":{"@id":"https:\/\/curierulsatelor.ro\/wp\/2019\/12\/05\/fost-senator-apropiat-al-lui-orban-deplange-metehnele-din-bucataria-puterii-pacat-de-pnl-botosani\/#primaryimage"},"thumbnailUrl":"https:\/\/curierulsatelor.ro\/wp\/wp-content\/uploads\/2019\/12\/Corneliu-Popescu.jpg","datePublished":"2019-12-05T08:16:17+00:00","dateModified":"2019-12-05T08:16:25+00:00","breadcrumb":{"@id":"https:\/\/curierulsatelor.ro\/wp\/2019\/12\/05\/fost-senator-apropiat-al-lui-orban-deplange-metehnele-din-bucataria-puterii-pacat-de-pnl-botosani\/#breadcrumb"},"inLanguage":"ro-RO","potentialAction":[{"@type":"ReadAction","target":["https:\/\/curierulsatelor.ro\/wp\/2019\/12\/05\/fost-senator-apropiat-al-lui-orban-deplange-metehnele-din-bucataria-puterii-pacat-de-pnl-botosani\/"]}]},{"@type":"ImageObject","inLanguage":"ro-RO","@id":"https:\/\/curierulsatelor.ro\/wp\/2019\/12\/05\/fost-senator-apropiat-al-lui-orban-deplange-metehnele-din-bucataria-puterii-pacat-de-pnl-botosani\/#primaryimage","url":"https:\/\/curierulsatelor.ro\/wp\/wp-content\/uploads\/2019\/12\/Corneliu-Popescu.jpg","contentUrl":"https:\/\/curierulsatelor.ro\/wp\/wp-content\/uploads\/2019\/12\/Corneliu-Popescu.jpg","width":718,"height":556},{"@type":"BreadcrumbList","@id":"https:\/\/curierulsatelor.ro\/wp\/2019\/12\/05\/fost-senator-apropiat-al-lui-orban-deplange-metehnele-din-bucataria-puterii-pacat-de-pnl-botosani\/#breadcrumb","itemListElement":[{"@type":"ListItem","position":1,"name":"Prima pagin\u0103","item":"https:\/\/curierulsatelor.ro\/wp\/"},{"@type":"ListItem","position":2,"name":"Fost senator, apropiat al lui Orban, depl\u00e2nge \u201dmetehnele\u201d din buc\u0103t\u0103ria puterii. P\u0103cat de PNL Boto\u0219ani"}]},{"@type":"WebSite","@id":"https:\/\/curierulsatelor.ro\/wp\/#website","url":"https:\/\/curierulsatelor.ro\/wp\/","name":"Curierul Regional","description":"","publisher":{"@id":"https:\/\/curierulsatelor.ro\/wp\/#organization"},"potentialAction":[{"@type":"SearchAction","target":{"@type":"EntryPoint","urlTemplate":"https:\/\/curierulsatelor.ro\/wp\/?s={search_term_string}"},"query-input":{"@type":"PropertyValueSpecification","valueRequired":true,"valueName":"search_term_string"}}],"inLanguage":"ro-RO"},{"@type":"Organization","@id":"https:\/\/curierulsatelor.ro\/wp\/#organization","name":"Curierul Regional","url":"https:\/\/curierulsatelor.ro\/wp\/","logo":{"@type":"ImageObject","inLanguage":"ro-RO","@id":"https:\/\/curierulsatelor.ro\/wp\/#\/schema\/logo\/image\/","url":"https:\/\/curierulsatelor.ro\/wp\/wp-content\/uploads\/2020\/01\/Curierul-Regional-si-Curierul-satelor-logo-header.png","contentUrl":"https:\/\/curierulsatelor.ro\/wp\/wp-content\/uploads\/2020\/01\/Curierul-Regional-si-Curierul-satelor-logo-header.png","width":2943,"height":685,"caption":"Curierul Regional"},"image":{"@id":"https:\/\/curierulsatelor.ro\/wp\/#\/schema\/logo\/image\/"}},{"@type":"Person","@id":"https:\/\/curierulsatelor.ro\/wp\/#\/schema\/person\/6f6b28a030e15d619a82894773d6e7b9","name":"Marian Morosan","image":{"@type":"ImageObject","inLanguage":"ro-RO","@id":"https:\/\/secure.gravatar.com\/avatar\/2e833cc9ab99e6bca46266d4ad9030d308346ff7ff0b6b955c29b74cafaf064b?s=96&d=mm&r=g","url":"https:\/\/secure.gravatar.com\/avatar\/2e833cc9ab99e6bca46266d4ad9030d308346ff7ff0b6b955c29b74cafaf064b?s=96&d=mm&r=g","contentUrl":"https:\/\/secure.gravatar.com\/avatar\/2e833cc9ab99e6bca46266d4ad9030d308346ff7ff0b6b955c29b74cafaf064b?s=96&d=mm&r=g","caption":"Marian Morosan"},"description":"Copiilor no\u015ftri li se preg\u0103te\u015fte, incon\u015ftient, o lume de joben ciuruit, din care niciodat\u0103 nu iese iepura\u015ful. Doar panglicile politicilor sociale roase de moliile cu \u015ftaif din ultimele decenii. Suntem oropsi\u0163i, suntem dispera\u0163i, manipula\u0163i p\u00e2n\u0103 acolo \u00eenc\u00e2t ne bucur\u0103m s\u0103 fim masa de manevr\u0103 a unora \u015fi s\u0103 sus\u0163inem c\u0103 a\u015fa e normal. Acum \u00eel \u00een\u0163eleg pe Cioran, dar \u00eel \u00een\u0163eleg mai bine \u015fi pe Preda. \u015ei m\u0103 g\u00e2ndesc iar, cu groaz\u0103, la copilul meu. Cel pu\u0163in eu nu \u00eemi doresc s\u0103 \u015ftiu c\u0103 micu\u0163ul meu va fi singur, cu sufletul descul\u0163, prin jungla mileniului III ! https:\/\/curierulsatelor.ro\/wp\/2019\/10\/16\/cu-sufletul-descult-prin-jungla-mileniului-iii-editorial\/","sameAs":["http:\/\/admin"],"url":"https:\/\/curierulsatelor.ro\/wp\/author\/admin\/"}]}},"_links":{"self":[{"href":"https:\/\/curierulsatelor.ro\/wp\/wp-json\/wp\/v2\/posts\/821","targetHints":{"allow":["GET"]}}],"collection":[{"href":"https:\/\/curierulsatelor.ro\/wp\/wp-json\/wp\/v2\/posts"}],"about":[{"href":"https:\/\/curierulsatelor.ro\/wp\/wp-json\/wp\/v2\/types\/post"}],"author":[{"embeddable":true,"href":"https:\/\/curierulsatelor.ro\/wp\/wp-json\/wp\/v2\/users\/1"}],"replies":[{"embeddable":true,"href":"https:\/\/curierulsatelor.ro\/wp\/wp-json\/wp\/v2\/comments?post=821"}],"version-history":[{"count":1,"href":"https:\/\/curierulsatelor.ro\/wp\/wp-json\/wp\/v2\/posts\/821\/revisions"}],"predecessor-version":[{"id":824,"href":"https:\/\/curierulsatelor.ro\/wp\/wp-json\/wp\/v2\/posts\/821\/revisions\/824"}],"wp:featuredmedia":[{"embeddable":true,"href":"https:\/\/curierulsatelor.ro\/wp\/wp-json\/wp\/v2\/media\/823"}],"wp:attachment":[{"href":"https:\/\/curierulsatelor.ro\/wp\/wp-json\/wp\/v2\/media?parent=821"}],"wp:term":[{"taxonomy":"category","embeddable":true,"href":"https:\/\/curierulsatelor.ro\/wp\/wp-json\/wp\/v2\/categories?post=821"},{"taxonomy":"post_tag","embeddable":true,"href":"https:\/\/curierulsatelor.ro\/wp\/wp-json\/wp\/v2\/tags?post=821"}],"curies":[{"name":"wp","href":"https:\/\/api.w.org\/{rel}","templated":true}]}}