{"id":8984,"date":"2022-12-06T07:17:14","date_gmt":"2022-12-06T05:17:14","guid":{"rendered":"https:\/\/curierulsatelor.ro\/wp\/?p=8984"},"modified":"2022-12-06T07:17:14","modified_gmt":"2022-12-06T05:17:14","slug":"stefanesti-viata-in-orasul-de-pe-raul-lacrimilor-video-curierul-tvr","status":"publish","type":"post","link":"https:\/\/curierulsatelor.ro\/wp\/2022\/12\/06\/stefanesti-viata-in-orasul-de-pe-raul-lacrimilor-video-curierul-tvr\/","title":{"rendered":"\u0218tef\u0103ne\u0219ti, via\u021ba \u00een ora\u0219ul de pe r\u00e2ul lacrimilor &#8211; video Curierul TV(R)"},"content":{"rendered":"\n<p>\u00cen ora\u0219ul \u0218tef\u0103ne\u0219ti, din jude\u021bul Boto\u0219ani, c\u00e2nd prive\u0219ti harta tinzi s\u0103 crezi c\u0103 acolo timpul a r\u0103mas blocat \u00een clepsidr\u0103. Dac\u0103 dai bice la caii putere \u0219i ajungi acolo consta\u021bi c\u0103 realitatea este alta fa\u021b\u0103 de impresia avut\u0103 de la distan\u021b\u0103. \u00cen ora\u0219ul de pe buza Prutului timpul nu st\u0103, a\u0219a cum nici primarul Florin Bu\u021bura nu prea calc\u0103 de dou\u0103 ori \u00een acela\u0219i loc. \u0218i realiz\u0103rile \u00eencep s\u0103 se vad\u0103. Modest, edilul spune c\u0103 totul se datoreaz\u0103 muncii \u00een echip\u0103. Echipa din administra\u021bia public\u0103 a ora\u0219ului \u0218tef\u0103ne\u0219ti, echipa de la Boto\u0219ani &#8211; din partid \u0219i echipa de la Bucure\u0219ti, de prin ministere. L-am provocat pe edilul Bu\u021bura la o trecere \u00een revist\u0103 a vie\u021bii \u00een ora\u0219ul de pe r\u00e2ul lacrimilor ne\u00eentregirii neamului rom\u00e2nesc. <\/p>\n\n\n\n<figure class=\"wp-block-image alignright size-large is-resized\"><img fetchpriority=\"high\" decoding=\"async\" src=\"https:\/\/curierulsatelor.ro\/wp\/wp-content\/uploads\/2022\/12\/Stefanesti-blocuri-1024x697.jpg\" alt=\"\" class=\"wp-image-8995\" width=\"442\" height=\"300\" srcset=\"https:\/\/curierulsatelor.ro\/wp\/wp-content\/uploads\/2022\/12\/Stefanesti-blocuri-1024x697.jpg 1024w, https:\/\/curierulsatelor.ro\/wp\/wp-content\/uploads\/2022\/12\/Stefanesti-blocuri-300x204.jpg 300w, https:\/\/curierulsatelor.ro\/wp\/wp-content\/uploads\/2022\/12\/Stefanesti-blocuri-768x523.jpg 768w, https:\/\/curierulsatelor.ro\/wp\/wp-content\/uploads\/2022\/12\/Stefanesti-blocuri.jpg 1318w\" sizes=\"(max-width: 442px) 100vw, 442px\" \/><\/figure>\n\n\n\n<p>\u201dAm foarte multe proiecte&#8230; Dar din cauza r\u0103zboiului din Ucraina lucrurile au mai \u00eencetinit. Se lucreaz\u0103 \u00een momentul acesta la trei blocuri sociale. \u00cen licita\u021bie mai avem un bloc pentru tineri \u0219i speciali\u0219tii din s\u0103n\u0103tate \u0219i \u00eenv\u0103\u021b\u0103m\u00e2nt. Am mai f\u0103cut un pod peste Ba\u0219eu, un pod foarte mare, cu costuri de la bugetul local. Mai am o sal\u0103 de sport care acum este \u00een licita\u021bie la CNI, un c\u0103min cultural la Bobule\u0219ti. Prin Anghel Saligny voi repara liceul, cu 9 mil de euro, iar pia\u021ba va fi reabilitat\u0103 prin PNRR.\u201d, a declarat Florin Bu\u021bura, primarul ora\u0219ului \u0218tef\u0103ne\u0219ti. <\/p>\n\n\n\n<figure class=\"wp-block-image alignright size-large is-resized\"><img decoding=\"async\" src=\"https:\/\/curierulsatelor.ro\/wp\/wp-content\/uploads\/2022\/12\/Stefanesti-piata-991x1024.jpg\" alt=\"\" class=\"wp-image-8996\" width=\"477\" height=\"493\" srcset=\"https:\/\/curierulsatelor.ro\/wp\/wp-content\/uploads\/2022\/12\/Stefanesti-piata-991x1024.jpg 991w, https:\/\/curierulsatelor.ro\/wp\/wp-content\/uploads\/2022\/12\/Stefanesti-piata-290x300.jpg 290w, https:\/\/curierulsatelor.ro\/wp\/wp-content\/uploads\/2022\/12\/Stefanesti-piata-768x794.jpg 768w, https:\/\/curierulsatelor.ro\/wp\/wp-content\/uploads\/2022\/12\/Stefanesti-piata-1487x1536.jpg 1487w, https:\/\/curierulsatelor.ro\/wp\/wp-content\/uploads\/2022\/12\/Stefanesti-piata-1982x2048.jpg 1982w, https:\/\/curierulsatelor.ro\/wp\/wp-content\/uploads\/2022\/12\/Stefanesti-piata-1024x1058.jpg 1024w\" sizes=\"(max-width: 477px) 100vw, 477px\" \/><\/figure>\n\n\n\n<p>Vezi \u00een clipul video ce spune edilul despre via\u021ba \u0219i nivelul de trai \u00een ora\u0219ul \u0218tef\u0103ne\u0219ti, precum \u0219i ce se preg\u0103te\u0219te comunit\u0103\u021bii locale pentru ca viitorul s\u0103 sune bine. Chiar dac\u0103 ora\u0219ul este oarecum dezavantajat fiind situat la grani\u021ba Europei. De asemenea, vezi ce spune edilul despre indiferen\u021ba unor politicieni \u0219i a unor partide, de-a lungul timpului \u0219i cum converg acestea \u00een nivelul de trai al cet\u0103\u021benilor. Pentru reu\u0219ita proiectelor sale, sau pentru a evita cutuma proiectelor aprobate pe criterii politice, edilul a apelat la alte tipuri de fonduri, pe l\u00e2ng\u0103 cele guvernamentale. Mesajul primarului Florin Bu\u021bura, pe final de an, pentru to\u021bi locuitorii ora\u0219ului \u0218tef\u0103ne\u0219ti, este unul de speran\u021b\u0103 \u0219i de mul\u021bumire. De mul\u021bumire pentru c\u0103 cet\u0103\u021benii sunt cei cu care edilul face cea mai bun\u0103 echip\u0103.<\/p>\n\n\n\n<iframe width=\"727\" height=\"409\" src=\"https:\/\/www.youtube.com\/embed\/DrggqMss05s\" title=\"Florin Butura despre dezvoltarea orasului Stefanesti\" frameborder=\"0\" allow=\"accelerometer; autoplay; clipboard-write; encrypted-media; gyroscope; picture-in-picture\" allowfullscreen=\"\"><\/iframe>\n","protected":false},"excerpt":{"rendered":"<p>\u00cen ora\u0219ul \u0218tef\u0103ne\u0219ti, din jude\u021bul Boto\u0219ani, c\u00e2nd prive\u0219ti harta tinzi s\u0103 crezi c\u0103 acolo timpul&#8230;<\/p>\n","protected":false},"author":1,"featured_media":8997,"comment_status":"open","ping_status":"open","sticky":false,"template":"","format":"standard","meta":{"footnotes":""},"categories":[5,19,3],"tags":[],"class_list":["post-8984","post","type-post","status-publish","format-standard","has-post-thumbnail","hentry","category-administratie","category-curierul-tvr","category-lumea-satelor"],"yoast_head":"<!-- This site is optimized with the Yoast SEO plugin v27.4 - https:\/\/yoast.com\/product\/yoast-seo-wordpress\/ -->\n<title>\u0218tef\u0103ne\u0219ti, via\u021ba \u00een ora\u0219ul de pe r\u00e2ul lacrimilor - video Curierul TV(R) - Curierul Regional<\/title>\n<meta name=\"robots\" content=\"index, follow, max-snippet:-1, max-image-preview:large, max-video-preview:-1\" \/>\n<link rel=\"canonical\" href=\"https:\/\/curierulsatelor.ro\/wp\/2022\/12\/06\/stefanesti-viata-in-orasul-de-pe-raul-lacrimilor-video-curierul-tvr\/\" \/>\n<meta property=\"og:locale\" content=\"ro_RO\" \/>\n<meta property=\"og:type\" content=\"article\" \/>\n<meta property=\"og:title\" content=\"\u0218tef\u0103ne\u0219ti, via\u021ba \u00een ora\u0219ul de pe r\u00e2ul lacrimilor - video Curierul TV(R) - Curierul Regional\" \/>\n<meta property=\"og:description\" content=\"\u00cen ora\u0219ul \u0218tef\u0103ne\u0219ti, din jude\u021bul Boto\u0219ani, c\u00e2nd prive\u0219ti harta tinzi s\u0103 crezi c\u0103 acolo timpul...\" \/>\n<meta property=\"og:url\" content=\"https:\/\/curierulsatelor.ro\/wp\/2022\/12\/06\/stefanesti-viata-in-orasul-de-pe-raul-lacrimilor-video-curierul-tvr\/\" \/>\n<meta property=\"og:site_name\" content=\"Curierul Regional\" \/>\n<meta property=\"article:published_time\" content=\"2022-12-06T05:17:14+00:00\" \/>\n<meta property=\"og:image\" content=\"https:\/\/curierulsatelor.ro\/wp\/wp-content\/uploads\/2022\/12\/Florin-Butura-Stefanesti.jpg\" \/>\n\t<meta property=\"og:image:width\" content=\"1587\" \/>\n\t<meta property=\"og:image:height\" content=\"820\" \/>\n\t<meta property=\"og:image:type\" content=\"image\/jpeg\" \/>\n<meta name=\"author\" content=\"Marian Morosan\" \/>\n<meta name=\"twitter:card\" content=\"summary_large_image\" \/>\n<meta name=\"twitter:label1\" content=\"Scris de\" \/>\n\t<meta name=\"twitter:data1\" content=\"Marian Morosan\" \/>\n\t<meta name=\"twitter:label2\" content=\"Timp estimat pentru citire\" \/>\n\t<meta name=\"twitter:data2\" content=\"2 minute\" \/>\n<script type=\"application\/ld+json\" class=\"yoast-schema-graph\">{\"@context\":\"https:\\\/\\\/schema.org\",\"@graph\":[{\"@type\":\"Article\",\"@id\":\"https:\\\/\\\/curierulsatelor.ro\\\/wp\\\/2022\\\/12\\\/06\\\/stefanesti-viata-in-orasul-de-pe-raul-lacrimilor-video-curierul-tvr\\\/#article\",\"isPartOf\":{\"@id\":\"https:\\\/\\\/curierulsatelor.ro\\\/wp\\\/2022\\\/12\\\/06\\\/stefanesti-viata-in-orasul-de-pe-raul-lacrimilor-video-curierul-tvr\\\/\"},\"author\":{\"name\":\"Marian Morosan\",\"@id\":\"https:\\\/\\\/curierulsatelor.ro\\\/wp\\\/#\\\/schema\\\/person\\\/6f6b28a030e15d619a82894773d6e7b9\"},\"headline\":\"\u0218tef\u0103ne\u0219ti, via\u021ba \u00een ora\u0219ul de pe r\u00e2ul lacrimilor &#8211; video Curierul TV(R)\",\"datePublished\":\"2022-12-06T05:17:14+00:00\",\"mainEntityOfPage\":{\"@id\":\"https:\\\/\\\/curierulsatelor.ro\\\/wp\\\/2022\\\/12\\\/06\\\/stefanesti-viata-in-orasul-de-pe-raul-lacrimilor-video-curierul-tvr\\\/\"},\"wordCount\":430,\"commentCount\":0,\"publisher\":{\"@id\":\"https:\\\/\\\/curierulsatelor.ro\\\/wp\\\/#organization\"},\"image\":{\"@id\":\"https:\\\/\\\/curierulsatelor.ro\\\/wp\\\/2022\\\/12\\\/06\\\/stefanesti-viata-in-orasul-de-pe-raul-lacrimilor-video-curierul-tvr\\\/#primaryimage\"},\"thumbnailUrl\":\"https:\\\/\\\/curierulsatelor.ro\\\/wp\\\/wp-content\\\/uploads\\\/2022\\\/12\\\/Florin-Butura-Stefanesti.jpg\",\"articleSection\":[\"Administratie\",\"Curierul TV(R)\",\"Lumea satelor\"],\"inLanguage\":\"ro-RO\",\"potentialAction\":[{\"@type\":\"CommentAction\",\"name\":\"Comment\",\"target\":[\"https:\\\/\\\/curierulsatelor.ro\\\/wp\\\/2022\\\/12\\\/06\\\/stefanesti-viata-in-orasul-de-pe-raul-lacrimilor-video-curierul-tvr\\\/#respond\"]}]},{\"@type\":\"WebPage\",\"@id\":\"https:\\\/\\\/curierulsatelor.ro\\\/wp\\\/2022\\\/12\\\/06\\\/stefanesti-viata-in-orasul-de-pe-raul-lacrimilor-video-curierul-tvr\\\/\",\"url\":\"https:\\\/\\\/curierulsatelor.ro\\\/wp\\\/2022\\\/12\\\/06\\\/stefanesti-viata-in-orasul-de-pe-raul-lacrimilor-video-curierul-tvr\\\/\",\"name\":\"\u0218tef\u0103ne\u0219ti, via\u021ba \u00een ora\u0219ul de pe r\u00e2ul lacrimilor - video Curierul TV(R) - Curierul Regional\",\"isPartOf\":{\"@id\":\"https:\\\/\\\/curierulsatelor.ro\\\/wp\\\/#website\"},\"primaryImageOfPage\":{\"@id\":\"https:\\\/\\\/curierulsatelor.ro\\\/wp\\\/2022\\\/12\\\/06\\\/stefanesti-viata-in-orasul-de-pe-raul-lacrimilor-video-curierul-tvr\\\/#primaryimage\"},\"image\":{\"@id\":\"https:\\\/\\\/curierulsatelor.ro\\\/wp\\\/2022\\\/12\\\/06\\\/stefanesti-viata-in-orasul-de-pe-raul-lacrimilor-video-curierul-tvr\\\/#primaryimage\"},\"thumbnailUrl\":\"https:\\\/\\\/curierulsatelor.ro\\\/wp\\\/wp-content\\\/uploads\\\/2022\\\/12\\\/Florin-Butura-Stefanesti.jpg\",\"datePublished\":\"2022-12-06T05:17:14+00:00\",\"breadcrumb\":{\"@id\":\"https:\\\/\\\/curierulsatelor.ro\\\/wp\\\/2022\\\/12\\\/06\\\/stefanesti-viata-in-orasul-de-pe-raul-lacrimilor-video-curierul-tvr\\\/#breadcrumb\"},\"inLanguage\":\"ro-RO\",\"potentialAction\":[{\"@type\":\"ReadAction\",\"target\":[\"https:\\\/\\\/curierulsatelor.ro\\\/wp\\\/2022\\\/12\\\/06\\\/stefanesti-viata-in-orasul-de-pe-raul-lacrimilor-video-curierul-tvr\\\/\"]}]},{\"@type\":\"ImageObject\",\"inLanguage\":\"ro-RO\",\"@id\":\"https:\\\/\\\/curierulsatelor.ro\\\/wp\\\/2022\\\/12\\\/06\\\/stefanesti-viata-in-orasul-de-pe-raul-lacrimilor-video-curierul-tvr\\\/#primaryimage\",\"url\":\"https:\\\/\\\/curierulsatelor.ro\\\/wp\\\/wp-content\\\/uploads\\\/2022\\\/12\\\/Florin-Butura-Stefanesti.jpg\",\"contentUrl\":\"https:\\\/\\\/curierulsatelor.ro\\\/wp\\\/wp-content\\\/uploads\\\/2022\\\/12\\\/Florin-Butura-Stefanesti.jpg\",\"width\":1587,\"height\":820},{\"@type\":\"BreadcrumbList\",\"@id\":\"https:\\\/\\\/curierulsatelor.ro\\\/wp\\\/2022\\\/12\\\/06\\\/stefanesti-viata-in-orasul-de-pe-raul-lacrimilor-video-curierul-tvr\\\/#breadcrumb\",\"itemListElement\":[{\"@type\":\"ListItem\",\"position\":1,\"name\":\"Prima pagin\u0103\",\"item\":\"https:\\\/\\\/curierulsatelor.ro\\\/wp\\\/\"},{\"@type\":\"ListItem\",\"position\":2,\"name\":\"\u0218tef\u0103ne\u0219ti, via\u021ba \u00een ora\u0219ul de pe r\u00e2ul lacrimilor &#8211; video Curierul TV(R)\"}]},{\"@type\":\"WebSite\",\"@id\":\"https:\\\/\\\/curierulsatelor.ro\\\/wp\\\/#website\",\"url\":\"https:\\\/\\\/curierulsatelor.ro\\\/wp\\\/\",\"name\":\"Curierul Regional\",\"description\":\"\",\"publisher\":{\"@id\":\"https:\\\/\\\/curierulsatelor.ro\\\/wp\\\/#organization\"},\"potentialAction\":[{\"@type\":\"SearchAction\",\"target\":{\"@type\":\"EntryPoint\",\"urlTemplate\":\"https:\\\/\\\/curierulsatelor.ro\\\/wp\\\/?s={search_term_string}\"},\"query-input\":{\"@type\":\"PropertyValueSpecification\",\"valueRequired\":true,\"valueName\":\"search_term_string\"}}],\"inLanguage\":\"ro-RO\"},{\"@type\":\"Organization\",\"@id\":\"https:\\\/\\\/curierulsatelor.ro\\\/wp\\\/#organization\",\"name\":\"Curierul Regional\",\"url\":\"https:\\\/\\\/curierulsatelor.ro\\\/wp\\\/\",\"logo\":{\"@type\":\"ImageObject\",\"inLanguage\":\"ro-RO\",\"@id\":\"https:\\\/\\\/curierulsatelor.ro\\\/wp\\\/#\\\/schema\\\/logo\\\/image\\\/\",\"url\":\"https:\\\/\\\/curierulsatelor.ro\\\/wp\\\/wp-content\\\/uploads\\\/2020\\\/01\\\/Curierul-Regional-si-Curierul-satelor-logo-header.png\",\"contentUrl\":\"https:\\\/\\\/curierulsatelor.ro\\\/wp\\\/wp-content\\\/uploads\\\/2020\\\/01\\\/Curierul-Regional-si-Curierul-satelor-logo-header.png\",\"width\":2943,\"height\":685,\"caption\":\"Curierul Regional\"},\"image\":{\"@id\":\"https:\\\/\\\/curierulsatelor.ro\\\/wp\\\/#\\\/schema\\\/logo\\\/image\\\/\"}},{\"@type\":\"Person\",\"@id\":\"https:\\\/\\\/curierulsatelor.ro\\\/wp\\\/#\\\/schema\\\/person\\\/6f6b28a030e15d619a82894773d6e7b9\",\"name\":\"Marian Morosan\",\"image\":{\"@type\":\"ImageObject\",\"inLanguage\":\"ro-RO\",\"@id\":\"https:\\\/\\\/secure.gravatar.com\\\/avatar\\\/2e833cc9ab99e6bca46266d4ad9030d308346ff7ff0b6b955c29b74cafaf064b?s=96&d=mm&r=g\",\"url\":\"https:\\\/\\\/secure.gravatar.com\\\/avatar\\\/2e833cc9ab99e6bca46266d4ad9030d308346ff7ff0b6b955c29b74cafaf064b?s=96&d=mm&r=g\",\"contentUrl\":\"https:\\\/\\\/secure.gravatar.com\\\/avatar\\\/2e833cc9ab99e6bca46266d4ad9030d308346ff7ff0b6b955c29b74cafaf064b?s=96&d=mm&r=g\",\"caption\":\"Marian Morosan\"},\"description\":\"Copiilor no\u015ftri li se preg\u0103te\u015fte, incon\u015ftient, o lume de joben ciuruit, din care niciodat\u0103 nu iese iepura\u015ful. Doar panglicile politicilor sociale roase de moliile cu \u015ftaif din ultimele decenii. Suntem oropsi\u0163i, suntem dispera\u0163i, manipula\u0163i p\u00e2n\u0103 acolo \u00eenc\u00e2t ne bucur\u0103m s\u0103 fim masa de manevr\u0103 a unora \u015fi s\u0103 sus\u0163inem c\u0103 a\u015fa e normal. Acum \u00eel \u00een\u0163eleg pe Cioran, dar \u00eel \u00een\u0163eleg mai bine \u015fi pe Preda. \u015ei m\u0103 g\u00e2ndesc iar, cu groaz\u0103, la copilul meu. Cel pu\u0163in eu nu \u00eemi doresc s\u0103 \u015ftiu c\u0103 micu\u0163ul meu va fi singur, cu sufletul descul\u0163, prin jungla mileniului III ! https:\\\/\\\/curierulsatelor.ro\\\/wp\\\/2019\\\/10\\\/16\\\/cu-sufletul-descult-prin-jungla-mileniului-iii-editorial\\\/\",\"sameAs\":[\"http:\\\/\\\/admin\"],\"url\":\"https:\\\/\\\/curierulsatelor.ro\\\/wp\\\/author\\\/admin\\\/\"}]}<\/script>\n<!-- \/ Yoast SEO plugin. -->","yoast_head_json":{"title":"\u0218tef\u0103ne\u0219ti, via\u021ba \u00een ora\u0219ul de pe r\u00e2ul lacrimilor - video Curierul TV(R) - Curierul Regional","robots":{"index":"index","follow":"follow","max-snippet":"max-snippet:-1","max-image-preview":"max-image-preview:large","max-video-preview":"max-video-preview:-1"},"canonical":"https:\/\/curierulsatelor.ro\/wp\/2022\/12\/06\/stefanesti-viata-in-orasul-de-pe-raul-lacrimilor-video-curierul-tvr\/","og_locale":"ro_RO","og_type":"article","og_title":"\u0218tef\u0103ne\u0219ti, via\u021ba \u00een ora\u0219ul de pe r\u00e2ul lacrimilor - video Curierul TV(R) - Curierul Regional","og_description":"\u00cen ora\u0219ul \u0218tef\u0103ne\u0219ti, din jude\u021bul Boto\u0219ani, c\u00e2nd prive\u0219ti harta tinzi s\u0103 crezi c\u0103 acolo timpul...","og_url":"https:\/\/curierulsatelor.ro\/wp\/2022\/12\/06\/stefanesti-viata-in-orasul-de-pe-raul-lacrimilor-video-curierul-tvr\/","og_site_name":"Curierul Regional","article_published_time":"2022-12-06T05:17:14+00:00","og_image":[{"width":1587,"height":820,"url":"https:\/\/curierulsatelor.ro\/wp\/wp-content\/uploads\/2022\/12\/Florin-Butura-Stefanesti.jpg","type":"image\/jpeg"}],"author":"Marian Morosan","twitter_card":"summary_large_image","twitter_misc":{"Scris de":"Marian Morosan","Timp estimat pentru citire":"2 minute"},"schema":{"@context":"https:\/\/schema.org","@graph":[{"@type":"Article","@id":"https:\/\/curierulsatelor.ro\/wp\/2022\/12\/06\/stefanesti-viata-in-orasul-de-pe-raul-lacrimilor-video-curierul-tvr\/#article","isPartOf":{"@id":"https:\/\/curierulsatelor.ro\/wp\/2022\/12\/06\/stefanesti-viata-in-orasul-de-pe-raul-lacrimilor-video-curierul-tvr\/"},"author":{"name":"Marian Morosan","@id":"https:\/\/curierulsatelor.ro\/wp\/#\/schema\/person\/6f6b28a030e15d619a82894773d6e7b9"},"headline":"\u0218tef\u0103ne\u0219ti, via\u021ba \u00een ora\u0219ul de pe r\u00e2ul lacrimilor &#8211; video Curierul TV(R)","datePublished":"2022-12-06T05:17:14+00:00","mainEntityOfPage":{"@id":"https:\/\/curierulsatelor.ro\/wp\/2022\/12\/06\/stefanesti-viata-in-orasul-de-pe-raul-lacrimilor-video-curierul-tvr\/"},"wordCount":430,"commentCount":0,"publisher":{"@id":"https:\/\/curierulsatelor.ro\/wp\/#organization"},"image":{"@id":"https:\/\/curierulsatelor.ro\/wp\/2022\/12\/06\/stefanesti-viata-in-orasul-de-pe-raul-lacrimilor-video-curierul-tvr\/#primaryimage"},"thumbnailUrl":"https:\/\/curierulsatelor.ro\/wp\/wp-content\/uploads\/2022\/12\/Florin-Butura-Stefanesti.jpg","articleSection":["Administratie","Curierul TV(R)","Lumea satelor"],"inLanguage":"ro-RO","potentialAction":[{"@type":"CommentAction","name":"Comment","target":["https:\/\/curierulsatelor.ro\/wp\/2022\/12\/06\/stefanesti-viata-in-orasul-de-pe-raul-lacrimilor-video-curierul-tvr\/#respond"]}]},{"@type":"WebPage","@id":"https:\/\/curierulsatelor.ro\/wp\/2022\/12\/06\/stefanesti-viata-in-orasul-de-pe-raul-lacrimilor-video-curierul-tvr\/","url":"https:\/\/curierulsatelor.ro\/wp\/2022\/12\/06\/stefanesti-viata-in-orasul-de-pe-raul-lacrimilor-video-curierul-tvr\/","name":"\u0218tef\u0103ne\u0219ti, via\u021ba \u00een ora\u0219ul de pe r\u00e2ul lacrimilor - video Curierul TV(R) - Curierul Regional","isPartOf":{"@id":"https:\/\/curierulsatelor.ro\/wp\/#website"},"primaryImageOfPage":{"@id":"https:\/\/curierulsatelor.ro\/wp\/2022\/12\/06\/stefanesti-viata-in-orasul-de-pe-raul-lacrimilor-video-curierul-tvr\/#primaryimage"},"image":{"@id":"https:\/\/curierulsatelor.ro\/wp\/2022\/12\/06\/stefanesti-viata-in-orasul-de-pe-raul-lacrimilor-video-curierul-tvr\/#primaryimage"},"thumbnailUrl":"https:\/\/curierulsatelor.ro\/wp\/wp-content\/uploads\/2022\/12\/Florin-Butura-Stefanesti.jpg","datePublished":"2022-12-06T05:17:14+00:00","breadcrumb":{"@id":"https:\/\/curierulsatelor.ro\/wp\/2022\/12\/06\/stefanesti-viata-in-orasul-de-pe-raul-lacrimilor-video-curierul-tvr\/#breadcrumb"},"inLanguage":"ro-RO","potentialAction":[{"@type":"ReadAction","target":["https:\/\/curierulsatelor.ro\/wp\/2022\/12\/06\/stefanesti-viata-in-orasul-de-pe-raul-lacrimilor-video-curierul-tvr\/"]}]},{"@type":"ImageObject","inLanguage":"ro-RO","@id":"https:\/\/curierulsatelor.ro\/wp\/2022\/12\/06\/stefanesti-viata-in-orasul-de-pe-raul-lacrimilor-video-curierul-tvr\/#primaryimage","url":"https:\/\/curierulsatelor.ro\/wp\/wp-content\/uploads\/2022\/12\/Florin-Butura-Stefanesti.jpg","contentUrl":"https:\/\/curierulsatelor.ro\/wp\/wp-content\/uploads\/2022\/12\/Florin-Butura-Stefanesti.jpg","width":1587,"height":820},{"@type":"BreadcrumbList","@id":"https:\/\/curierulsatelor.ro\/wp\/2022\/12\/06\/stefanesti-viata-in-orasul-de-pe-raul-lacrimilor-video-curierul-tvr\/#breadcrumb","itemListElement":[{"@type":"ListItem","position":1,"name":"Prima pagin\u0103","item":"https:\/\/curierulsatelor.ro\/wp\/"},{"@type":"ListItem","position":2,"name":"\u0218tef\u0103ne\u0219ti, via\u021ba \u00een ora\u0219ul de pe r\u00e2ul lacrimilor &#8211; video Curierul TV(R)"}]},{"@type":"WebSite","@id":"https:\/\/curierulsatelor.ro\/wp\/#website","url":"https:\/\/curierulsatelor.ro\/wp\/","name":"Curierul Regional","description":"","publisher":{"@id":"https:\/\/curierulsatelor.ro\/wp\/#organization"},"potentialAction":[{"@type":"SearchAction","target":{"@type":"EntryPoint","urlTemplate":"https:\/\/curierulsatelor.ro\/wp\/?s={search_term_string}"},"query-input":{"@type":"PropertyValueSpecification","valueRequired":true,"valueName":"search_term_string"}}],"inLanguage":"ro-RO"},{"@type":"Organization","@id":"https:\/\/curierulsatelor.ro\/wp\/#organization","name":"Curierul Regional","url":"https:\/\/curierulsatelor.ro\/wp\/","logo":{"@type":"ImageObject","inLanguage":"ro-RO","@id":"https:\/\/curierulsatelor.ro\/wp\/#\/schema\/logo\/image\/","url":"https:\/\/curierulsatelor.ro\/wp\/wp-content\/uploads\/2020\/01\/Curierul-Regional-si-Curierul-satelor-logo-header.png","contentUrl":"https:\/\/curierulsatelor.ro\/wp\/wp-content\/uploads\/2020\/01\/Curierul-Regional-si-Curierul-satelor-logo-header.png","width":2943,"height":685,"caption":"Curierul Regional"},"image":{"@id":"https:\/\/curierulsatelor.ro\/wp\/#\/schema\/logo\/image\/"}},{"@type":"Person","@id":"https:\/\/curierulsatelor.ro\/wp\/#\/schema\/person\/6f6b28a030e15d619a82894773d6e7b9","name":"Marian Morosan","image":{"@type":"ImageObject","inLanguage":"ro-RO","@id":"https:\/\/secure.gravatar.com\/avatar\/2e833cc9ab99e6bca46266d4ad9030d308346ff7ff0b6b955c29b74cafaf064b?s=96&d=mm&r=g","url":"https:\/\/secure.gravatar.com\/avatar\/2e833cc9ab99e6bca46266d4ad9030d308346ff7ff0b6b955c29b74cafaf064b?s=96&d=mm&r=g","contentUrl":"https:\/\/secure.gravatar.com\/avatar\/2e833cc9ab99e6bca46266d4ad9030d308346ff7ff0b6b955c29b74cafaf064b?s=96&d=mm&r=g","caption":"Marian Morosan"},"description":"Copiilor no\u015ftri li se preg\u0103te\u015fte, incon\u015ftient, o lume de joben ciuruit, din care niciodat\u0103 nu iese iepura\u015ful. Doar panglicile politicilor sociale roase de moliile cu \u015ftaif din ultimele decenii. Suntem oropsi\u0163i, suntem dispera\u0163i, manipula\u0163i p\u00e2n\u0103 acolo \u00eenc\u00e2t ne bucur\u0103m s\u0103 fim masa de manevr\u0103 a unora \u015fi s\u0103 sus\u0163inem c\u0103 a\u015fa e normal. Acum \u00eel \u00een\u0163eleg pe Cioran, dar \u00eel \u00een\u0163eleg mai bine \u015fi pe Preda. \u015ei m\u0103 g\u00e2ndesc iar, cu groaz\u0103, la copilul meu. Cel pu\u0163in eu nu \u00eemi doresc s\u0103 \u015ftiu c\u0103 micu\u0163ul meu va fi singur, cu sufletul descul\u0163, prin jungla mileniului III ! https:\/\/curierulsatelor.ro\/wp\/2019\/10\/16\/cu-sufletul-descult-prin-jungla-mileniului-iii-editorial\/","sameAs":["http:\/\/admin"],"url":"https:\/\/curierulsatelor.ro\/wp\/author\/admin\/"}]}},"_links":{"self":[{"href":"https:\/\/curierulsatelor.ro\/wp\/wp-json\/wp\/v2\/posts\/8984","targetHints":{"allow":["GET"]}}],"collection":[{"href":"https:\/\/curierulsatelor.ro\/wp\/wp-json\/wp\/v2\/posts"}],"about":[{"href":"https:\/\/curierulsatelor.ro\/wp\/wp-json\/wp\/v2\/types\/post"}],"author":[{"embeddable":true,"href":"https:\/\/curierulsatelor.ro\/wp\/wp-json\/wp\/v2\/users\/1"}],"replies":[{"embeddable":true,"href":"https:\/\/curierulsatelor.ro\/wp\/wp-json\/wp\/v2\/comments?post=8984"}],"version-history":[{"count":2,"href":"https:\/\/curierulsatelor.ro\/wp\/wp-json\/wp\/v2\/posts\/8984\/revisions"}],"predecessor-version":[{"id":8998,"href":"https:\/\/curierulsatelor.ro\/wp\/wp-json\/wp\/v2\/posts\/8984\/revisions\/8998"}],"wp:featuredmedia":[{"embeddable":true,"href":"https:\/\/curierulsatelor.ro\/wp\/wp-json\/wp\/v2\/media\/8997"}],"wp:attachment":[{"href":"https:\/\/curierulsatelor.ro\/wp\/wp-json\/wp\/v2\/media?parent=8984"}],"wp:term":[{"taxonomy":"category","embeddable":true,"href":"https:\/\/curierulsatelor.ro\/wp\/wp-json\/wp\/v2\/categories?post=8984"},{"taxonomy":"post_tag","embeddable":true,"href":"https:\/\/curierulsatelor.ro\/wp\/wp-json\/wp\/v2\/tags?post=8984"}],"curies":[{"name":"wp","href":"https:\/\/api.w.org\/{rel}","templated":true}]}}