{"id":9002,"date":"2022-12-07T10:06:45","date_gmt":"2022-12-07T08:06:45","guid":{"rendered":"https:\/\/curierulsatelor.ro\/wp\/?p=9002"},"modified":"2022-12-07T10:06:48","modified_gmt":"2022-12-07T08:06:48","slug":"festival-de-datini-cu-premii-la-hanesti","status":"publish","type":"post","link":"https:\/\/curierulsatelor.ro\/wp\/2022\/12\/07\/festival-de-datini-cu-premii-la-hanesti\/","title":{"rendered":"Festival de datini cu premii la H\u0103ne\u0219ti"},"content":{"rendered":"\n<p>Costel Matei, primarul comunei H\u0103ne\u0219ti, \u00eempreun\u0103 cu Consiliul Local \u0219i C\u0103minul Cultural H\u0103ne\u0219ti, organizeaz\u0103 \u00een acest an un festival de datini \u0219i obiceiuri de iarn\u0103 \u00een ajunul Anului Nou. Participan\u021bii vor fi premia\u021bi cu c\u00e2te 500 de ron. Marele premiu va avea aceea\u0219i valoare \u00een bani, pe l\u00e2ng\u0103 recunoa\u0219terea scriptic\u0103 a performan\u021bei. Detaliile \u0219i condi\u021bii particip\u0103rii le g\u0103si\u021bi \u00een afi\u0219ul de mai jos.<\/p>\n\n\n\n<figure class=\"wp-block-image size-large\"><img fetchpriority=\"high\" decoding=\"async\" width=\"719\" height=\"1024\" src=\"https:\/\/curierulsatelor.ro\/wp\/wp-content\/uploads\/2022\/12\/318404378_5706463816103379_5491771207205510579_n-719x1024.jpg\" alt=\"\" class=\"wp-image-9003\" srcset=\"https:\/\/curierulsatelor.ro\/wp\/wp-content\/uploads\/2022\/12\/318404378_5706463816103379_5491771207205510579_n-719x1024.jpg 719w, https:\/\/curierulsatelor.ro\/wp\/wp-content\/uploads\/2022\/12\/318404378_5706463816103379_5491771207205510579_n-211x300.jpg 211w, https:\/\/curierulsatelor.ro\/wp\/wp-content\/uploads\/2022\/12\/318404378_5706463816103379_5491771207205510579_n-768x1094.jpg 768w, https:\/\/curierulsatelor.ro\/wp\/wp-content\/uploads\/2022\/12\/318404378_5706463816103379_5491771207205510579_n-1079x1536.jpg 1079w, https:\/\/curierulsatelor.ro\/wp\/wp-content\/uploads\/2022\/12\/318404378_5706463816103379_5491771207205510579_n-1024x1458.jpg 1024w, https:\/\/curierulsatelor.ro\/wp\/wp-content\/uploads\/2022\/12\/318404378_5706463816103379_5491771207205510579_n.jpg 1438w\" sizes=\"(max-width: 719px) 100vw, 719px\" \/><\/figure>\n","protected":false},"excerpt":{"rendered":"<p>Costel Matei, primarul comunei H\u0103ne\u0219ti, \u00eempreun\u0103 cu Consiliul Local \u0219i C\u0103minul Cultural H\u0103ne\u0219ti, organizeaz\u0103 \u00een&#8230;<\/p>\n","protected":false},"author":1,"featured_media":9004,"comment_status":"open","ping_status":"open","sticky":false,"template":"","format":"standard","meta":{"footnotes":""},"categories":[5,3],"tags":[],"class_list":["post-9002","post","type-post","status-publish","format-standard","has-post-thumbnail","hentry","category-administratie","category-lumea-satelor"],"yoast_head":"<!-- This site is optimized with the Yoast SEO plugin v27.4 - https:\/\/yoast.com\/product\/yoast-seo-wordpress\/ -->\n<title>Festival de datini cu premii la H\u0103ne\u0219ti - Curierul Regional<\/title>\n<meta name=\"robots\" content=\"index, follow, max-snippet:-1, max-image-preview:large, max-video-preview:-1\" \/>\n<link rel=\"canonical\" href=\"https:\/\/curierulsatelor.ro\/wp\/2022\/12\/07\/festival-de-datini-cu-premii-la-hanesti\/\" \/>\n<meta property=\"og:locale\" content=\"ro_RO\" \/>\n<meta property=\"og:type\" content=\"article\" \/>\n<meta property=\"og:title\" content=\"Festival de datini cu premii la H\u0103ne\u0219ti - Curierul Regional\" \/>\n<meta property=\"og:description\" content=\"Costel Matei, primarul comunei H\u0103ne\u0219ti, \u00eempreun\u0103 cu Consiliul Local \u0219i C\u0103minul Cultural H\u0103ne\u0219ti, organizeaz\u0103 \u00een...\" \/>\n<meta property=\"og:url\" content=\"https:\/\/curierulsatelor.ro\/wp\/2022\/12\/07\/festival-de-datini-cu-premii-la-hanesti\/\" \/>\n<meta property=\"og:site_name\" content=\"Curierul Regional\" \/>\n<meta property=\"article:published_time\" content=\"2022-12-07T08:06:45+00:00\" \/>\n<meta property=\"article:modified_time\" content=\"2022-12-07T08:06:48+00:00\" \/>\n<meta property=\"og:image\" content=\"https:\/\/curierulsatelor.ro\/wp\/wp-content\/uploads\/2022\/12\/Costel-Matei-Hanesti-datini-obiceiuri-festival-scaled.jpg\" \/>\n\t<meta property=\"og:image:width\" content=\"2560\" \/>\n\t<meta property=\"og:image:height\" content=\"1327\" \/>\n\t<meta property=\"og:image:type\" content=\"image\/jpeg\" \/>\n<meta name=\"author\" content=\"Marian Morosan\" \/>\n<meta name=\"twitter:card\" content=\"summary_large_image\" \/>\n<meta name=\"twitter:label1\" content=\"Scris de\" \/>\n\t<meta name=\"twitter:data1\" content=\"Marian Morosan\" \/>\n<script type=\"application\/ld+json\" class=\"yoast-schema-graph\">{\"@context\":\"https:\\\/\\\/schema.org\",\"@graph\":[{\"@type\":\"Article\",\"@id\":\"https:\\\/\\\/curierulsatelor.ro\\\/wp\\\/2022\\\/12\\\/07\\\/festival-de-datini-cu-premii-la-hanesti\\\/#article\",\"isPartOf\":{\"@id\":\"https:\\\/\\\/curierulsatelor.ro\\\/wp\\\/2022\\\/12\\\/07\\\/festival-de-datini-cu-premii-la-hanesti\\\/\"},\"author\":{\"name\":\"Marian Morosan\",\"@id\":\"https:\\\/\\\/curierulsatelor.ro\\\/wp\\\/#\\\/schema\\\/person\\\/6f6b28a030e15d619a82894773d6e7b9\"},\"headline\":\"Festival de datini cu premii la H\u0103ne\u0219ti\",\"datePublished\":\"2022-12-07T08:06:45+00:00\",\"dateModified\":\"2022-12-07T08:06:48+00:00\",\"mainEntityOfPage\":{\"@id\":\"https:\\\/\\\/curierulsatelor.ro\\\/wp\\\/2022\\\/12\\\/07\\\/festival-de-datini-cu-premii-la-hanesti\\\/\"},\"wordCount\":88,\"commentCount\":0,\"publisher\":{\"@id\":\"https:\\\/\\\/curierulsatelor.ro\\\/wp\\\/#organization\"},\"image\":{\"@id\":\"https:\\\/\\\/curierulsatelor.ro\\\/wp\\\/2022\\\/12\\\/07\\\/festival-de-datini-cu-premii-la-hanesti\\\/#primaryimage\"},\"thumbnailUrl\":\"https:\\\/\\\/curierulsatelor.ro\\\/wp\\\/wp-content\\\/uploads\\\/2022\\\/12\\\/Costel-Matei-Hanesti-datini-obiceiuri-festival-scaled.jpg\",\"articleSection\":[\"Administratie\",\"Lumea satelor\"],\"inLanguage\":\"ro-RO\",\"potentialAction\":[{\"@type\":\"CommentAction\",\"name\":\"Comment\",\"target\":[\"https:\\\/\\\/curierulsatelor.ro\\\/wp\\\/2022\\\/12\\\/07\\\/festival-de-datini-cu-premii-la-hanesti\\\/#respond\"]}]},{\"@type\":\"WebPage\",\"@id\":\"https:\\\/\\\/curierulsatelor.ro\\\/wp\\\/2022\\\/12\\\/07\\\/festival-de-datini-cu-premii-la-hanesti\\\/\",\"url\":\"https:\\\/\\\/curierulsatelor.ro\\\/wp\\\/2022\\\/12\\\/07\\\/festival-de-datini-cu-premii-la-hanesti\\\/\",\"name\":\"Festival de datini cu premii la H\u0103ne\u0219ti - Curierul Regional\",\"isPartOf\":{\"@id\":\"https:\\\/\\\/curierulsatelor.ro\\\/wp\\\/#website\"},\"primaryImageOfPage\":{\"@id\":\"https:\\\/\\\/curierulsatelor.ro\\\/wp\\\/2022\\\/12\\\/07\\\/festival-de-datini-cu-premii-la-hanesti\\\/#primaryimage\"},\"image\":{\"@id\":\"https:\\\/\\\/curierulsatelor.ro\\\/wp\\\/2022\\\/12\\\/07\\\/festival-de-datini-cu-premii-la-hanesti\\\/#primaryimage\"},\"thumbnailUrl\":\"https:\\\/\\\/curierulsatelor.ro\\\/wp\\\/wp-content\\\/uploads\\\/2022\\\/12\\\/Costel-Matei-Hanesti-datini-obiceiuri-festival-scaled.jpg\",\"datePublished\":\"2022-12-07T08:06:45+00:00\",\"dateModified\":\"2022-12-07T08:06:48+00:00\",\"breadcrumb\":{\"@id\":\"https:\\\/\\\/curierulsatelor.ro\\\/wp\\\/2022\\\/12\\\/07\\\/festival-de-datini-cu-premii-la-hanesti\\\/#breadcrumb\"},\"inLanguage\":\"ro-RO\",\"potentialAction\":[{\"@type\":\"ReadAction\",\"target\":[\"https:\\\/\\\/curierulsatelor.ro\\\/wp\\\/2022\\\/12\\\/07\\\/festival-de-datini-cu-premii-la-hanesti\\\/\"]}]},{\"@type\":\"ImageObject\",\"inLanguage\":\"ro-RO\",\"@id\":\"https:\\\/\\\/curierulsatelor.ro\\\/wp\\\/2022\\\/12\\\/07\\\/festival-de-datini-cu-premii-la-hanesti\\\/#primaryimage\",\"url\":\"https:\\\/\\\/curierulsatelor.ro\\\/wp\\\/wp-content\\\/uploads\\\/2022\\\/12\\\/Costel-Matei-Hanesti-datini-obiceiuri-festival-scaled.jpg\",\"contentUrl\":\"https:\\\/\\\/curierulsatelor.ro\\\/wp\\\/wp-content\\\/uploads\\\/2022\\\/12\\\/Costel-Matei-Hanesti-datini-obiceiuri-festival-scaled.jpg\",\"width\":2560,\"height\":1327},{\"@type\":\"BreadcrumbList\",\"@id\":\"https:\\\/\\\/curierulsatelor.ro\\\/wp\\\/2022\\\/12\\\/07\\\/festival-de-datini-cu-premii-la-hanesti\\\/#breadcrumb\",\"itemListElement\":[{\"@type\":\"ListItem\",\"position\":1,\"name\":\"Prima pagin\u0103\",\"item\":\"https:\\\/\\\/curierulsatelor.ro\\\/wp\\\/\"},{\"@type\":\"ListItem\",\"position\":2,\"name\":\"Festival de datini cu premii la H\u0103ne\u0219ti\"}]},{\"@type\":\"WebSite\",\"@id\":\"https:\\\/\\\/curierulsatelor.ro\\\/wp\\\/#website\",\"url\":\"https:\\\/\\\/curierulsatelor.ro\\\/wp\\\/\",\"name\":\"Curierul Regional\",\"description\":\"\",\"publisher\":{\"@id\":\"https:\\\/\\\/curierulsatelor.ro\\\/wp\\\/#organization\"},\"potentialAction\":[{\"@type\":\"SearchAction\",\"target\":{\"@type\":\"EntryPoint\",\"urlTemplate\":\"https:\\\/\\\/curierulsatelor.ro\\\/wp\\\/?s={search_term_string}\"},\"query-input\":{\"@type\":\"PropertyValueSpecification\",\"valueRequired\":true,\"valueName\":\"search_term_string\"}}],\"inLanguage\":\"ro-RO\"},{\"@type\":\"Organization\",\"@id\":\"https:\\\/\\\/curierulsatelor.ro\\\/wp\\\/#organization\",\"name\":\"Curierul Regional\",\"url\":\"https:\\\/\\\/curierulsatelor.ro\\\/wp\\\/\",\"logo\":{\"@type\":\"ImageObject\",\"inLanguage\":\"ro-RO\",\"@id\":\"https:\\\/\\\/curierulsatelor.ro\\\/wp\\\/#\\\/schema\\\/logo\\\/image\\\/\",\"url\":\"https:\\\/\\\/curierulsatelor.ro\\\/wp\\\/wp-content\\\/uploads\\\/2020\\\/01\\\/Curierul-Regional-si-Curierul-satelor-logo-header.png\",\"contentUrl\":\"https:\\\/\\\/curierulsatelor.ro\\\/wp\\\/wp-content\\\/uploads\\\/2020\\\/01\\\/Curierul-Regional-si-Curierul-satelor-logo-header.png\",\"width\":2943,\"height\":685,\"caption\":\"Curierul Regional\"},\"image\":{\"@id\":\"https:\\\/\\\/curierulsatelor.ro\\\/wp\\\/#\\\/schema\\\/logo\\\/image\\\/\"}},{\"@type\":\"Person\",\"@id\":\"https:\\\/\\\/curierulsatelor.ro\\\/wp\\\/#\\\/schema\\\/person\\\/6f6b28a030e15d619a82894773d6e7b9\",\"name\":\"Marian Morosan\",\"image\":{\"@type\":\"ImageObject\",\"inLanguage\":\"ro-RO\",\"@id\":\"https:\\\/\\\/secure.gravatar.com\\\/avatar\\\/2e833cc9ab99e6bca46266d4ad9030d308346ff7ff0b6b955c29b74cafaf064b?s=96&d=mm&r=g\",\"url\":\"https:\\\/\\\/secure.gravatar.com\\\/avatar\\\/2e833cc9ab99e6bca46266d4ad9030d308346ff7ff0b6b955c29b74cafaf064b?s=96&d=mm&r=g\",\"contentUrl\":\"https:\\\/\\\/secure.gravatar.com\\\/avatar\\\/2e833cc9ab99e6bca46266d4ad9030d308346ff7ff0b6b955c29b74cafaf064b?s=96&d=mm&r=g\",\"caption\":\"Marian Morosan\"},\"description\":\"Copiilor no\u015ftri li se preg\u0103te\u015fte, incon\u015ftient, o lume de joben ciuruit, din care niciodat\u0103 nu iese iepura\u015ful. Doar panglicile politicilor sociale roase de moliile cu \u015ftaif din ultimele decenii. Suntem oropsi\u0163i, suntem dispera\u0163i, manipula\u0163i p\u00e2n\u0103 acolo \u00eenc\u00e2t ne bucur\u0103m s\u0103 fim masa de manevr\u0103 a unora \u015fi s\u0103 sus\u0163inem c\u0103 a\u015fa e normal. Acum \u00eel \u00een\u0163eleg pe Cioran, dar \u00eel \u00een\u0163eleg mai bine \u015fi pe Preda. \u015ei m\u0103 g\u00e2ndesc iar, cu groaz\u0103, la copilul meu. Cel pu\u0163in eu nu \u00eemi doresc s\u0103 \u015ftiu c\u0103 micu\u0163ul meu va fi singur, cu sufletul descul\u0163, prin jungla mileniului III ! https:\\\/\\\/curierulsatelor.ro\\\/wp\\\/2019\\\/10\\\/16\\\/cu-sufletul-descult-prin-jungla-mileniului-iii-editorial\\\/\",\"sameAs\":[\"http:\\\/\\\/admin\"],\"url\":\"https:\\\/\\\/curierulsatelor.ro\\\/wp\\\/author\\\/admin\\\/\"}]}<\/script>\n<!-- \/ Yoast SEO plugin. -->","yoast_head_json":{"title":"Festival de datini cu premii la H\u0103ne\u0219ti - Curierul Regional","robots":{"index":"index","follow":"follow","max-snippet":"max-snippet:-1","max-image-preview":"max-image-preview:large","max-video-preview":"max-video-preview:-1"},"canonical":"https:\/\/curierulsatelor.ro\/wp\/2022\/12\/07\/festival-de-datini-cu-premii-la-hanesti\/","og_locale":"ro_RO","og_type":"article","og_title":"Festival de datini cu premii la H\u0103ne\u0219ti - Curierul Regional","og_description":"Costel Matei, primarul comunei H\u0103ne\u0219ti, \u00eempreun\u0103 cu Consiliul Local \u0219i C\u0103minul Cultural H\u0103ne\u0219ti, organizeaz\u0103 \u00een...","og_url":"https:\/\/curierulsatelor.ro\/wp\/2022\/12\/07\/festival-de-datini-cu-premii-la-hanesti\/","og_site_name":"Curierul Regional","article_published_time":"2022-12-07T08:06:45+00:00","article_modified_time":"2022-12-07T08:06:48+00:00","og_image":[{"width":2560,"height":1327,"url":"https:\/\/curierulsatelor.ro\/wp\/wp-content\/uploads\/2022\/12\/Costel-Matei-Hanesti-datini-obiceiuri-festival-scaled.jpg","type":"image\/jpeg"}],"author":"Marian Morosan","twitter_card":"summary_large_image","twitter_misc":{"Scris de":"Marian Morosan"},"schema":{"@context":"https:\/\/schema.org","@graph":[{"@type":"Article","@id":"https:\/\/curierulsatelor.ro\/wp\/2022\/12\/07\/festival-de-datini-cu-premii-la-hanesti\/#article","isPartOf":{"@id":"https:\/\/curierulsatelor.ro\/wp\/2022\/12\/07\/festival-de-datini-cu-premii-la-hanesti\/"},"author":{"name":"Marian Morosan","@id":"https:\/\/curierulsatelor.ro\/wp\/#\/schema\/person\/6f6b28a030e15d619a82894773d6e7b9"},"headline":"Festival de datini cu premii la H\u0103ne\u0219ti","datePublished":"2022-12-07T08:06:45+00:00","dateModified":"2022-12-07T08:06:48+00:00","mainEntityOfPage":{"@id":"https:\/\/curierulsatelor.ro\/wp\/2022\/12\/07\/festival-de-datini-cu-premii-la-hanesti\/"},"wordCount":88,"commentCount":0,"publisher":{"@id":"https:\/\/curierulsatelor.ro\/wp\/#organization"},"image":{"@id":"https:\/\/curierulsatelor.ro\/wp\/2022\/12\/07\/festival-de-datini-cu-premii-la-hanesti\/#primaryimage"},"thumbnailUrl":"https:\/\/curierulsatelor.ro\/wp\/wp-content\/uploads\/2022\/12\/Costel-Matei-Hanesti-datini-obiceiuri-festival-scaled.jpg","articleSection":["Administratie","Lumea satelor"],"inLanguage":"ro-RO","potentialAction":[{"@type":"CommentAction","name":"Comment","target":["https:\/\/curierulsatelor.ro\/wp\/2022\/12\/07\/festival-de-datini-cu-premii-la-hanesti\/#respond"]}]},{"@type":"WebPage","@id":"https:\/\/curierulsatelor.ro\/wp\/2022\/12\/07\/festival-de-datini-cu-premii-la-hanesti\/","url":"https:\/\/curierulsatelor.ro\/wp\/2022\/12\/07\/festival-de-datini-cu-premii-la-hanesti\/","name":"Festival de datini cu premii la H\u0103ne\u0219ti - Curierul Regional","isPartOf":{"@id":"https:\/\/curierulsatelor.ro\/wp\/#website"},"primaryImageOfPage":{"@id":"https:\/\/curierulsatelor.ro\/wp\/2022\/12\/07\/festival-de-datini-cu-premii-la-hanesti\/#primaryimage"},"image":{"@id":"https:\/\/curierulsatelor.ro\/wp\/2022\/12\/07\/festival-de-datini-cu-premii-la-hanesti\/#primaryimage"},"thumbnailUrl":"https:\/\/curierulsatelor.ro\/wp\/wp-content\/uploads\/2022\/12\/Costel-Matei-Hanesti-datini-obiceiuri-festival-scaled.jpg","datePublished":"2022-12-07T08:06:45+00:00","dateModified":"2022-12-07T08:06:48+00:00","breadcrumb":{"@id":"https:\/\/curierulsatelor.ro\/wp\/2022\/12\/07\/festival-de-datini-cu-premii-la-hanesti\/#breadcrumb"},"inLanguage":"ro-RO","potentialAction":[{"@type":"ReadAction","target":["https:\/\/curierulsatelor.ro\/wp\/2022\/12\/07\/festival-de-datini-cu-premii-la-hanesti\/"]}]},{"@type":"ImageObject","inLanguage":"ro-RO","@id":"https:\/\/curierulsatelor.ro\/wp\/2022\/12\/07\/festival-de-datini-cu-premii-la-hanesti\/#primaryimage","url":"https:\/\/curierulsatelor.ro\/wp\/wp-content\/uploads\/2022\/12\/Costel-Matei-Hanesti-datini-obiceiuri-festival-scaled.jpg","contentUrl":"https:\/\/curierulsatelor.ro\/wp\/wp-content\/uploads\/2022\/12\/Costel-Matei-Hanesti-datini-obiceiuri-festival-scaled.jpg","width":2560,"height":1327},{"@type":"BreadcrumbList","@id":"https:\/\/curierulsatelor.ro\/wp\/2022\/12\/07\/festival-de-datini-cu-premii-la-hanesti\/#breadcrumb","itemListElement":[{"@type":"ListItem","position":1,"name":"Prima pagin\u0103","item":"https:\/\/curierulsatelor.ro\/wp\/"},{"@type":"ListItem","position":2,"name":"Festival de datini cu premii la H\u0103ne\u0219ti"}]},{"@type":"WebSite","@id":"https:\/\/curierulsatelor.ro\/wp\/#website","url":"https:\/\/curierulsatelor.ro\/wp\/","name":"Curierul Regional","description":"","publisher":{"@id":"https:\/\/curierulsatelor.ro\/wp\/#organization"},"potentialAction":[{"@type":"SearchAction","target":{"@type":"EntryPoint","urlTemplate":"https:\/\/curierulsatelor.ro\/wp\/?s={search_term_string}"},"query-input":{"@type":"PropertyValueSpecification","valueRequired":true,"valueName":"search_term_string"}}],"inLanguage":"ro-RO"},{"@type":"Organization","@id":"https:\/\/curierulsatelor.ro\/wp\/#organization","name":"Curierul Regional","url":"https:\/\/curierulsatelor.ro\/wp\/","logo":{"@type":"ImageObject","inLanguage":"ro-RO","@id":"https:\/\/curierulsatelor.ro\/wp\/#\/schema\/logo\/image\/","url":"https:\/\/curierulsatelor.ro\/wp\/wp-content\/uploads\/2020\/01\/Curierul-Regional-si-Curierul-satelor-logo-header.png","contentUrl":"https:\/\/curierulsatelor.ro\/wp\/wp-content\/uploads\/2020\/01\/Curierul-Regional-si-Curierul-satelor-logo-header.png","width":2943,"height":685,"caption":"Curierul Regional"},"image":{"@id":"https:\/\/curierulsatelor.ro\/wp\/#\/schema\/logo\/image\/"}},{"@type":"Person","@id":"https:\/\/curierulsatelor.ro\/wp\/#\/schema\/person\/6f6b28a030e15d619a82894773d6e7b9","name":"Marian Morosan","image":{"@type":"ImageObject","inLanguage":"ro-RO","@id":"https:\/\/secure.gravatar.com\/avatar\/2e833cc9ab99e6bca46266d4ad9030d308346ff7ff0b6b955c29b74cafaf064b?s=96&d=mm&r=g","url":"https:\/\/secure.gravatar.com\/avatar\/2e833cc9ab99e6bca46266d4ad9030d308346ff7ff0b6b955c29b74cafaf064b?s=96&d=mm&r=g","contentUrl":"https:\/\/secure.gravatar.com\/avatar\/2e833cc9ab99e6bca46266d4ad9030d308346ff7ff0b6b955c29b74cafaf064b?s=96&d=mm&r=g","caption":"Marian Morosan"},"description":"Copiilor no\u015ftri li se preg\u0103te\u015fte, incon\u015ftient, o lume de joben ciuruit, din care niciodat\u0103 nu iese iepura\u015ful. Doar panglicile politicilor sociale roase de moliile cu \u015ftaif din ultimele decenii. Suntem oropsi\u0163i, suntem dispera\u0163i, manipula\u0163i p\u00e2n\u0103 acolo \u00eenc\u00e2t ne bucur\u0103m s\u0103 fim masa de manevr\u0103 a unora \u015fi s\u0103 sus\u0163inem c\u0103 a\u015fa e normal. Acum \u00eel \u00een\u0163eleg pe Cioran, dar \u00eel \u00een\u0163eleg mai bine \u015fi pe Preda. \u015ei m\u0103 g\u00e2ndesc iar, cu groaz\u0103, la copilul meu. Cel pu\u0163in eu nu \u00eemi doresc s\u0103 \u015ftiu c\u0103 micu\u0163ul meu va fi singur, cu sufletul descul\u0163, prin jungla mileniului III ! https:\/\/curierulsatelor.ro\/wp\/2019\/10\/16\/cu-sufletul-descult-prin-jungla-mileniului-iii-editorial\/","sameAs":["http:\/\/admin"],"url":"https:\/\/curierulsatelor.ro\/wp\/author\/admin\/"}]}},"_links":{"self":[{"href":"https:\/\/curierulsatelor.ro\/wp\/wp-json\/wp\/v2\/posts\/9002","targetHints":{"allow":["GET"]}}],"collection":[{"href":"https:\/\/curierulsatelor.ro\/wp\/wp-json\/wp\/v2\/posts"}],"about":[{"href":"https:\/\/curierulsatelor.ro\/wp\/wp-json\/wp\/v2\/types\/post"}],"author":[{"embeddable":true,"href":"https:\/\/curierulsatelor.ro\/wp\/wp-json\/wp\/v2\/users\/1"}],"replies":[{"embeddable":true,"href":"https:\/\/curierulsatelor.ro\/wp\/wp-json\/wp\/v2\/comments?post=9002"}],"version-history":[{"count":1,"href":"https:\/\/curierulsatelor.ro\/wp\/wp-json\/wp\/v2\/posts\/9002\/revisions"}],"predecessor-version":[{"id":9005,"href":"https:\/\/curierulsatelor.ro\/wp\/wp-json\/wp\/v2\/posts\/9002\/revisions\/9005"}],"wp:featuredmedia":[{"embeddable":true,"href":"https:\/\/curierulsatelor.ro\/wp\/wp-json\/wp\/v2\/media\/9004"}],"wp:attachment":[{"href":"https:\/\/curierulsatelor.ro\/wp\/wp-json\/wp\/v2\/media?parent=9002"}],"wp:term":[{"taxonomy":"category","embeddable":true,"href":"https:\/\/curierulsatelor.ro\/wp\/wp-json\/wp\/v2\/categories?post=9002"},{"taxonomy":"post_tag","embeddable":true,"href":"https:\/\/curierulsatelor.ro\/wp\/wp-json\/wp\/v2\/tags?post=9002"}],"curies":[{"name":"wp","href":"https:\/\/api.w.org\/{rel}","templated":true}]}}