{"id":9590,"date":"2023-02-10T06:31:37","date_gmt":"2023-02-10T04:31:37","guid":{"rendered":"https:\/\/curierulsatelor.ro\/wp\/?p=9590"},"modified":"2023-02-10T06:31:38","modified_gmt":"2023-02-10T04:31:38","slug":"senatorul-cosma-cere-explicatii-pentru-angajatii-cu-norma-redusa","status":"publish","type":"post","link":"https:\/\/curierulsatelor.ro\/wp\/2023\/02\/10\/senatorul-cosma-cere-explicatii-pentru-angajatii-cu-norma-redusa\/","title":{"rendered":"Senatorul Cosma cere explica\u021bii pentru angaja\u021bii cu norm\u0103 redus\u0103"},"content":{"rendered":"\n<p>\u00cen \u0219edin\u021ba de miercuri a Senatului, Dorinel Cosma &#8211; senator AUR a cerut ministrului Finan\u021belor s\u0103 explice ce s-a \u00eent\u00e2mplat cu contractele de munc\u0103 part-time, dup\u0103 aplicarea Ordonan\u021bei 16\/2022. Practic, dup\u0103 adoptarea respectivei ordonan\u021be, contractele de munc\u0103 cu norm\u0103 redus\u0103 erau impozitate la fel ca cele cu norm\u0103 \u00eentreag\u0103. Vezi \u00een clipul video de mai jos ce a mai cerut senatorul Dorinel Cosma.<\/p>\n\n\n\n<iframe src=\"https:\/\/www.facebook.com\/plugins\/video.php?height=476&#038;href=https%3A%2F%2Fwww.facebook.com%2F100010414384918%2Fvideos%2F1201428217180761%2F&#038;show_text=false&#038;width=267&#038;t=0\" width=\"267\" height=\"476\" style=\"border:none;overflow:hidden\" scrolling=\"no\" frameborder=\"0\" allowfullscreen=\"true\" allow=\"autoplay; clipboard-write; encrypted-media; picture-in-picture; web-share\" allowFullScreen=\"true\"><\/iframe>\n","protected":false},"excerpt":{"rendered":"<p>\u00cen \u0219edin\u021ba de miercuri a Senatului, Dorinel Cosma &#8211; senator AUR a cerut ministrului Finan\u021belor&#8230;<\/p>\n","protected":false},"author":1,"featured_media":9591,"comment_status":"open","ping_status":"open","sticky":false,"template":"","format":"standard","meta":{"footnotes":""},"categories":[8,6],"tags":[],"class_list":["post-9590","post","type-post","status-publish","format-standard","has-post-thumbnail","hentry","category-comunicate","category-politica"],"yoast_head":"<!-- This site is optimized with the Yoast SEO plugin v27.4 - https:\/\/yoast.com\/product\/yoast-seo-wordpress\/ -->\n<title>Senatorul Cosma cere explica\u021bii pentru angaja\u021bii cu norm\u0103 redus\u0103 - Curierul Regional<\/title>\n<meta name=\"robots\" content=\"index, follow, max-snippet:-1, max-image-preview:large, max-video-preview:-1\" \/>\n<link rel=\"canonical\" href=\"https:\/\/curierulsatelor.ro\/wp\/2023\/02\/10\/senatorul-cosma-cere-explicatii-pentru-angajatii-cu-norma-redusa\/\" \/>\n<meta property=\"og:locale\" content=\"ro_RO\" \/>\n<meta property=\"og:type\" content=\"article\" \/>\n<meta property=\"og:title\" content=\"Senatorul Cosma cere explica\u021bii pentru angaja\u021bii cu norm\u0103 redus\u0103 - Curierul Regional\" \/>\n<meta property=\"og:description\" content=\"\u00cen \u0219edin\u021ba de miercuri a Senatului, Dorinel Cosma &#8211; senator AUR a cerut ministrului Finan\u021belor...\" \/>\n<meta property=\"og:url\" content=\"https:\/\/curierulsatelor.ro\/wp\/2023\/02\/10\/senatorul-cosma-cere-explicatii-pentru-angajatii-cu-norma-redusa\/\" \/>\n<meta property=\"og:site_name\" content=\"Curierul Regional\" \/>\n<meta property=\"article:published_time\" content=\"2023-02-10T04:31:37+00:00\" \/>\n<meta property=\"article:modified_time\" content=\"2023-02-10T04:31:38+00:00\" \/>\n<meta property=\"og:image\" content=\"https:\/\/curierulsatelor.ro\/wp\/wp-content\/uploads\/2023\/02\/Dorinel-Cosma-senator-AUR.jpg\" \/>\n\t<meta property=\"og:image:width\" content=\"1889\" \/>\n\t<meta property=\"og:image:height\" content=\"1236\" \/>\n\t<meta property=\"og:image:type\" content=\"image\/jpeg\" \/>\n<meta name=\"author\" content=\"Marian Morosan\" \/>\n<meta name=\"twitter:card\" content=\"summary_large_image\" \/>\n<meta name=\"twitter:label1\" content=\"Scris de\" \/>\n\t<meta name=\"twitter:data1\" content=\"Marian Morosan\" \/>\n<script type=\"application\/ld+json\" class=\"yoast-schema-graph\">{\"@context\":\"https:\\\/\\\/schema.org\",\"@graph\":[{\"@type\":\"Article\",\"@id\":\"https:\\\/\\\/curierulsatelor.ro\\\/wp\\\/2023\\\/02\\\/10\\\/senatorul-cosma-cere-explicatii-pentru-angajatii-cu-norma-redusa\\\/#article\",\"isPartOf\":{\"@id\":\"https:\\\/\\\/curierulsatelor.ro\\\/wp\\\/2023\\\/02\\\/10\\\/senatorul-cosma-cere-explicatii-pentru-angajatii-cu-norma-redusa\\\/\"},\"author\":{\"name\":\"Marian Morosan\",\"@id\":\"https:\\\/\\\/curierulsatelor.ro\\\/wp\\\/#\\\/schema\\\/person\\\/6f6b28a030e15d619a82894773d6e7b9\"},\"headline\":\"Senatorul Cosma cere explica\u021bii pentru angaja\u021bii cu norm\u0103 redus\u0103\",\"datePublished\":\"2023-02-10T04:31:37+00:00\",\"dateModified\":\"2023-02-10T04:31:38+00:00\",\"mainEntityOfPage\":{\"@id\":\"https:\\\/\\\/curierulsatelor.ro\\\/wp\\\/2023\\\/02\\\/10\\\/senatorul-cosma-cere-explicatii-pentru-angajatii-cu-norma-redusa\\\/\"},\"wordCount\":78,\"commentCount\":0,\"publisher\":{\"@id\":\"https:\\\/\\\/curierulsatelor.ro\\\/wp\\\/#organization\"},\"image\":{\"@id\":\"https:\\\/\\\/curierulsatelor.ro\\\/wp\\\/2023\\\/02\\\/10\\\/senatorul-cosma-cere-explicatii-pentru-angajatii-cu-norma-redusa\\\/#primaryimage\"},\"thumbnailUrl\":\"https:\\\/\\\/curierulsatelor.ro\\\/wp\\\/wp-content\\\/uploads\\\/2023\\\/02\\\/Dorinel-Cosma-senator-AUR.jpg\",\"articleSection\":[\"Comunicate\",\"Politica\"],\"inLanguage\":\"ro-RO\",\"potentialAction\":[{\"@type\":\"CommentAction\",\"name\":\"Comment\",\"target\":[\"https:\\\/\\\/curierulsatelor.ro\\\/wp\\\/2023\\\/02\\\/10\\\/senatorul-cosma-cere-explicatii-pentru-angajatii-cu-norma-redusa\\\/#respond\"]}]},{\"@type\":\"WebPage\",\"@id\":\"https:\\\/\\\/curierulsatelor.ro\\\/wp\\\/2023\\\/02\\\/10\\\/senatorul-cosma-cere-explicatii-pentru-angajatii-cu-norma-redusa\\\/\",\"url\":\"https:\\\/\\\/curierulsatelor.ro\\\/wp\\\/2023\\\/02\\\/10\\\/senatorul-cosma-cere-explicatii-pentru-angajatii-cu-norma-redusa\\\/\",\"name\":\"Senatorul Cosma cere explica\u021bii pentru angaja\u021bii cu norm\u0103 redus\u0103 - Curierul Regional\",\"isPartOf\":{\"@id\":\"https:\\\/\\\/curierulsatelor.ro\\\/wp\\\/#website\"},\"primaryImageOfPage\":{\"@id\":\"https:\\\/\\\/curierulsatelor.ro\\\/wp\\\/2023\\\/02\\\/10\\\/senatorul-cosma-cere-explicatii-pentru-angajatii-cu-norma-redusa\\\/#primaryimage\"},\"image\":{\"@id\":\"https:\\\/\\\/curierulsatelor.ro\\\/wp\\\/2023\\\/02\\\/10\\\/senatorul-cosma-cere-explicatii-pentru-angajatii-cu-norma-redusa\\\/#primaryimage\"},\"thumbnailUrl\":\"https:\\\/\\\/curierulsatelor.ro\\\/wp\\\/wp-content\\\/uploads\\\/2023\\\/02\\\/Dorinel-Cosma-senator-AUR.jpg\",\"datePublished\":\"2023-02-10T04:31:37+00:00\",\"dateModified\":\"2023-02-10T04:31:38+00:00\",\"breadcrumb\":{\"@id\":\"https:\\\/\\\/curierulsatelor.ro\\\/wp\\\/2023\\\/02\\\/10\\\/senatorul-cosma-cere-explicatii-pentru-angajatii-cu-norma-redusa\\\/#breadcrumb\"},\"inLanguage\":\"ro-RO\",\"potentialAction\":[{\"@type\":\"ReadAction\",\"target\":[\"https:\\\/\\\/curierulsatelor.ro\\\/wp\\\/2023\\\/02\\\/10\\\/senatorul-cosma-cere-explicatii-pentru-angajatii-cu-norma-redusa\\\/\"]}]},{\"@type\":\"ImageObject\",\"inLanguage\":\"ro-RO\",\"@id\":\"https:\\\/\\\/curierulsatelor.ro\\\/wp\\\/2023\\\/02\\\/10\\\/senatorul-cosma-cere-explicatii-pentru-angajatii-cu-norma-redusa\\\/#primaryimage\",\"url\":\"https:\\\/\\\/curierulsatelor.ro\\\/wp\\\/wp-content\\\/uploads\\\/2023\\\/02\\\/Dorinel-Cosma-senator-AUR.jpg\",\"contentUrl\":\"https:\\\/\\\/curierulsatelor.ro\\\/wp\\\/wp-content\\\/uploads\\\/2023\\\/02\\\/Dorinel-Cosma-senator-AUR.jpg\",\"width\":1889,\"height\":1236},{\"@type\":\"BreadcrumbList\",\"@id\":\"https:\\\/\\\/curierulsatelor.ro\\\/wp\\\/2023\\\/02\\\/10\\\/senatorul-cosma-cere-explicatii-pentru-angajatii-cu-norma-redusa\\\/#breadcrumb\",\"itemListElement\":[{\"@type\":\"ListItem\",\"position\":1,\"name\":\"Prima pagin\u0103\",\"item\":\"https:\\\/\\\/curierulsatelor.ro\\\/wp\\\/\"},{\"@type\":\"ListItem\",\"position\":2,\"name\":\"Senatorul Cosma cere explica\u021bii pentru angaja\u021bii cu norm\u0103 redus\u0103\"}]},{\"@type\":\"WebSite\",\"@id\":\"https:\\\/\\\/curierulsatelor.ro\\\/wp\\\/#website\",\"url\":\"https:\\\/\\\/curierulsatelor.ro\\\/wp\\\/\",\"name\":\"Curierul Regional\",\"description\":\"\",\"publisher\":{\"@id\":\"https:\\\/\\\/curierulsatelor.ro\\\/wp\\\/#organization\"},\"potentialAction\":[{\"@type\":\"SearchAction\",\"target\":{\"@type\":\"EntryPoint\",\"urlTemplate\":\"https:\\\/\\\/curierulsatelor.ro\\\/wp\\\/?s={search_term_string}\"},\"query-input\":{\"@type\":\"PropertyValueSpecification\",\"valueRequired\":true,\"valueName\":\"search_term_string\"}}],\"inLanguage\":\"ro-RO\"},{\"@type\":\"Organization\",\"@id\":\"https:\\\/\\\/curierulsatelor.ro\\\/wp\\\/#organization\",\"name\":\"Curierul Regional\",\"url\":\"https:\\\/\\\/curierulsatelor.ro\\\/wp\\\/\",\"logo\":{\"@type\":\"ImageObject\",\"inLanguage\":\"ro-RO\",\"@id\":\"https:\\\/\\\/curierulsatelor.ro\\\/wp\\\/#\\\/schema\\\/logo\\\/image\\\/\",\"url\":\"https:\\\/\\\/curierulsatelor.ro\\\/wp\\\/wp-content\\\/uploads\\\/2020\\\/01\\\/Curierul-Regional-si-Curierul-satelor-logo-header.png\",\"contentUrl\":\"https:\\\/\\\/curierulsatelor.ro\\\/wp\\\/wp-content\\\/uploads\\\/2020\\\/01\\\/Curierul-Regional-si-Curierul-satelor-logo-header.png\",\"width\":2943,\"height\":685,\"caption\":\"Curierul Regional\"},\"image\":{\"@id\":\"https:\\\/\\\/curierulsatelor.ro\\\/wp\\\/#\\\/schema\\\/logo\\\/image\\\/\"}},{\"@type\":\"Person\",\"@id\":\"https:\\\/\\\/curierulsatelor.ro\\\/wp\\\/#\\\/schema\\\/person\\\/6f6b28a030e15d619a82894773d6e7b9\",\"name\":\"Marian Morosan\",\"image\":{\"@type\":\"ImageObject\",\"inLanguage\":\"ro-RO\",\"@id\":\"https:\\\/\\\/secure.gravatar.com\\\/avatar\\\/2e833cc9ab99e6bca46266d4ad9030d308346ff7ff0b6b955c29b74cafaf064b?s=96&d=mm&r=g\",\"url\":\"https:\\\/\\\/secure.gravatar.com\\\/avatar\\\/2e833cc9ab99e6bca46266d4ad9030d308346ff7ff0b6b955c29b74cafaf064b?s=96&d=mm&r=g\",\"contentUrl\":\"https:\\\/\\\/secure.gravatar.com\\\/avatar\\\/2e833cc9ab99e6bca46266d4ad9030d308346ff7ff0b6b955c29b74cafaf064b?s=96&d=mm&r=g\",\"caption\":\"Marian Morosan\"},\"description\":\"Copiilor no\u015ftri li se preg\u0103te\u015fte, incon\u015ftient, o lume de joben ciuruit, din care niciodat\u0103 nu iese iepura\u015ful. Doar panglicile politicilor sociale roase de moliile cu \u015ftaif din ultimele decenii. Suntem oropsi\u0163i, suntem dispera\u0163i, manipula\u0163i p\u00e2n\u0103 acolo \u00eenc\u00e2t ne bucur\u0103m s\u0103 fim masa de manevr\u0103 a unora \u015fi s\u0103 sus\u0163inem c\u0103 a\u015fa e normal. Acum \u00eel \u00een\u0163eleg pe Cioran, dar \u00eel \u00een\u0163eleg mai bine \u015fi pe Preda. \u015ei m\u0103 g\u00e2ndesc iar, cu groaz\u0103, la copilul meu. Cel pu\u0163in eu nu \u00eemi doresc s\u0103 \u015ftiu c\u0103 micu\u0163ul meu va fi singur, cu sufletul descul\u0163, prin jungla mileniului III ! https:\\\/\\\/curierulsatelor.ro\\\/wp\\\/2019\\\/10\\\/16\\\/cu-sufletul-descult-prin-jungla-mileniului-iii-editorial\\\/\",\"sameAs\":[\"http:\\\/\\\/admin\"],\"url\":\"https:\\\/\\\/curierulsatelor.ro\\\/wp\\\/author\\\/admin\\\/\"}]}<\/script>\n<!-- \/ Yoast SEO plugin. -->","yoast_head_json":{"title":"Senatorul Cosma cere explica\u021bii pentru angaja\u021bii cu norm\u0103 redus\u0103 - Curierul Regional","robots":{"index":"index","follow":"follow","max-snippet":"max-snippet:-1","max-image-preview":"max-image-preview:large","max-video-preview":"max-video-preview:-1"},"canonical":"https:\/\/curierulsatelor.ro\/wp\/2023\/02\/10\/senatorul-cosma-cere-explicatii-pentru-angajatii-cu-norma-redusa\/","og_locale":"ro_RO","og_type":"article","og_title":"Senatorul Cosma cere explica\u021bii pentru angaja\u021bii cu norm\u0103 redus\u0103 - Curierul Regional","og_description":"\u00cen \u0219edin\u021ba de miercuri a Senatului, Dorinel Cosma &#8211; senator AUR a cerut ministrului Finan\u021belor...","og_url":"https:\/\/curierulsatelor.ro\/wp\/2023\/02\/10\/senatorul-cosma-cere-explicatii-pentru-angajatii-cu-norma-redusa\/","og_site_name":"Curierul Regional","article_published_time":"2023-02-10T04:31:37+00:00","article_modified_time":"2023-02-10T04:31:38+00:00","og_image":[{"width":1889,"height":1236,"url":"https:\/\/curierulsatelor.ro\/wp\/wp-content\/uploads\/2023\/02\/Dorinel-Cosma-senator-AUR.jpg","type":"image\/jpeg"}],"author":"Marian Morosan","twitter_card":"summary_large_image","twitter_misc":{"Scris de":"Marian Morosan"},"schema":{"@context":"https:\/\/schema.org","@graph":[{"@type":"Article","@id":"https:\/\/curierulsatelor.ro\/wp\/2023\/02\/10\/senatorul-cosma-cere-explicatii-pentru-angajatii-cu-norma-redusa\/#article","isPartOf":{"@id":"https:\/\/curierulsatelor.ro\/wp\/2023\/02\/10\/senatorul-cosma-cere-explicatii-pentru-angajatii-cu-norma-redusa\/"},"author":{"name":"Marian Morosan","@id":"https:\/\/curierulsatelor.ro\/wp\/#\/schema\/person\/6f6b28a030e15d619a82894773d6e7b9"},"headline":"Senatorul Cosma cere explica\u021bii pentru angaja\u021bii cu norm\u0103 redus\u0103","datePublished":"2023-02-10T04:31:37+00:00","dateModified":"2023-02-10T04:31:38+00:00","mainEntityOfPage":{"@id":"https:\/\/curierulsatelor.ro\/wp\/2023\/02\/10\/senatorul-cosma-cere-explicatii-pentru-angajatii-cu-norma-redusa\/"},"wordCount":78,"commentCount":0,"publisher":{"@id":"https:\/\/curierulsatelor.ro\/wp\/#organization"},"image":{"@id":"https:\/\/curierulsatelor.ro\/wp\/2023\/02\/10\/senatorul-cosma-cere-explicatii-pentru-angajatii-cu-norma-redusa\/#primaryimage"},"thumbnailUrl":"https:\/\/curierulsatelor.ro\/wp\/wp-content\/uploads\/2023\/02\/Dorinel-Cosma-senator-AUR.jpg","articleSection":["Comunicate","Politica"],"inLanguage":"ro-RO","potentialAction":[{"@type":"CommentAction","name":"Comment","target":["https:\/\/curierulsatelor.ro\/wp\/2023\/02\/10\/senatorul-cosma-cere-explicatii-pentru-angajatii-cu-norma-redusa\/#respond"]}]},{"@type":"WebPage","@id":"https:\/\/curierulsatelor.ro\/wp\/2023\/02\/10\/senatorul-cosma-cere-explicatii-pentru-angajatii-cu-norma-redusa\/","url":"https:\/\/curierulsatelor.ro\/wp\/2023\/02\/10\/senatorul-cosma-cere-explicatii-pentru-angajatii-cu-norma-redusa\/","name":"Senatorul Cosma cere explica\u021bii pentru angaja\u021bii cu norm\u0103 redus\u0103 - Curierul Regional","isPartOf":{"@id":"https:\/\/curierulsatelor.ro\/wp\/#website"},"primaryImageOfPage":{"@id":"https:\/\/curierulsatelor.ro\/wp\/2023\/02\/10\/senatorul-cosma-cere-explicatii-pentru-angajatii-cu-norma-redusa\/#primaryimage"},"image":{"@id":"https:\/\/curierulsatelor.ro\/wp\/2023\/02\/10\/senatorul-cosma-cere-explicatii-pentru-angajatii-cu-norma-redusa\/#primaryimage"},"thumbnailUrl":"https:\/\/curierulsatelor.ro\/wp\/wp-content\/uploads\/2023\/02\/Dorinel-Cosma-senator-AUR.jpg","datePublished":"2023-02-10T04:31:37+00:00","dateModified":"2023-02-10T04:31:38+00:00","breadcrumb":{"@id":"https:\/\/curierulsatelor.ro\/wp\/2023\/02\/10\/senatorul-cosma-cere-explicatii-pentru-angajatii-cu-norma-redusa\/#breadcrumb"},"inLanguage":"ro-RO","potentialAction":[{"@type":"ReadAction","target":["https:\/\/curierulsatelor.ro\/wp\/2023\/02\/10\/senatorul-cosma-cere-explicatii-pentru-angajatii-cu-norma-redusa\/"]}]},{"@type":"ImageObject","inLanguage":"ro-RO","@id":"https:\/\/curierulsatelor.ro\/wp\/2023\/02\/10\/senatorul-cosma-cere-explicatii-pentru-angajatii-cu-norma-redusa\/#primaryimage","url":"https:\/\/curierulsatelor.ro\/wp\/wp-content\/uploads\/2023\/02\/Dorinel-Cosma-senator-AUR.jpg","contentUrl":"https:\/\/curierulsatelor.ro\/wp\/wp-content\/uploads\/2023\/02\/Dorinel-Cosma-senator-AUR.jpg","width":1889,"height":1236},{"@type":"BreadcrumbList","@id":"https:\/\/curierulsatelor.ro\/wp\/2023\/02\/10\/senatorul-cosma-cere-explicatii-pentru-angajatii-cu-norma-redusa\/#breadcrumb","itemListElement":[{"@type":"ListItem","position":1,"name":"Prima pagin\u0103","item":"https:\/\/curierulsatelor.ro\/wp\/"},{"@type":"ListItem","position":2,"name":"Senatorul Cosma cere explica\u021bii pentru angaja\u021bii cu norm\u0103 redus\u0103"}]},{"@type":"WebSite","@id":"https:\/\/curierulsatelor.ro\/wp\/#website","url":"https:\/\/curierulsatelor.ro\/wp\/","name":"Curierul Regional","description":"","publisher":{"@id":"https:\/\/curierulsatelor.ro\/wp\/#organization"},"potentialAction":[{"@type":"SearchAction","target":{"@type":"EntryPoint","urlTemplate":"https:\/\/curierulsatelor.ro\/wp\/?s={search_term_string}"},"query-input":{"@type":"PropertyValueSpecification","valueRequired":true,"valueName":"search_term_string"}}],"inLanguage":"ro-RO"},{"@type":"Organization","@id":"https:\/\/curierulsatelor.ro\/wp\/#organization","name":"Curierul Regional","url":"https:\/\/curierulsatelor.ro\/wp\/","logo":{"@type":"ImageObject","inLanguage":"ro-RO","@id":"https:\/\/curierulsatelor.ro\/wp\/#\/schema\/logo\/image\/","url":"https:\/\/curierulsatelor.ro\/wp\/wp-content\/uploads\/2020\/01\/Curierul-Regional-si-Curierul-satelor-logo-header.png","contentUrl":"https:\/\/curierulsatelor.ro\/wp\/wp-content\/uploads\/2020\/01\/Curierul-Regional-si-Curierul-satelor-logo-header.png","width":2943,"height":685,"caption":"Curierul Regional"},"image":{"@id":"https:\/\/curierulsatelor.ro\/wp\/#\/schema\/logo\/image\/"}},{"@type":"Person","@id":"https:\/\/curierulsatelor.ro\/wp\/#\/schema\/person\/6f6b28a030e15d619a82894773d6e7b9","name":"Marian Morosan","image":{"@type":"ImageObject","inLanguage":"ro-RO","@id":"https:\/\/secure.gravatar.com\/avatar\/2e833cc9ab99e6bca46266d4ad9030d308346ff7ff0b6b955c29b74cafaf064b?s=96&d=mm&r=g","url":"https:\/\/secure.gravatar.com\/avatar\/2e833cc9ab99e6bca46266d4ad9030d308346ff7ff0b6b955c29b74cafaf064b?s=96&d=mm&r=g","contentUrl":"https:\/\/secure.gravatar.com\/avatar\/2e833cc9ab99e6bca46266d4ad9030d308346ff7ff0b6b955c29b74cafaf064b?s=96&d=mm&r=g","caption":"Marian Morosan"},"description":"Copiilor no\u015ftri li se preg\u0103te\u015fte, incon\u015ftient, o lume de joben ciuruit, din care niciodat\u0103 nu iese iepura\u015ful. Doar panglicile politicilor sociale roase de moliile cu \u015ftaif din ultimele decenii. Suntem oropsi\u0163i, suntem dispera\u0163i, manipula\u0163i p\u00e2n\u0103 acolo \u00eenc\u00e2t ne bucur\u0103m s\u0103 fim masa de manevr\u0103 a unora \u015fi s\u0103 sus\u0163inem c\u0103 a\u015fa e normal. Acum \u00eel \u00een\u0163eleg pe Cioran, dar \u00eel \u00een\u0163eleg mai bine \u015fi pe Preda. \u015ei m\u0103 g\u00e2ndesc iar, cu groaz\u0103, la copilul meu. Cel pu\u0163in eu nu \u00eemi doresc s\u0103 \u015ftiu c\u0103 micu\u0163ul meu va fi singur, cu sufletul descul\u0163, prin jungla mileniului III ! https:\/\/curierulsatelor.ro\/wp\/2019\/10\/16\/cu-sufletul-descult-prin-jungla-mileniului-iii-editorial\/","sameAs":["http:\/\/admin"],"url":"https:\/\/curierulsatelor.ro\/wp\/author\/admin\/"}]}},"_links":{"self":[{"href":"https:\/\/curierulsatelor.ro\/wp\/wp-json\/wp\/v2\/posts\/9590","targetHints":{"allow":["GET"]}}],"collection":[{"href":"https:\/\/curierulsatelor.ro\/wp\/wp-json\/wp\/v2\/posts"}],"about":[{"href":"https:\/\/curierulsatelor.ro\/wp\/wp-json\/wp\/v2\/types\/post"}],"author":[{"embeddable":true,"href":"https:\/\/curierulsatelor.ro\/wp\/wp-json\/wp\/v2\/users\/1"}],"replies":[{"embeddable":true,"href":"https:\/\/curierulsatelor.ro\/wp\/wp-json\/wp\/v2\/comments?post=9590"}],"version-history":[{"count":1,"href":"https:\/\/curierulsatelor.ro\/wp\/wp-json\/wp\/v2\/posts\/9590\/revisions"}],"predecessor-version":[{"id":9592,"href":"https:\/\/curierulsatelor.ro\/wp\/wp-json\/wp\/v2\/posts\/9590\/revisions\/9592"}],"wp:featuredmedia":[{"embeddable":true,"href":"https:\/\/curierulsatelor.ro\/wp\/wp-json\/wp\/v2\/media\/9591"}],"wp:attachment":[{"href":"https:\/\/curierulsatelor.ro\/wp\/wp-json\/wp\/v2\/media?parent=9590"}],"wp:term":[{"taxonomy":"category","embeddable":true,"href":"https:\/\/curierulsatelor.ro\/wp\/wp-json\/wp\/v2\/categories?post=9590"},{"taxonomy":"post_tag","embeddable":true,"href":"https:\/\/curierulsatelor.ro\/wp\/wp-json\/wp\/v2\/tags?post=9590"}],"curies":[{"name":"wp","href":"https:\/\/api.w.org\/{rel}","templated":true}]}}