{"id":9692,"date":"2023-02-16T10:58:29","date_gmt":"2023-02-16T08:58:29","guid":{"rendered":"https:\/\/curierulsatelor.ro\/wp\/?p=9692"},"modified":"2023-02-16T10:58:30","modified_gmt":"2023-02-16T08:58:30","slug":"zis-si-facut-politica-primarului-de-la-broscauti","status":"publish","type":"post","link":"https:\/\/curierulsatelor.ro\/wp\/2023\/02\/16\/zis-si-facut-politica-primarului-de-la-broscauti\/","title":{"rendered":"\u201dZis \u0219i f\u0103cut\u201d &#8211; politica primarului de la Brosc\u0103u\u021bi"},"content":{"rendered":"\n<p>\u00cen urm\u0103 cu circa patru luni, dup\u0103 un amplu filaj al activit\u0103\u021bii primarului din comuna Brosc\u0103u\u021bi, Boto\u0219ani, anun\u021bam c\u0103, printre altele, edilul \u0219i echipa sa au luat \u00een calcul o serie de investi\u021bii absolut necesare localnicilor. Pe atunci sunau a promisiuni, planuri incerte de viitor sau idei a\u0219ezate cu schepsis \u00een cuvinte pentru a impresiona. Acum, la doar 4 luni de la acel material ( Secretele unei prim\u0103rii supravegheat\u0103 2 luni de Columbo &#8211; <a href=\"https:\/\/curierulsatelor.ro\/wp\/2022\/11\/03\/secretele-unei-primarii-supravegheata-2-luni-de-columbo \">https:\/\/curierulsatelor.ro\/wp\/2022\/11\/03\/secretele-unei-primarii-supravegheata-2-luni-de-columbo <\/a>), se dovede\u0219te c\u0103 publica\u021bia Curierul Regional nu a gre\u0219it c\u00e2nd l-a creditat cu speran\u021b\u0103  \u0219i \u00eencredere pe edilul Costel Agheorghi\u021boaei. A\u0219a cum au f\u0103cut \u0219i locuitorii Brosc\u0103u\u021biului.  S-a adeverit c\u0103 politica primarului e cea neao\u0219\u0103, a str\u0103bunicilor no\u0219tri, adic\u0103 \u201dzis \u0219i f\u0103cut\u201d. <\/p>\n\n\n\n<figure class=\"wp-block-image alignright size-large is-resized\"><img fetchpriority=\"high\" decoding=\"async\" src=\"https:\/\/curierulsatelor.ro\/wp\/wp-content\/uploads\/2023\/02\/Agheorghitoaei-425x1024.jpg\" alt=\"\" class=\"wp-image-9693\" width=\"205\" height=\"494\" srcset=\"https:\/\/curierulsatelor.ro\/wp\/wp-content\/uploads\/2023\/02\/Agheorghitoaei-425x1024.jpg 425w, https:\/\/curierulsatelor.ro\/wp\/wp-content\/uploads\/2023\/02\/Agheorghitoaei-125x300.jpg 125w, https:\/\/curierulsatelor.ro\/wp\/wp-content\/uploads\/2023\/02\/Agheorghitoaei.jpg 443w\" sizes=\"(max-width: 205px) 100vw, 205px\" \/><\/figure>\n\n\n\n<p>Zilele acestea, primarul Agheorghi\u021boaei a semnat la Bucure\u0219ti un contract pentru modernizarea energetic\u0103 a \u0219colii din comun\u0103 \u0219i a depus spre finan\u021bare taman ce spunea c\u0103 vrea acum patru luni, construirea dispensarului uman \u0219i modernizarea drumurilor s\u0103te\u0219ti din dou\u0103 sate. Martori, giran\u021bi \u0219i proptele diplomatice i-au fost ministrul Marius Bud\u0103i, senatorul Lucian Trufin care i-a fost c\u0103l\u0103uz\u0103 la Compania Na\u021bional\u0103 de Investi\u021bii, dar \u0219i cei mai serio\u0219i deputa\u021bi ai PSD &#8211; Dan \u0218lincu \u0219i Alexandra Hu\u021bu. \u00cen aventura loby-ului pentru investi\u021biile din jude\u021bul Boto\u0219ani au mai fost prin\u0219i \u00eenc\u0103 doi primari din jude\u021b. Dar despre ei vom vorbi atunci c\u00e2nd vor \u00eenv\u0103\u021ba c\u0103 trebuie s\u0103 se promoveze \u00een primul r\u00e2nd ei \u0219i apoi s\u0103 a\u0219tepte osanale de la al\u021bii. Sau mai exact s\u0103 \u00eenve\u021be cum. Pentru c\u0103 nu orice poz\u0103 \u0219i cuvinte scrise st\u00e2ngaci pot avea efectul de cre\u0219tere a imagini, de comunicare eficient\u0103 sau atragere a simpatiei. <\/p>\n\n\n\n<p>\u201dDoresc s\u0103 mul\u021bumesc \u00eentregii echipe de parlamentari PSD Boto\u0219ani pentru sprijinul acordat \u00een implementarea proiectelor de dezvoltare a comunei Brosc\u0103u\u021bi. Am semnat contractul de finan\u021bare european\u0103 prin PNRR a proiectului &#8222;Eficientizarea energetic\u0103 a \u0219colii Dimitrie Pompeiu Brosc\u0103u\u021bi&#8221;. De asemenea, am depus la Compania Na\u021bional\u0103 de Investi\u021bii documenta\u021biile pentru proiectele &#8222;Construirea dispensarului uman \u00een comuna Brosc\u0103u\u021bi&#8221; \u0219i &#8222;Modernizare drumuri s\u0103te\u0219ti \u00een satele Brosc\u0103u\u021bi \u0219i Slobozia&#8221;, a precizat Costel Agheorghi\u021boaei, primarul comunei Brosc\u0103u\u021bi. <\/p>\n\n\n\n<figure class=\"wp-block-image size-large\"><img decoding=\"async\" width=\"721\" height=\"1024\" src=\"https:\/\/curierulsatelor.ro\/wp\/wp-content\/uploads\/2023\/02\/331511666_545678480873198_1777871165846094917_n-721x1024.jpg\" alt=\"\" class=\"wp-image-9694\" srcset=\"https:\/\/curierulsatelor.ro\/wp\/wp-content\/uploads\/2023\/02\/331511666_545678480873198_1777871165846094917_n-721x1024.jpg 721w, https:\/\/curierulsatelor.ro\/wp\/wp-content\/uploads\/2023\/02\/331511666_545678480873198_1777871165846094917_n-211x300.jpg 211w, https:\/\/curierulsatelor.ro\/wp\/wp-content\/uploads\/2023\/02\/331511666_545678480873198_1777871165846094917_n-768x1090.jpg 768w, https:\/\/curierulsatelor.ro\/wp\/wp-content\/uploads\/2023\/02\/331511666_545678480873198_1777871165846094917_n.jpg 1023w\" sizes=\"(max-width: 721px) 100vw, 721px\" \/><\/figure>\n","protected":false},"excerpt":{"rendered":"<p>\u00cen urm\u0103 cu circa patru luni, dup\u0103 un amplu filaj al activit\u0103\u021bii primarului din comuna&#8230;<\/p>\n","protected":false},"author":1,"featured_media":9695,"comment_status":"open","ping_status":"open","sticky":false,"template":"","format":"standard","meta":{"footnotes":""},"categories":[5,3,33],"tags":[],"class_list":["post-9692","post","type-post","status-publish","format-standard","has-post-thumbnail","hentry","category-administratie","category-lumea-satelor","category-topedil-stopedil"],"yoast_head":"<!-- This site is optimized with the Yoast SEO plugin v27.4 - https:\/\/yoast.com\/product\/yoast-seo-wordpress\/ -->\n<title>\u201dZis \u0219i f\u0103cut\u201d - politica primarului de la Brosc\u0103u\u021bi - Curierul Regional<\/title>\n<meta name=\"robots\" content=\"index, follow, max-snippet:-1, max-image-preview:large, max-video-preview:-1\" \/>\n<link rel=\"canonical\" href=\"https:\/\/curierulsatelor.ro\/wp\/2023\/02\/16\/zis-si-facut-politica-primarului-de-la-broscauti\/\" \/>\n<meta property=\"og:locale\" content=\"ro_RO\" \/>\n<meta property=\"og:type\" content=\"article\" \/>\n<meta property=\"og:title\" content=\"\u201dZis \u0219i f\u0103cut\u201d - politica primarului de la Brosc\u0103u\u021bi - Curierul Regional\" \/>\n<meta property=\"og:description\" content=\"\u00cen urm\u0103 cu circa patru luni, dup\u0103 un amplu filaj al activit\u0103\u021bii primarului din comuna...\" \/>\n<meta property=\"og:url\" content=\"https:\/\/curierulsatelor.ro\/wp\/2023\/02\/16\/zis-si-facut-politica-primarului-de-la-broscauti\/\" \/>\n<meta property=\"og:site_name\" content=\"Curierul Regional\" \/>\n<meta property=\"article:published_time\" content=\"2023-02-16T08:58:29+00:00\" \/>\n<meta property=\"article:modified_time\" content=\"2023-02-16T08:58:30+00:00\" \/>\n<meta property=\"og:image\" content=\"https:\/\/curierulsatelor.ro\/wp\/wp-content\/uploads\/2023\/02\/331618886_721596986290970_6924638653871703404_n.jpg\" \/>\n\t<meta property=\"og:image:width\" content=\"1298\" \/>\n\t<meta property=\"og:image:height\" content=\"640\" \/>\n\t<meta property=\"og:image:type\" content=\"image\/jpeg\" \/>\n<meta name=\"author\" content=\"Marian Morosan\" \/>\n<meta name=\"twitter:card\" content=\"summary_large_image\" \/>\n<meta name=\"twitter:label1\" content=\"Scris de\" \/>\n\t<meta name=\"twitter:data1\" content=\"Marian Morosan\" \/>\n\t<meta name=\"twitter:label2\" content=\"Timp estimat pentru citire\" \/>\n\t<meta name=\"twitter:data2\" content=\"2 minute\" \/>\n<script type=\"application\/ld+json\" class=\"yoast-schema-graph\">{\"@context\":\"https:\\\/\\\/schema.org\",\"@graph\":[{\"@type\":\"Article\",\"@id\":\"https:\\\/\\\/curierulsatelor.ro\\\/wp\\\/2023\\\/02\\\/16\\\/zis-si-facut-politica-primarului-de-la-broscauti\\\/#article\",\"isPartOf\":{\"@id\":\"https:\\\/\\\/curierulsatelor.ro\\\/wp\\\/2023\\\/02\\\/16\\\/zis-si-facut-politica-primarului-de-la-broscauti\\\/\"},\"author\":{\"name\":\"Marian Morosan\",\"@id\":\"https:\\\/\\\/curierulsatelor.ro\\\/wp\\\/#\\\/schema\\\/person\\\/6f6b28a030e15d619a82894773d6e7b9\"},\"headline\":\"\u201dZis \u0219i f\u0103cut\u201d &#8211; politica primarului de la Brosc\u0103u\u021bi\",\"datePublished\":\"2023-02-16T08:58:29+00:00\",\"dateModified\":\"2023-02-16T08:58:30+00:00\",\"mainEntityOfPage\":{\"@id\":\"https:\\\/\\\/curierulsatelor.ro\\\/wp\\\/2023\\\/02\\\/16\\\/zis-si-facut-politica-primarului-de-la-broscauti\\\/\"},\"wordCount\":415,\"commentCount\":0,\"publisher\":{\"@id\":\"https:\\\/\\\/curierulsatelor.ro\\\/wp\\\/#organization\"},\"image\":{\"@id\":\"https:\\\/\\\/curierulsatelor.ro\\\/wp\\\/2023\\\/02\\\/16\\\/zis-si-facut-politica-primarului-de-la-broscauti\\\/#primaryimage\"},\"thumbnailUrl\":\"https:\\\/\\\/curierulsatelor.ro\\\/wp\\\/wp-content\\\/uploads\\\/2023\\\/02\\\/331618886_721596986290970_6924638653871703404_n.jpg\",\"articleSection\":[\"Administratie\",\"Lumea satelor\",\"TopEdil\\\/StopEdil\"],\"inLanguage\":\"ro-RO\",\"potentialAction\":[{\"@type\":\"CommentAction\",\"name\":\"Comment\",\"target\":[\"https:\\\/\\\/curierulsatelor.ro\\\/wp\\\/2023\\\/02\\\/16\\\/zis-si-facut-politica-primarului-de-la-broscauti\\\/#respond\"]}]},{\"@type\":\"WebPage\",\"@id\":\"https:\\\/\\\/curierulsatelor.ro\\\/wp\\\/2023\\\/02\\\/16\\\/zis-si-facut-politica-primarului-de-la-broscauti\\\/\",\"url\":\"https:\\\/\\\/curierulsatelor.ro\\\/wp\\\/2023\\\/02\\\/16\\\/zis-si-facut-politica-primarului-de-la-broscauti\\\/\",\"name\":\"\u201dZis \u0219i f\u0103cut\u201d - politica primarului de la Brosc\u0103u\u021bi - Curierul Regional\",\"isPartOf\":{\"@id\":\"https:\\\/\\\/curierulsatelor.ro\\\/wp\\\/#website\"},\"primaryImageOfPage\":{\"@id\":\"https:\\\/\\\/curierulsatelor.ro\\\/wp\\\/2023\\\/02\\\/16\\\/zis-si-facut-politica-primarului-de-la-broscauti\\\/#primaryimage\"},\"image\":{\"@id\":\"https:\\\/\\\/curierulsatelor.ro\\\/wp\\\/2023\\\/02\\\/16\\\/zis-si-facut-politica-primarului-de-la-broscauti\\\/#primaryimage\"},\"thumbnailUrl\":\"https:\\\/\\\/curierulsatelor.ro\\\/wp\\\/wp-content\\\/uploads\\\/2023\\\/02\\\/331618886_721596986290970_6924638653871703404_n.jpg\",\"datePublished\":\"2023-02-16T08:58:29+00:00\",\"dateModified\":\"2023-02-16T08:58:30+00:00\",\"breadcrumb\":{\"@id\":\"https:\\\/\\\/curierulsatelor.ro\\\/wp\\\/2023\\\/02\\\/16\\\/zis-si-facut-politica-primarului-de-la-broscauti\\\/#breadcrumb\"},\"inLanguage\":\"ro-RO\",\"potentialAction\":[{\"@type\":\"ReadAction\",\"target\":[\"https:\\\/\\\/curierulsatelor.ro\\\/wp\\\/2023\\\/02\\\/16\\\/zis-si-facut-politica-primarului-de-la-broscauti\\\/\"]}]},{\"@type\":\"ImageObject\",\"inLanguage\":\"ro-RO\",\"@id\":\"https:\\\/\\\/curierulsatelor.ro\\\/wp\\\/2023\\\/02\\\/16\\\/zis-si-facut-politica-primarului-de-la-broscauti\\\/#primaryimage\",\"url\":\"https:\\\/\\\/curierulsatelor.ro\\\/wp\\\/wp-content\\\/uploads\\\/2023\\\/02\\\/331618886_721596986290970_6924638653871703404_n.jpg\",\"contentUrl\":\"https:\\\/\\\/curierulsatelor.ro\\\/wp\\\/wp-content\\\/uploads\\\/2023\\\/02\\\/331618886_721596986290970_6924638653871703404_n.jpg\",\"width\":1298,\"height\":640},{\"@type\":\"BreadcrumbList\",\"@id\":\"https:\\\/\\\/curierulsatelor.ro\\\/wp\\\/2023\\\/02\\\/16\\\/zis-si-facut-politica-primarului-de-la-broscauti\\\/#breadcrumb\",\"itemListElement\":[{\"@type\":\"ListItem\",\"position\":1,\"name\":\"Prima pagin\u0103\",\"item\":\"https:\\\/\\\/curierulsatelor.ro\\\/wp\\\/\"},{\"@type\":\"ListItem\",\"position\":2,\"name\":\"\u201dZis \u0219i f\u0103cut\u201d &#8211; politica primarului de la Brosc\u0103u\u021bi\"}]},{\"@type\":\"WebSite\",\"@id\":\"https:\\\/\\\/curierulsatelor.ro\\\/wp\\\/#website\",\"url\":\"https:\\\/\\\/curierulsatelor.ro\\\/wp\\\/\",\"name\":\"Curierul Regional\",\"description\":\"\",\"publisher\":{\"@id\":\"https:\\\/\\\/curierulsatelor.ro\\\/wp\\\/#organization\"},\"potentialAction\":[{\"@type\":\"SearchAction\",\"target\":{\"@type\":\"EntryPoint\",\"urlTemplate\":\"https:\\\/\\\/curierulsatelor.ro\\\/wp\\\/?s={search_term_string}\"},\"query-input\":{\"@type\":\"PropertyValueSpecification\",\"valueRequired\":true,\"valueName\":\"search_term_string\"}}],\"inLanguage\":\"ro-RO\"},{\"@type\":\"Organization\",\"@id\":\"https:\\\/\\\/curierulsatelor.ro\\\/wp\\\/#organization\",\"name\":\"Curierul Regional\",\"url\":\"https:\\\/\\\/curierulsatelor.ro\\\/wp\\\/\",\"logo\":{\"@type\":\"ImageObject\",\"inLanguage\":\"ro-RO\",\"@id\":\"https:\\\/\\\/curierulsatelor.ro\\\/wp\\\/#\\\/schema\\\/logo\\\/image\\\/\",\"url\":\"https:\\\/\\\/curierulsatelor.ro\\\/wp\\\/wp-content\\\/uploads\\\/2020\\\/01\\\/Curierul-Regional-si-Curierul-satelor-logo-header.png\",\"contentUrl\":\"https:\\\/\\\/curierulsatelor.ro\\\/wp\\\/wp-content\\\/uploads\\\/2020\\\/01\\\/Curierul-Regional-si-Curierul-satelor-logo-header.png\",\"width\":2943,\"height\":685,\"caption\":\"Curierul Regional\"},\"image\":{\"@id\":\"https:\\\/\\\/curierulsatelor.ro\\\/wp\\\/#\\\/schema\\\/logo\\\/image\\\/\"}},{\"@type\":\"Person\",\"@id\":\"https:\\\/\\\/curierulsatelor.ro\\\/wp\\\/#\\\/schema\\\/person\\\/6f6b28a030e15d619a82894773d6e7b9\",\"name\":\"Marian Morosan\",\"image\":{\"@type\":\"ImageObject\",\"inLanguage\":\"ro-RO\",\"@id\":\"https:\\\/\\\/secure.gravatar.com\\\/avatar\\\/2e833cc9ab99e6bca46266d4ad9030d308346ff7ff0b6b955c29b74cafaf064b?s=96&d=mm&r=g\",\"url\":\"https:\\\/\\\/secure.gravatar.com\\\/avatar\\\/2e833cc9ab99e6bca46266d4ad9030d308346ff7ff0b6b955c29b74cafaf064b?s=96&d=mm&r=g\",\"contentUrl\":\"https:\\\/\\\/secure.gravatar.com\\\/avatar\\\/2e833cc9ab99e6bca46266d4ad9030d308346ff7ff0b6b955c29b74cafaf064b?s=96&d=mm&r=g\",\"caption\":\"Marian Morosan\"},\"description\":\"Copiilor no\u015ftri li se preg\u0103te\u015fte, incon\u015ftient, o lume de joben ciuruit, din care niciodat\u0103 nu iese iepura\u015ful. Doar panglicile politicilor sociale roase de moliile cu \u015ftaif din ultimele decenii. Suntem oropsi\u0163i, suntem dispera\u0163i, manipula\u0163i p\u00e2n\u0103 acolo \u00eenc\u00e2t ne bucur\u0103m s\u0103 fim masa de manevr\u0103 a unora \u015fi s\u0103 sus\u0163inem c\u0103 a\u015fa e normal. Acum \u00eel \u00een\u0163eleg pe Cioran, dar \u00eel \u00een\u0163eleg mai bine \u015fi pe Preda. \u015ei m\u0103 g\u00e2ndesc iar, cu groaz\u0103, la copilul meu. Cel pu\u0163in eu nu \u00eemi doresc s\u0103 \u015ftiu c\u0103 micu\u0163ul meu va fi singur, cu sufletul descul\u0163, prin jungla mileniului III ! https:\\\/\\\/curierulsatelor.ro\\\/wp\\\/2019\\\/10\\\/16\\\/cu-sufletul-descult-prin-jungla-mileniului-iii-editorial\\\/\",\"sameAs\":[\"http:\\\/\\\/admin\"],\"url\":\"https:\\\/\\\/curierulsatelor.ro\\\/wp\\\/author\\\/admin\\\/\"}]}<\/script>\n<!-- \/ Yoast SEO plugin. -->","yoast_head_json":{"title":"\u201dZis \u0219i f\u0103cut\u201d - politica primarului de la Brosc\u0103u\u021bi - Curierul Regional","robots":{"index":"index","follow":"follow","max-snippet":"max-snippet:-1","max-image-preview":"max-image-preview:large","max-video-preview":"max-video-preview:-1"},"canonical":"https:\/\/curierulsatelor.ro\/wp\/2023\/02\/16\/zis-si-facut-politica-primarului-de-la-broscauti\/","og_locale":"ro_RO","og_type":"article","og_title":"\u201dZis \u0219i f\u0103cut\u201d - politica primarului de la Brosc\u0103u\u021bi - Curierul Regional","og_description":"\u00cen urm\u0103 cu circa patru luni, dup\u0103 un amplu filaj al activit\u0103\u021bii primarului din comuna...","og_url":"https:\/\/curierulsatelor.ro\/wp\/2023\/02\/16\/zis-si-facut-politica-primarului-de-la-broscauti\/","og_site_name":"Curierul Regional","article_published_time":"2023-02-16T08:58:29+00:00","article_modified_time":"2023-02-16T08:58:30+00:00","og_image":[{"width":1298,"height":640,"url":"https:\/\/curierulsatelor.ro\/wp\/wp-content\/uploads\/2023\/02\/331618886_721596986290970_6924638653871703404_n.jpg","type":"image\/jpeg"}],"author":"Marian Morosan","twitter_card":"summary_large_image","twitter_misc":{"Scris de":"Marian Morosan","Timp estimat pentru citire":"2 minute"},"schema":{"@context":"https:\/\/schema.org","@graph":[{"@type":"Article","@id":"https:\/\/curierulsatelor.ro\/wp\/2023\/02\/16\/zis-si-facut-politica-primarului-de-la-broscauti\/#article","isPartOf":{"@id":"https:\/\/curierulsatelor.ro\/wp\/2023\/02\/16\/zis-si-facut-politica-primarului-de-la-broscauti\/"},"author":{"name":"Marian Morosan","@id":"https:\/\/curierulsatelor.ro\/wp\/#\/schema\/person\/6f6b28a030e15d619a82894773d6e7b9"},"headline":"\u201dZis \u0219i f\u0103cut\u201d &#8211; politica primarului de la Brosc\u0103u\u021bi","datePublished":"2023-02-16T08:58:29+00:00","dateModified":"2023-02-16T08:58:30+00:00","mainEntityOfPage":{"@id":"https:\/\/curierulsatelor.ro\/wp\/2023\/02\/16\/zis-si-facut-politica-primarului-de-la-broscauti\/"},"wordCount":415,"commentCount":0,"publisher":{"@id":"https:\/\/curierulsatelor.ro\/wp\/#organization"},"image":{"@id":"https:\/\/curierulsatelor.ro\/wp\/2023\/02\/16\/zis-si-facut-politica-primarului-de-la-broscauti\/#primaryimage"},"thumbnailUrl":"https:\/\/curierulsatelor.ro\/wp\/wp-content\/uploads\/2023\/02\/331618886_721596986290970_6924638653871703404_n.jpg","articleSection":["Administratie","Lumea satelor","TopEdil\/StopEdil"],"inLanguage":"ro-RO","potentialAction":[{"@type":"CommentAction","name":"Comment","target":["https:\/\/curierulsatelor.ro\/wp\/2023\/02\/16\/zis-si-facut-politica-primarului-de-la-broscauti\/#respond"]}]},{"@type":"WebPage","@id":"https:\/\/curierulsatelor.ro\/wp\/2023\/02\/16\/zis-si-facut-politica-primarului-de-la-broscauti\/","url":"https:\/\/curierulsatelor.ro\/wp\/2023\/02\/16\/zis-si-facut-politica-primarului-de-la-broscauti\/","name":"\u201dZis \u0219i f\u0103cut\u201d - politica primarului de la Brosc\u0103u\u021bi - Curierul Regional","isPartOf":{"@id":"https:\/\/curierulsatelor.ro\/wp\/#website"},"primaryImageOfPage":{"@id":"https:\/\/curierulsatelor.ro\/wp\/2023\/02\/16\/zis-si-facut-politica-primarului-de-la-broscauti\/#primaryimage"},"image":{"@id":"https:\/\/curierulsatelor.ro\/wp\/2023\/02\/16\/zis-si-facut-politica-primarului-de-la-broscauti\/#primaryimage"},"thumbnailUrl":"https:\/\/curierulsatelor.ro\/wp\/wp-content\/uploads\/2023\/02\/331618886_721596986290970_6924638653871703404_n.jpg","datePublished":"2023-02-16T08:58:29+00:00","dateModified":"2023-02-16T08:58:30+00:00","breadcrumb":{"@id":"https:\/\/curierulsatelor.ro\/wp\/2023\/02\/16\/zis-si-facut-politica-primarului-de-la-broscauti\/#breadcrumb"},"inLanguage":"ro-RO","potentialAction":[{"@type":"ReadAction","target":["https:\/\/curierulsatelor.ro\/wp\/2023\/02\/16\/zis-si-facut-politica-primarului-de-la-broscauti\/"]}]},{"@type":"ImageObject","inLanguage":"ro-RO","@id":"https:\/\/curierulsatelor.ro\/wp\/2023\/02\/16\/zis-si-facut-politica-primarului-de-la-broscauti\/#primaryimage","url":"https:\/\/curierulsatelor.ro\/wp\/wp-content\/uploads\/2023\/02\/331618886_721596986290970_6924638653871703404_n.jpg","contentUrl":"https:\/\/curierulsatelor.ro\/wp\/wp-content\/uploads\/2023\/02\/331618886_721596986290970_6924638653871703404_n.jpg","width":1298,"height":640},{"@type":"BreadcrumbList","@id":"https:\/\/curierulsatelor.ro\/wp\/2023\/02\/16\/zis-si-facut-politica-primarului-de-la-broscauti\/#breadcrumb","itemListElement":[{"@type":"ListItem","position":1,"name":"Prima pagin\u0103","item":"https:\/\/curierulsatelor.ro\/wp\/"},{"@type":"ListItem","position":2,"name":"\u201dZis \u0219i f\u0103cut\u201d &#8211; politica primarului de la Brosc\u0103u\u021bi"}]},{"@type":"WebSite","@id":"https:\/\/curierulsatelor.ro\/wp\/#website","url":"https:\/\/curierulsatelor.ro\/wp\/","name":"Curierul Regional","description":"","publisher":{"@id":"https:\/\/curierulsatelor.ro\/wp\/#organization"},"potentialAction":[{"@type":"SearchAction","target":{"@type":"EntryPoint","urlTemplate":"https:\/\/curierulsatelor.ro\/wp\/?s={search_term_string}"},"query-input":{"@type":"PropertyValueSpecification","valueRequired":true,"valueName":"search_term_string"}}],"inLanguage":"ro-RO"},{"@type":"Organization","@id":"https:\/\/curierulsatelor.ro\/wp\/#organization","name":"Curierul Regional","url":"https:\/\/curierulsatelor.ro\/wp\/","logo":{"@type":"ImageObject","inLanguage":"ro-RO","@id":"https:\/\/curierulsatelor.ro\/wp\/#\/schema\/logo\/image\/","url":"https:\/\/curierulsatelor.ro\/wp\/wp-content\/uploads\/2020\/01\/Curierul-Regional-si-Curierul-satelor-logo-header.png","contentUrl":"https:\/\/curierulsatelor.ro\/wp\/wp-content\/uploads\/2020\/01\/Curierul-Regional-si-Curierul-satelor-logo-header.png","width":2943,"height":685,"caption":"Curierul Regional"},"image":{"@id":"https:\/\/curierulsatelor.ro\/wp\/#\/schema\/logo\/image\/"}},{"@type":"Person","@id":"https:\/\/curierulsatelor.ro\/wp\/#\/schema\/person\/6f6b28a030e15d619a82894773d6e7b9","name":"Marian Morosan","image":{"@type":"ImageObject","inLanguage":"ro-RO","@id":"https:\/\/secure.gravatar.com\/avatar\/2e833cc9ab99e6bca46266d4ad9030d308346ff7ff0b6b955c29b74cafaf064b?s=96&d=mm&r=g","url":"https:\/\/secure.gravatar.com\/avatar\/2e833cc9ab99e6bca46266d4ad9030d308346ff7ff0b6b955c29b74cafaf064b?s=96&d=mm&r=g","contentUrl":"https:\/\/secure.gravatar.com\/avatar\/2e833cc9ab99e6bca46266d4ad9030d308346ff7ff0b6b955c29b74cafaf064b?s=96&d=mm&r=g","caption":"Marian Morosan"},"description":"Copiilor no\u015ftri li se preg\u0103te\u015fte, incon\u015ftient, o lume de joben ciuruit, din care niciodat\u0103 nu iese iepura\u015ful. Doar panglicile politicilor sociale roase de moliile cu \u015ftaif din ultimele decenii. Suntem oropsi\u0163i, suntem dispera\u0163i, manipula\u0163i p\u00e2n\u0103 acolo \u00eenc\u00e2t ne bucur\u0103m s\u0103 fim masa de manevr\u0103 a unora \u015fi s\u0103 sus\u0163inem c\u0103 a\u015fa e normal. Acum \u00eel \u00een\u0163eleg pe Cioran, dar \u00eel \u00een\u0163eleg mai bine \u015fi pe Preda. \u015ei m\u0103 g\u00e2ndesc iar, cu groaz\u0103, la copilul meu. Cel pu\u0163in eu nu \u00eemi doresc s\u0103 \u015ftiu c\u0103 micu\u0163ul meu va fi singur, cu sufletul descul\u0163, prin jungla mileniului III ! https:\/\/curierulsatelor.ro\/wp\/2019\/10\/16\/cu-sufletul-descult-prin-jungla-mileniului-iii-editorial\/","sameAs":["http:\/\/admin"],"url":"https:\/\/curierulsatelor.ro\/wp\/author\/admin\/"}]}},"_links":{"self":[{"href":"https:\/\/curierulsatelor.ro\/wp\/wp-json\/wp\/v2\/posts\/9692","targetHints":{"allow":["GET"]}}],"collection":[{"href":"https:\/\/curierulsatelor.ro\/wp\/wp-json\/wp\/v2\/posts"}],"about":[{"href":"https:\/\/curierulsatelor.ro\/wp\/wp-json\/wp\/v2\/types\/post"}],"author":[{"embeddable":true,"href":"https:\/\/curierulsatelor.ro\/wp\/wp-json\/wp\/v2\/users\/1"}],"replies":[{"embeddable":true,"href":"https:\/\/curierulsatelor.ro\/wp\/wp-json\/wp\/v2\/comments?post=9692"}],"version-history":[{"count":1,"href":"https:\/\/curierulsatelor.ro\/wp\/wp-json\/wp\/v2\/posts\/9692\/revisions"}],"predecessor-version":[{"id":9696,"href":"https:\/\/curierulsatelor.ro\/wp\/wp-json\/wp\/v2\/posts\/9692\/revisions\/9696"}],"wp:featuredmedia":[{"embeddable":true,"href":"https:\/\/curierulsatelor.ro\/wp\/wp-json\/wp\/v2\/media\/9695"}],"wp:attachment":[{"href":"https:\/\/curierulsatelor.ro\/wp\/wp-json\/wp\/v2\/media?parent=9692"}],"wp:term":[{"taxonomy":"category","embeddable":true,"href":"https:\/\/curierulsatelor.ro\/wp\/wp-json\/wp\/v2\/categories?post=9692"},{"taxonomy":"post_tag","embeddable":true,"href":"https:\/\/curierulsatelor.ro\/wp\/wp-json\/wp\/v2\/tags?post=9692"}],"curies":[{"name":"wp","href":"https:\/\/api.w.org\/{rel}","templated":true}]}}